{"id":1135,"date":"2016-05-09T22:33:34","date_gmt":"2016-05-09T20:33:34","guid":{"rendered":"http:\/\/elcabilo.com\/larxiu\/?p=1135"},"modified":"2016-05-09T22:33:34","modified_gmt":"2016-05-09T20:33:34","slug":"lhospital-de-sella","status":"publish","type":"post","link":"https:\/\/elcabilo.com\/larxiu\/2016\/05\/09\/lhospital-de-sella\/","title":{"rendered":"L&#8217;hospital de Sella"},"content":{"rendered":"<p style=\"text-align: justify;\">Els hospitals de benefic\u00e8ncia, tamb\u00e9 coneguts com a\u00a0<em>hospital dels pobres<\/em>, eren establiments p\u00fablics on s&#8217;acollia a persones necessitades. Persones que podien anar des de xiquets orfes o vells inv\u00e0lids fins a families senceres, tan pobres que ni tan sols tenien possibilitat de llogar una casa.<\/p>\n<p style=\"text-align: justify;\">L&#8217;hospital m\u00e9s antic que tenim documentat a Sella es trobava al carrer Trinquet (una part de la coneguda com a <em>Casa de la Carinya<\/em>), per\u00f2 el m\u00e9s conegut, actiu almenys fins a la d\u00e8cada de 1950, fou el localitzat a la Pla\u00e7a Major, on actualment es troba l&#8217;Ajuntament.<\/p>\n<figure id=\"attachment_1141\" aria-describedby=\"caption-attachment-1141\" style=\"width: 600px\" class=\"wp-caption aligncenter\"><a href=\"https:\/\/elcabilo.com\/larxiu\/files\/2016\/05\/ca84.jpg\"><img loading=\"lazy\" decoding=\"async\" class=\"wp-image-1141\" src=\"https:\/\/elcabilo.com\/larxiu\/files\/2016\/05\/ca84.jpg\" alt=\"ca84\" width=\"600\" height=\"769\" srcset=\"https:\/\/elcabilo.com\/larxiu\/files\/2016\/05\/ca84.jpg 762w, https:\/\/elcabilo.com\/larxiu\/files\/2016\/05\/ca84-234x300.jpg 234w\" sizes=\"auto, (max-width: 600px) 100vw, 600px\" \/><\/a><figcaption id=\"caption-attachment-1141\" class=\"wp-caption-text\">Edifici de l&#8217;Hospital (a la dreta) a mitjans dels anys 80, amb el cartell de la cooperativa que posteriorment va ocupar la casa.<\/figcaption><\/figure>\n<p style=\"text-align: justify;\">L&#8217;edifici fou donat, a mitjans del segle XIX, per Santiago Llorca, ric hisendat i jutge de pau de Sella, que va manar fer construir el pante\u00f3 central del cementeri actual. Es conta que Llorca, enemic de la fam\u00edlia dels <em>Canonges<\/em> (propietaris de l&#8217;edifici que hui acull el Bar Paco), va convertir aquesta casa en Hospital per tal que els seus contrincants tingueren cada dia la mis\u00e8ria davant de la porta.<\/p>\n<p style=\"text-align: justify;\">Siga com siga, molts dels nostres majors encara recorden a alguns dels \u00faltims inquilins de l&#8217;Hospital, en la dura postguerra: el Pintoret, Santiaga i Rafel El Manco (mutilat en la Guerra Civil) \u00a0amb les seues xiquetes, Elies el fuster, Carmen Navarro &#8230;<\/p>\n<figure id=\"attachment_1145\" aria-describedby=\"caption-attachment-1145\" style=\"width: 731px\" class=\"wp-caption aligncenter\"><a href=\"https:\/\/elcabilo.com\/larxiu\/files\/2016\/05\/dinar.jpg\"><img loading=\"lazy\" decoding=\"async\" class=\"wp-image-1145\" src=\"https:\/\/elcabilo.com\/larxiu\/files\/2016\/05\/dinar.jpg\" alt=\"Autoritats, majorals i acollits de l'Hospital en les Festes de 1949. L'alcalde era Pere Seva i la cuinera la tia B\u00e0rbara Centella.\" width=\"731\" height=\"441\" srcset=\"https:\/\/elcabilo.com\/larxiu\/files\/2016\/05\/dinar.jpg 751w, https:\/\/elcabilo.com\/larxiu\/files\/2016\/05\/dinar-300x181.jpg 300w\" sizes=\"auto, (max-width: 731px) 100vw, 731px\" \/><\/a><figcaption id=\"caption-attachment-1145\" class=\"wp-caption-text\">Autoritats, majorals i acollits de l&#8217;Hospital en les Festes de 1949. L&#8217;alcalde era Pere Seva i la cuinera la tia B\u00e0rbara Centella.<\/figcaption><\/figure>\n<p style=\"text-align: justify;\">Tamb\u00e9 es recorda molt la convidada de Paella que es feia en Festes de l&#8217;Aurora. Era un acte m\u00e9s de la Festa organitzar una mena de dinar solidari per als pobres de Sella. La cuinera m\u00e9s recordada era la <em>tia<\/em> B\u00e0rbara Centella. Era llogada per a l&#8217;ocasi\u00f3 i la seua paella resultava tot un esdeveniment, sent inaugurada per l&#8217;alcalde.<\/p>\n<figure id=\"attachment_1142\" aria-describedby=\"caption-attachment-1142\" style=\"width: 700px\" class=\"wp-caption aligncenter\"><a href=\"https:\/\/elcabilo.com\/larxiu\/files\/2016\/05\/programes.jpg\"><img loading=\"lazy\" decoding=\"async\" class=\"wp-image-1142\" src=\"https:\/\/elcabilo.com\/larxiu\/files\/2016\/05\/programes.jpg\" alt=\"programes\" width=\"700\" height=\"426\" srcset=\"https:\/\/elcabilo.com\/larxiu\/files\/2016\/05\/programes.jpg 934w, https:\/\/elcabilo.com\/larxiu\/files\/2016\/05\/programes-300x183.jpg 300w, https:\/\/elcabilo.com\/larxiu\/files\/2016\/05\/programes-768x468.jpg 768w\" sizes=\"auto, (max-width: 700px) 100vw, 700px\" \/><\/a><figcaption id=\"caption-attachment-1142\" class=\"wp-caption-text\">Programes de festes de 1942 (dalt), amb iniciativa de la Secci\u00f3 Femenina, i de 1947 (baix), amb un programa \u00abm\u00e9s relaxat\u00bb en les formes i l&#8217;estil.<\/figcaption><\/figure>\n<p>&nbsp;<\/p>\n<p>Teresa Sebasti\u00e0, en el Llibret de Festes de 1994 (1) ens ho contava aix\u00ed:<\/p>\n<blockquote>\n<p style=\"text-align: justify;\">Ja junts, l&#8217;alcalde i B\u00e0rbara, procedia la il\u00b7lustre cuinera a tastar-la amb cullera de plata, i oferia a l&#8217;alcalde tan bon mos. Es formava el silenci i B\u00e0rbara agafava els daurats grans d&#8217;arr\u00f2s i amb veu ferma i segura oferia a l&#8217;alcalde amb aquestes paraules: \u00abprove vost\u00e9, senyor alcalde\u00bb. L&#8217;alcalde testava l&#8217;arr\u00f2s amb parsim\u00f2nia i se l&#8217;engolia amb avidesa de tan b\u00f2 com estava, ja que a eixa hora de les tres, despr\u00e9s d&#8217;un mat\u00ed de ball, vermuts, absenta i paloma, la millor cosa per al paladar \u00e9s un plat de paella.<\/p>\n<p style=\"text-align: justify;\">Ja en disposici\u00f3 de parlar, l&#8217;alcalde exclamava \u00abBona, bona est\u00e0\u00bb i la gent aplaudia; la xeremita tocava, i B\u00e0rbara somreia satisfeta i orgullosa de la seua bona cuina<\/p>\n<\/blockquote>\n<figure id=\"attachment_1143\" aria-describedby=\"caption-attachment-1143\" style=\"width: 474px\" class=\"wp-caption aligncenter\"><a href=\"https:\/\/elcabilo.com\/larxiu\/files\/2016\/05\/2-oct-1949_.jpg\"><img loading=\"lazy\" decoding=\"async\" class=\"size-full wp-image-1143\" src=\"https:\/\/elcabilo.com\/larxiu\/files\/2016\/05\/2-oct-1949_.jpg\" alt=\"2\u00a0d'octubre de 1949, l'alcalde Pere Seva tastant la paella davant l'atenta mirada de B\u00e0rbara Centella...\" width=\"474\" height=\"671\" srcset=\"https:\/\/elcabilo.com\/larxiu\/files\/2016\/05\/2-oct-1949_.jpg 474w, https:\/\/elcabilo.com\/larxiu\/files\/2016\/05\/2-oct-1949_-212x300.jpg 212w\" sizes=\"auto, (max-width: 474px) 100vw, 474px\" \/><\/a><figcaption id=\"caption-attachment-1143\" class=\"wp-caption-text\">Dos d&#8217;octubre de 1949: l&#8217;alcalde, Pere Seva, tasta la paella davant l&#8217;atenta mirada de B\u00e0rbara Centella&#8230;<\/figcaption><\/figure>\n<p style=\"text-align: justify;\">Anys despr\u00e9s l&#8217;Hospital va tancar i la casa va acollir el magatzem i oficines de la <em>Hermandad de Labradores y Ganaderos<\/em>. Als anys 80, tancada la cooperativa, l&#8217;edifici amena\u00e7ava ru\u00efna i va ser demolit, instalant al solar un parc infantil que va fer les delicies de molts xiquest durant anys. Alli quedaven finestres i restes de parets del que va ser la llar de moltes fam\u00edlies pobres.<\/p>\n<p style=\"text-align: justify;\">A mitjans de 1995 es va construir l&#8217;actual Ajuntament&#8230; i res no queda ja de l&#8217;Hospital de Sella m\u00e9s que els records i documents que anem recollint per a l&#8217;Arxiu. Ens ajudes?<\/p>\n<figure id=\"attachment_1144\" aria-describedby=\"caption-attachment-1144\" style=\"width: 638px\" class=\"wp-caption aligncenter\"><a href=\"https:\/\/elcabilo.com\/larxiu\/files\/2016\/05\/parque90.jpg\"><img loading=\"lazy\" decoding=\"async\" class=\"size-full wp-image-1144\" src=\"https:\/\/elcabilo.com\/larxiu\/files\/2016\/05\/parque90.jpg\" alt=\"Encara que amb mala qualitat, a la imatge s'aprecia una part del parc que es va fer al solar de l'Hospital (estem buscant imatges d'aquest parc)\" width=\"638\" height=\"475\" srcset=\"https:\/\/elcabilo.com\/larxiu\/files\/2016\/05\/parque90.jpg 638w, https:\/\/elcabilo.com\/larxiu\/files\/2016\/05\/parque90-300x223.jpg 300w\" sizes=\"auto, (max-width: 638px) 100vw, 638px\" \/><\/a><figcaption id=\"caption-attachment-1144\" class=\"wp-caption-text\">Encara que amb mala qualitat, a la imatge s&#8217;aprecia una part del parc que es va fer al solar de l&#8217;Hospital (estem buscant imatges d&#8217;aquest parc)<\/figcaption><\/figure>\n<p>&nbsp;<\/p>\n<p style=\"text-align: right;\">Pablo Gim\u00e9nez Font<\/p>\n<blockquote><p>(1) Sebasti\u00e0, T. (1994): \u00abEn el record. Na B\u00e0rbara Centella\u00bb en <em>Sella en Festes<\/em>, 1994, s.p.<\/p>\n<p>(2) Sobre Santiago Llorca podeu consultar v\u00e0ries entrades en el blog de l&#8217;Arxiu de Sella<\/p><\/blockquote>\n","protected":false},"excerpt":{"rendered":"<p>Els hospitals de benefic\u00e8ncia, tamb\u00e9 coneguts com a\u00a0hospital dels pobres, eren establiments p\u00fablics on s&#8217;acollia a persones necessitades. Persones que<\/p>\n","protected":false},"author":218,"featured_media":1143,"comment_status":"open","ping_status":"open","sticky":false,"template":"","format":"standard","meta":{"_exactmetrics_skip_tracking":false,"footnotes":""},"categories":[1],"tags":[],"class_list":["post-1135","post","type-post","status-publish","format-standard","has-post-thumbnail","hentry","category-sin-categoria"],"aioseo_notices":[],"aioseo_head":"\n\t\t<!-- All in One SEO 5.0.1 - aioseo.com -->\n\t<meta name=\"description\" content=\"Els hospitals de benefic\u00e8ncia, tamb\u00e9 coneguts com a hospital dels pobres, eren establiments p\u00fablics on s&#039;acollia a persones necessitades. Persones que podien anar des de xiquets orfes o vells inv\u00e0lids fins a families senceres, tan pobres que ni tan sols tenien possibilitat de llogar una casa. L&#039;hospital m\u00e9s antic que tenim documentat a Sella es trobava\" \/>\n\t<meta name=\"robots\" content=\"max-image-preview:large\" \/>\n\t<meta name=\"author\" content=\"arxiver\"\/>\n\t<link rel=\"canonical\" href=\"https:\/\/elcabilo.com\/larxiu\/2016\/05\/09\/lhospital-de-sella\/\" \/>\n\t<meta name=\"generator\" content=\"All in One SEO (AIOSEO) 5.0.1\" \/>\n\t\t<meta property=\"og:locale\" content=\"ca_ES\" \/>\n\t\t<meta property=\"og:site_name\" content=\"L&#039;ARXIU DE SELLA - Un espai per al patrimoni hist\u00f2ric i cultural de Sella i voltants\" \/>\n\t\t<meta property=\"og:type\" content=\"article\" \/>\n\t\t<meta property=\"og:title\" content=\"L\u2019hospital de Sella - L&#039;ARXIU DE SELLA\" \/>\n\t\t<meta property=\"og:description\" content=\"Els hospitals de benefic\u00e8ncia, tamb\u00e9 coneguts com a hospital dels pobres, eren establiments p\u00fablics on s&#039;acollia a persones necessitades. Persones que podien anar des de xiquets orfes o vells inv\u00e0lids fins a families senceres, tan pobres que ni tan sols tenien possibilitat de llogar una casa. L&#039;hospital m\u00e9s antic que tenim documentat a Sella es trobava\" \/>\n\t\t<meta property=\"og:url\" content=\"https:\/\/elcabilo.com\/larxiu\/2016\/05\/09\/lhospital-de-sella\/\" \/>\n\t\t<meta property=\"article:published_time\" content=\"2016-05-09T20:33:34+00:00\" \/>\n\t\t<meta property=\"article:modified_time\" content=\"2016-05-09T20:33:34+00:00\" \/>\n\t\t<meta name=\"twitter:card\" content=\"summary_large_image\" \/>\n\t\t<meta name=\"twitter:title\" content=\"L\u2019hospital de Sella - L&#039;ARXIU DE SELLA\" \/>\n\t\t<meta name=\"twitter:description\" content=\"Els hospitals de benefic\u00e8ncia, tamb\u00e9 coneguts com a hospital dels pobres, eren establiments p\u00fablics on s&#039;acollia a persones necessitades. Persones que podien anar des de xiquets orfes o vells inv\u00e0lids fins a families senceres, tan pobres que ni tan sols tenien possibilitat de llogar una casa. L&#039;hospital m\u00e9s antic que tenim documentat a Sella es trobava\" \/>\n\t\t<script type=\"application\/ld+json\" class=\"aioseo-schema\">\n\t\t\t{\"@context\":\"https:\\\/\\\/schema.org\",\"@graph\":[{\"@type\":\"BlogPosting\",\"@id\":\"https:\\\/\\\/elcabilo.com\\\/larxiu\\\/2016\\\/05\\\/09\\\/lhospital-de-sella\\\/#blogposting\",\"name\":\"L\\u2019hospital de Sella - L'ARXIU DE SELLA\",\"headline\":\"L&#8217;hospital de Sella\",\"author\":{\"@id\":\"https:\\\/\\\/elcabilo.com\\\/larxiu\\\/author\\\/arxiver\\\/#author\"},\"publisher\":{\"@id\":\"https:\\\/\\\/elcabilo.com\\\/larxiu\\\/#organization\"},\"image\":{\"@type\":\"ImageObject\",\"url\":\"https:\\\/\\\/elcabilo.com\\\/larxiu\\\/files\\\/2016\\\/05\\\/2-oct-1949_.jpg\",\"width\":474,\"height\":671,\"caption\":\"2\\u00a0d'octubre de 1949, l'alcalde Pere Seva tastant la paella davant l'atenta mirada de B\\u00e0rbara Centella...\"},\"datePublished\":\"2016-05-09T22:33:34+02:00\",\"dateModified\":\"2016-05-09T22:33:34+02:00\",\"inLanguage\":\"ca\",\"commentCount\":26,\"mainEntityOfPage\":{\"@id\":\"https:\\\/\\\/elcabilo.com\\\/larxiu\\\/2016\\\/05\\\/09\\\/lhospital-de-sella\\\/#webpage\"},\"isPartOf\":{\"@id\":\"https:\\\/\\\/elcabilo.com\\\/larxiu\\\/2016\\\/05\\\/09\\\/lhospital-de-sella\\\/#webpage\"},\"articleSection\":\"Arxivador\"},{\"@type\":\"BreadcrumbList\",\"@id\":\"https:\\\/\\\/elcabilo.com\\\/larxiu\\\/2016\\\/05\\\/09\\\/lhospital-de-sella\\\/#breadcrumblist\",\"itemListElement\":[{\"@type\":\"ListItem\",\"@id\":\"https:\\\/\\\/elcabilo.com\\\/larxiu#listItem\",\"position\":1,\"name\":\"Home\",\"item\":\"https:\\\/\\\/elcabilo.com\\\/larxiu\",\"nextItem\":{\"@type\":\"ListItem\",\"@id\":\"https:\\\/\\\/elcabilo.com\\\/larxiu\\\/category\\\/sin-categoria\\\/#listItem\",\"name\":\"Arxivador\"}},{\"@type\":\"ListItem\",\"@id\":\"https:\\\/\\\/elcabilo.com\\\/larxiu\\\/category\\\/sin-categoria\\\/#listItem\",\"position\":2,\"name\":\"Arxivador\",\"item\":\"https:\\\/\\\/elcabilo.com\\\/larxiu\\\/category\\\/sin-categoria\\\/\",\"nextItem\":{\"@type\":\"ListItem\",\"@id\":\"https:\\\/\\\/elcabilo.com\\\/larxiu\\\/2016\\\/05\\\/09\\\/lhospital-de-sella\\\/#listItem\",\"name\":\"L&#8217;hospital de Sella\"},\"previousItem\":{\"@type\":\"ListItem\",\"@id\":\"https:\\\/\\\/elcabilo.com\\\/larxiu#listItem\",\"name\":\"Home\"}},{\"@type\":\"ListItem\",\"@id\":\"https:\\\/\\\/elcabilo.com\\\/larxiu\\\/2016\\\/05\\\/09\\\/lhospital-de-sella\\\/#listItem\",\"position\":3,\"name\":\"L&#8217;hospital de Sella\",\"previousItem\":{\"@type\":\"ListItem\",\"@id\":\"https:\\\/\\\/elcabilo.com\\\/larxiu\\\/category\\\/sin-categoria\\\/#listItem\",\"name\":\"Arxivador\"}}]},{\"@type\":\"Organization\",\"@id\":\"https:\\\/\\\/elcabilo.com\\\/larxiu\\\/#organization\",\"name\":\"L'ARXIU DE SELLA\",\"description\":\"Un espai per al patrimoni hist\\u00f2ric i cultural de Sella i voltants\",\"url\":\"https:\\\/\\\/elcabilo.com\\\/larxiu\\\/\"},{\"@type\":\"Person\",\"@id\":\"https:\\\/\\\/elcabilo.com\\\/larxiu\\\/author\\\/arxiver\\\/#author\",\"url\":\"https:\\\/\\\/elcabilo.com\\\/larxiu\\\/author\\\/arxiver\\\/\",\"name\":\"arxiver\",\"image\":{\"@type\":\"ImageObject\",\"@id\":\"https:\\\/\\\/elcabilo.com\\\/larxiu\\\/2016\\\/05\\\/09\\\/lhospital-de-sella\\\/#authorImage\",\"url\":\"https:\\\/\\\/secure.gravatar.com\\\/avatar\\\/bea4e471bc43b69abcb2c642b49b0ad1762efdd7bf98fd6419eb2f406c4849df?s=96&d=mm&r=g\",\"width\":96,\"height\":96,\"caption\":\"arxiver\"}},{\"@type\":\"WebPage\",\"@id\":\"https:\\\/\\\/elcabilo.com\\\/larxiu\\\/2016\\\/05\\\/09\\\/lhospital-de-sella\\\/#webpage\",\"url\":\"https:\\\/\\\/elcabilo.com\\\/larxiu\\\/2016\\\/05\\\/09\\\/lhospital-de-sella\\\/\",\"name\":\"L\\u2019hospital de Sella - L'ARXIU DE SELLA\",\"description\":\"Els hospitals de benefic\\u00e8ncia, tamb\\u00e9 coneguts com a hospital dels pobres, eren establiments p\\u00fablics on s'acollia a persones necessitades. Persones que podien anar des de xiquets orfes o vells inv\\u00e0lids fins a families senceres, tan pobres que ni tan sols tenien possibilitat de llogar una casa. L'hospital m\\u00e9s antic que tenim documentat a Sella es trobava\",\"inLanguage\":\"ca\",\"isPartOf\":{\"@id\":\"https:\\\/\\\/elcabilo.com\\\/larxiu\\\/#website\"},\"breadcrumb\":{\"@id\":\"https:\\\/\\\/elcabilo.com\\\/larxiu\\\/2016\\\/05\\\/09\\\/lhospital-de-sella\\\/#breadcrumblist\"},\"author\":{\"@id\":\"https:\\\/\\\/elcabilo.com\\\/larxiu\\\/author\\\/arxiver\\\/#author\"},\"creator\":{\"@id\":\"https:\\\/\\\/elcabilo.com\\\/larxiu\\\/author\\\/arxiver\\\/#author\"},\"image\":{\"@type\":\"ImageObject\",\"url\":\"https:\\\/\\\/elcabilo.com\\\/larxiu\\\/files\\\/2016\\\/05\\\/2-oct-1949_.jpg\",\"@id\":\"https:\\\/\\\/elcabilo.com\\\/larxiu\\\/2016\\\/05\\\/09\\\/lhospital-de-sella\\\/#mainImage\",\"width\":474,\"height\":671,\"caption\":\"2\\u00a0d'octubre de 1949, l'alcalde Pere Seva tastant la paella davant l'atenta mirada de B\\u00e0rbara Centella...\"},\"primaryImageOfPage\":{\"@id\":\"https:\\\/\\\/elcabilo.com\\\/larxiu\\\/2016\\\/05\\\/09\\\/lhospital-de-sella\\\/#mainImage\"},\"datePublished\":\"2016-05-09T22:33:34+02:00\",\"dateModified\":\"2016-05-09T22:33:34+02:00\"},{\"@type\":\"WebSite\",\"@id\":\"https:\\\/\\\/elcabilo.com\\\/larxiu\\\/#website\",\"url\":\"https:\\\/\\\/elcabilo.com\\\/larxiu\\\/\",\"name\":\"L'ARXIU DE SELLA\",\"description\":\"Un espai per al patrimoni hist\\u00f2ric i cultural de Sella i voltants\",\"inLanguage\":\"ca\",\"publisher\":{\"@id\":\"https:\\\/\\\/elcabilo.com\\\/larxiu\\\/#organization\"}}]}\n\t\t<\/script>\n\t\t<!-- All in One SEO -->\n\n","aioseo_head_json":{"title":"L\u2019hospital de Sella - L'ARXIU DE SELLA","description":"Els hospitals de benefic\u00e8ncia, tamb\u00e9 coneguts com a hospital dels pobres, eren establiments p\u00fablics on s'acollia a persones necessitades. Persones que podien anar des de xiquets orfes o vells inv\u00e0lids fins a families senceres, tan pobres que ni tan sols tenien possibilitat de llogar una casa. L'hospital m\u00e9s antic que tenim documentat a Sella es trobava","canonical_url":"https:\/\/elcabilo.com\/larxiu\/2016\/05\/09\/lhospital-de-sella\/","robots":"max-image-preview:large","keywords":"","webmasterTools":{"miscellaneous":""},"schema":{"@context":"https:\/\/schema.org","@graph":[{"@type":"BlogPosting","@id":"https:\/\/elcabilo.com\/larxiu\/2016\/05\/09\/lhospital-de-sella\/#blogposting","name":"L\u2019hospital de Sella - L'ARXIU DE SELLA","headline":"L&#8217;hospital de Sella","author":{"@id":"https:\/\/elcabilo.com\/larxiu\/author\/arxiver\/#author"},"publisher":{"@id":"https:\/\/elcabilo.com\/larxiu\/#organization"},"image":{"@type":"ImageObject","url":"https:\/\/elcabilo.com\/larxiu\/files\/2016\/05\/2-oct-1949_.jpg","width":474,"height":671,"caption":"2\u00a0d'octubre de 1949, l'alcalde Pere Seva tastant la paella davant l'atenta mirada de B\u00e0rbara Centella..."},"datePublished":"2016-05-09T22:33:34+02:00","dateModified":"2016-05-09T22:33:34+02:00","inLanguage":"ca","commentCount":26,"mainEntityOfPage":{"@id":"https:\/\/elcabilo.com\/larxiu\/2016\/05\/09\/lhospital-de-sella\/#webpage"},"isPartOf":{"@id":"https:\/\/elcabilo.com\/larxiu\/2016\/05\/09\/lhospital-de-sella\/#webpage"},"articleSection":"Arxivador"},{"@type":"BreadcrumbList","@id":"https:\/\/elcabilo.com\/larxiu\/2016\/05\/09\/lhospital-de-sella\/#breadcrumblist","itemListElement":[{"@type":"ListItem","@id":"https:\/\/elcabilo.com\/larxiu#listItem","position":1,"name":"Home","item":"https:\/\/elcabilo.com\/larxiu","nextItem":{"@type":"ListItem","@id":"https:\/\/elcabilo.com\/larxiu\/category\/sin-categoria\/#listItem","name":"Arxivador"}},{"@type":"ListItem","@id":"https:\/\/elcabilo.com\/larxiu\/category\/sin-categoria\/#listItem","position":2,"name":"Arxivador","item":"https:\/\/elcabilo.com\/larxiu\/category\/sin-categoria\/","nextItem":{"@type":"ListItem","@id":"https:\/\/elcabilo.com\/larxiu\/2016\/05\/09\/lhospital-de-sella\/#listItem","name":"L&#8217;hospital de Sella"},"previousItem":{"@type":"ListItem","@id":"https:\/\/elcabilo.com\/larxiu#listItem","name":"Home"}},{"@type":"ListItem","@id":"https:\/\/elcabilo.com\/larxiu\/2016\/05\/09\/lhospital-de-sella\/#listItem","position":3,"name":"L&#8217;hospital de Sella","previousItem":{"@type":"ListItem","@id":"https:\/\/elcabilo.com\/larxiu\/category\/sin-categoria\/#listItem","name":"Arxivador"}}]},{"@type":"Organization","@id":"https:\/\/elcabilo.com\/larxiu\/#organization","name":"L'ARXIU DE SELLA","description":"Un espai per al patrimoni hist\u00f2ric i cultural de Sella i voltants","url":"https:\/\/elcabilo.com\/larxiu\/"},{"@type":"Person","@id":"https:\/\/elcabilo.com\/larxiu\/author\/arxiver\/#author","url":"https:\/\/elcabilo.com\/larxiu\/author\/arxiver\/","name":"arxiver","image":{"@type":"ImageObject","@id":"https:\/\/elcabilo.com\/larxiu\/2016\/05\/09\/lhospital-de-sella\/#authorImage","url":"https:\/\/secure.gravatar.com\/avatar\/bea4e471bc43b69abcb2c642b49b0ad1762efdd7bf98fd6419eb2f406c4849df?s=96&d=mm&r=g","width":96,"height":96,"caption":"arxiver"}},{"@type":"WebPage","@id":"https:\/\/elcabilo.com\/larxiu\/2016\/05\/09\/lhospital-de-sella\/#webpage","url":"https:\/\/elcabilo.com\/larxiu\/2016\/05\/09\/lhospital-de-sella\/","name":"L\u2019hospital de Sella - L'ARXIU DE SELLA","description":"Els hospitals de benefic\u00e8ncia, tamb\u00e9 coneguts com a hospital dels pobres, eren establiments p\u00fablics on s'acollia a persones necessitades. Persones que podien anar des de xiquets orfes o vells inv\u00e0lids fins a families senceres, tan pobres que ni tan sols tenien possibilitat de llogar una casa. L'hospital m\u00e9s antic que tenim documentat a Sella es trobava","inLanguage":"ca","isPartOf":{"@id":"https:\/\/elcabilo.com\/larxiu\/#website"},"breadcrumb":{"@id":"https:\/\/elcabilo.com\/larxiu\/2016\/05\/09\/lhospital-de-sella\/#breadcrumblist"},"author":{"@id":"https:\/\/elcabilo.com\/larxiu\/author\/arxiver\/#author"},"creator":{"@id":"https:\/\/elcabilo.com\/larxiu\/author\/arxiver\/#author"},"image":{"@type":"ImageObject","url":"https:\/\/elcabilo.com\/larxiu\/files\/2016\/05\/2-oct-1949_.jpg","@id":"https:\/\/elcabilo.com\/larxiu\/2016\/05\/09\/lhospital-de-sella\/#mainImage","width":474,"height":671,"caption":"2\u00a0d'octubre de 1949, l'alcalde Pere Seva tastant la paella davant l'atenta mirada de B\u00e0rbara Centella..."},"primaryImageOfPage":{"@id":"https:\/\/elcabilo.com\/larxiu\/2016\/05\/09\/lhospital-de-sella\/#mainImage"},"datePublished":"2016-05-09T22:33:34+02:00","dateModified":"2016-05-09T22:33:34+02:00"},{"@type":"WebSite","@id":"https:\/\/elcabilo.com\/larxiu\/#website","url":"https:\/\/elcabilo.com\/larxiu\/","name":"L'ARXIU DE SELLA","description":"Un espai per al patrimoni hist\u00f2ric i cultural de Sella i voltants","inLanguage":"ca","publisher":{"@id":"https:\/\/elcabilo.com\/larxiu\/#organization"}}]},"og:locale":"ca_ES","og:site_name":"L'ARXIU DE SELLA - Un espai per al patrimoni hist\u00f2ric i cultural de Sella i voltants","og:type":"article","og:title":"L\u2019hospital de Sella - L'ARXIU DE SELLA","og:description":"Els hospitals de benefic\u00e8ncia, tamb\u00e9 coneguts com a hospital dels pobres, eren establiments p\u00fablics on s'acollia a persones necessitades. Persones que podien anar des de xiquets orfes o vells inv\u00e0lids fins a families senceres, tan pobres que ni tan sols tenien possibilitat de llogar una casa. L'hospital m\u00e9s antic que tenim documentat a Sella es trobava","og:url":"https:\/\/elcabilo.com\/larxiu\/2016\/05\/09\/lhospital-de-sella\/","article:published_time":"2016-05-09T20:33:34+00:00","article:modified_time":"2016-05-09T20:33:34+00:00","twitter:card":"summary_large_image","twitter:title":"L\u2019hospital de Sella - L'ARXIU DE SELLA","twitter:description":"Els hospitals de benefic\u00e8ncia, tamb\u00e9 coneguts com a hospital dels pobres, eren establiments p\u00fablics on s'acollia a persones necessitades. Persones que podien anar des de xiquets orfes o vells inv\u00e0lids fins a families senceres, tan pobres que ni tan sols tenien possibilitat de llogar una casa. L'hospital m\u00e9s antic que tenim documentat a Sella es trobava"},"aioseo_meta_data":{"post_id":"1135","title":null,"description":null,"keywords":null,"keyphrases":null,"primary_term":null,"canonical_url":null,"og_title":null,"og_description":null,"og_object_type":"default","og_image_type":"default","og_image_url":null,"og_image_width":null,"og_image_height":null,"og_image_custom_url":null,"og_image_custom_fields":null,"og_video":null,"og_custom_url":null,"og_article_section":null,"og_article_tags":null,"twitter_use_og":false,"twitter_card":"default","twitter_image_type":"default","twitter_image_url":null,"twitter_image_custom_url":null,"twitter_image_custom_fields":null,"twitter_title":null,"twitter_description":null,"schema":{"blockGraphs":[],"customGraphs":[],"default":{"data":{"Article":[],"Course":[],"Dataset":[],"FAQPage":[],"Movie":[],"Person":[],"Product":[],"ProductReview":[],"Car":[],"Recipe":[],"Service":[],"SoftwareApplication":[],"WebPage":[]},"graphName":"","isEnabled":true},"graphs":[]},"schema_type":"default","schema_type_options":null,"pillar_content":false,"robots_default":true,"robots_noindex":false,"robots_noarchive":false,"robots_nosnippet":false,"robots_nofollow":false,"robots_noimageindex":false,"robots_noodp":false,"robots_notranslate":false,"robots_max_snippet":null,"robots_max_videopreview":null,"robots_max_imagepreview":"large","priority":null,"frequency":null,"local_seo":null,"breadcrumb_settings":null,"limit_modified_date":false,"ai":null,"created":"2023-01-28 00:38:32","updated":"2025-06-09 02:18:08","seo_analyzer_scan_date":null,"focus_keyword":null,"additional_keywords":null,"truseo_locale":null},"aioseo_breadcrumb":"<div class=\"aioseo-breadcrumbs\"><span class=\"aioseo-breadcrumb\">\n\t\t\t<a href=\"https:\/\/elcabilo.com\/larxiu\" title=\"Home\">Home<\/a>\n\t\t<\/span><span class=\"aioseo-breadcrumb-separator\">\u00bb<\/span><span class=\"aioseo-breadcrumb\">\n\t\t\t<a href=\"https:\/\/elcabilo.com\/larxiu\/category\/sin-categoria\/\" title=\"Arxivador\">Arxivador<\/a>\n\t\t<\/span><span class=\"aioseo-breadcrumb-separator\">\u00bb<\/span><span class=\"aioseo-breadcrumb\">\n\t\t\tL\u2019hospital de Sella\n\t\t<\/span><\/div>","aioseo_breadcrumb_json":[{"label":"Home","link":"https:\/\/elcabilo.com\/larxiu"},{"label":"Arxivador","link":"https:\/\/elcabilo.com\/larxiu\/category\/sin-categoria\/"},{"label":"L&#8217;hospital de Sella","link":"https:\/\/elcabilo.com\/larxiu\/2016\/05\/09\/lhospital-de-sella\/"}],"_links":{"self":[{"href":"https:\/\/elcabilo.com\/larxiu\/wp-json\/wp\/v2\/posts\/1135","targetHints":{"allow":["GET"]}}],"collection":[{"href":"https:\/\/elcabilo.com\/larxiu\/wp-json\/wp\/v2\/posts"}],"about":[{"href":"https:\/\/elcabilo.com\/larxiu\/wp-json\/wp\/v2\/types\/post"}],"author":[{"embeddable":true,"href":"https:\/\/elcabilo.com\/larxiu\/wp-json\/wp\/v2\/users\/218"}],"replies":[{"embeddable":true,"href":"https:\/\/elcabilo.com\/larxiu\/wp-json\/wp\/v2\/comments?post=1135"}],"version-history":[{"count":7,"href":"https:\/\/elcabilo.com\/larxiu\/wp-json\/wp\/v2\/posts\/1135\/revisions"}],"predecessor-version":[{"id":1148,"href":"https:\/\/elcabilo.com\/larxiu\/wp-json\/wp\/v2\/posts\/1135\/revisions\/1148"}],"wp:featuredmedia":[{"embeddable":true,"href":"https:\/\/elcabilo.com\/larxiu\/wp-json\/wp\/v2\/media\/1143"}],"wp:attachment":[{"href":"https:\/\/elcabilo.com\/larxiu\/wp-json\/wp\/v2\/media?parent=1135"}],"wp:term":[{"taxonomy":"category","embeddable":true,"href":"https:\/\/elcabilo.com\/larxiu\/wp-json\/wp\/v2\/categories?post=1135"},{"taxonomy":"post_tag","embeddable":true,"href":"https:\/\/elcabilo.com\/larxiu\/wp-json\/wp\/v2\/tags?post=1135"}],"curies":[{"name":"wp","href":"https:\/\/api.w.org\/{rel}","templated":true}]}}