{"id":1549,"date":"2018-06-02T17:40:29","date_gmt":"2018-06-02T15:40:29","guid":{"rendered":"https:\/\/elcabilo.com\/larxiu\/?p=1549"},"modified":"2023-12-28T23:29:28","modified_gmt":"2023-12-28T22:29:28","slug":"noticies-de-larxiu-num-46","status":"publish","type":"post","link":"https:\/\/elcabilo.com\/larxiu\/2018\/06\/02\/noticies-de-larxiu-num-46\/","title":{"rendered":"Not\u00edcies de l&#8217;Arxiu, n\u00fam. 46"},"content":{"rendered":"\n<p class=\"wp-block-paragraph\">Amb motiu de la XXIII Fira de Mostres  i Cultura Mediterr\u00e0nia, hem preparat les seg\u00fcents exposicions:<\/p>\n\n\n<p><a href=\"https:\/\/elcabilo.com\/larxiu\/files\/2018\/06\/ametla_red.jpg\"><img loading=\"lazy\" decoding=\"async\" class=\"aligncenter size-full wp-image-1550\" src=\"https:\/\/elcabilo.com\/larxiu\/files\/2018\/06\/ametla_red.jpg\" alt=\"\" width=\"483\" height=\"382\" srcset=\"https:\/\/elcabilo.com\/larxiu\/files\/2018\/06\/ametla_red.jpg 483w, https:\/\/elcabilo.com\/larxiu\/files\/2018\/06\/ametla_red-300x237.jpg 300w\" sizes=\"auto, (max-width: 483px) 100vw, 483px\" \/><\/a><\/p>\n<p>Instalada en l&#8217;antiga peixateria (Ajuntament Vell), que en breu es convertir\u00e0 en obrador municipal, la seg\u00fcent exposici\u00f3 ha tractat de mostrar la cultura de l&#8217;ametla en Aitana, especialment als pobles de Sella, Relleu o La Vila. Amb documents inicials que daten de principis del segle XVII, es fa un recorregut per la hist\u00f2ria, la geografia i l&#8217;etnografia d&#8217;aquest cultiu fonamental en el paisatge, l&#8217;economia i la vida dels nostres pobles fins fa unes d\u00e8cades. L&#8217;exposici\u00f3 vol reivindicar tamb\u00e9 la qualitat de la nostra ametla marcona i les noves iniciatives que esta sorgint al seu voltant, tot i l&#8217;amena\u00e7a de la plaga de <em>Xylella fastidiosa<\/em> que s&#8217;esten imparable.<\/p>\n\n\n<figure class=\"wp-block-image\"><img loading=\"lazy\" decoding=\"async\" width=\"720\" height=\"476\" src=\"https:\/\/elcabilo.com\/larxiu\/files\/2019\/01\/IMG-20180611-WA0043.jpg\" alt=\"\" class=\"wp-image-1634\" srcset=\"https:\/\/elcabilo.com\/larxiu\/files\/2019\/01\/IMG-20180611-WA0043.jpg 720w, https:\/\/elcabilo.com\/larxiu\/files\/2019\/01\/IMG-20180611-WA0043-300x198.jpg 300w\" sizes=\"auto, (max-width: 720px) 100vw, 720px\" \/><\/figure>\n\n\n\n<figure class=\"wp-block-gallery has-nested-images columns-default is-cropped wp-block-gallery-1 is-layout-flex wp-block-gallery-is-layout-flex\">\n<figure class=\"wp-block-image\"><img loading=\"lazy\" decoding=\"async\" width=\"417\" height=\"460\" data-id=\"1551\" src=\"https:\/\/elcabilo.com\/larxiu\/files\/2018\/06\/cartell_fira_red.jpg\" alt=\"\" class=\"wp-image-1551\" srcset=\"https:\/\/elcabilo.com\/larxiu\/files\/2018\/06\/cartell_fira_red.jpg 417w, https:\/\/elcabilo.com\/larxiu\/files\/2018\/06\/cartell_fira_red-272x300.jpg 272w\" sizes=\"auto, (max-width: 417px) 100vw, 417px\" \/><\/figure>\n<\/figure>\n\n\n\n<p class=\"wp-block-paragraph\">Amb aquesta mostra hem volgut iniciar una serie d&#8217;exposicions a l&#8217;aire lliure sobre fotografies de carrers, breument comentades, que permeten con\u00e9ixer la hist\u00f2ria recent del carrer i retre un xicotet homenatge a molts dels seus ve\u00efns. Fou una de les exposicions que m\u00e9s va agradar de la Fira, per\u00f2 malauradament la pluja la va fer malb\u00e9 al poc de comen\u00e7ar l&#8217;esdeveniment. No obstant estem satisfets amb la f\u00f2rmula i la propera Fira repetirem en un altre carrer (possiblement L&#8217; \u00c0ngel)<\/p>\n\n\n\n<p class=\"wp-block-paragraph\"><strong>Novetats bibliogr\u00e0fiques:<\/strong><\/p>\n\n\n\n<p class=\"wp-block-paragraph\">D&#8217;altra banda, volem fer ress\u00f3 de l&#8217;aparici\u00f3 d&#8217;un article cient\u00edfic sobre la hist\u00f2ria ecol\u00f2gica de la Serra d&#8217;Aitana i on Sella t\u00e9 un gran protagonisme. Ja est\u00e0 disponible en la secci\u00f3 local de la Biblioteca Jos\u00e9 Ib\u00e1\u00f1ez Cerd\u00e0<\/p>\n\n\n\n<p class=\"wp-block-paragraph\">Gim\u00e9nez-Font, P., &amp; Molina, J. A. M. (2017). La din\u00e1mica del paisaje en la Serra d\u2019Aitana (Alacant, Espa\u00f1a): s\u00edntesis de transformaciones hist\u00f3ricas en una monta\u00f1a mediterr\u00e1nea (1600-2010).&nbsp;<em><a href=\"http:\/\/estudiosgeograficos.revistas.csic.es\/index.php\/estudiosgeograficos\/article\/view\/506\">Estudios Geogr\u00e1ficos<\/a><\/em>,&nbsp;78(282), 105-133. <\/p>\n","protected":false},"excerpt":{"rendered":"<p>Amb motiu de la XXIII Fira de Mostres i Cultura Mediterr\u00e0nia, hem preparat les seg\u00fcents exposicions: Instalada en l&#8217;antiga peixateria<\/p>\n","protected":false},"author":218,"featured_media":1550,"comment_status":"open","ping_status":"open","sticky":false,"template":"","format":"standard","meta":{"_exactmetrics_skip_tracking":false,"footnotes":""},"categories":[7],"tags":[],"class_list":["post-1549","post","type-post","status-publish","format-standard","has-post-thumbnail","hentry","category-noticies-de-larxiu","comments-off"],"aioseo_notices":[],"aioseo_head":"\n\t\t<!-- All in One SEO 5.0.1 - aioseo.com -->\n\t<meta name=\"description\" content=\"Amb motiu de la XXIII Fira de Mostres i Cultura Mediterr\u00e0nia, hem preparat les seg\u00fcents exposicions: Amb aquesta mostra hem volgut iniciar una serie d&#039;exposicions a l&#039;aire lliure sobre fotografies de carrers, breument comentades, que permeten con\u00e9ixer la hist\u00f2ria recent del carrer i retre un xicotet homenatge a molts dels seus ve\u00efns. Fou una de\" \/>\n\t<meta name=\"robots\" content=\"max-image-preview:large\" \/>\n\t<meta name=\"author\" content=\"arxiver\"\/>\n\t<link rel=\"canonical\" href=\"https:\/\/elcabilo.com\/larxiu\/2018\/06\/02\/noticies-de-larxiu-num-46\/\" \/>\n\t<meta name=\"generator\" content=\"All in One SEO (AIOSEO) 5.0.1\" \/>\n\t\t<meta property=\"og:locale\" content=\"ca_ES\" \/>\n\t\t<meta property=\"og:site_name\" content=\"L&#039;ARXIU DE SELLA - Un espai per al patrimoni hist\u00f2ric i cultural de Sella i voltants\" \/>\n\t\t<meta property=\"og:type\" content=\"article\" \/>\n\t\t<meta property=\"og:title\" content=\"Not\u00edcies de l\u2019Arxiu, n\u00fam. 46 - L&#039;ARXIU DE SELLA\" \/>\n\t\t<meta property=\"og:description\" content=\"Amb motiu de la XXIII Fira de Mostres i Cultura Mediterr\u00e0nia, hem preparat les seg\u00fcents exposicions: Amb aquesta mostra hem volgut iniciar una serie d&#039;exposicions a l&#039;aire lliure sobre fotografies de carrers, breument comentades, que permeten con\u00e9ixer la hist\u00f2ria recent del carrer i retre un xicotet homenatge a molts dels seus ve\u00efns. Fou una de\" \/>\n\t\t<meta property=\"og:url\" content=\"https:\/\/elcabilo.com\/larxiu\/2018\/06\/02\/noticies-de-larxiu-num-46\/\" \/>\n\t\t<meta property=\"article:published_time\" content=\"2018-06-02T15:40:29+00:00\" \/>\n\t\t<meta property=\"article:modified_time\" content=\"2023-12-28T22:29:28+00:00\" \/>\n\t\t<meta name=\"twitter:card\" content=\"summary_large_image\" \/>\n\t\t<meta name=\"twitter:title\" content=\"Not\u00edcies de l\u2019Arxiu, n\u00fam. 46 - L&#039;ARXIU DE SELLA\" \/>\n\t\t<meta name=\"twitter:description\" content=\"Amb motiu de la XXIII Fira de Mostres i Cultura Mediterr\u00e0nia, hem preparat les seg\u00fcents exposicions: Amb aquesta mostra hem volgut iniciar una serie d&#039;exposicions a l&#039;aire lliure sobre fotografies de carrers, breument comentades, que permeten con\u00e9ixer la hist\u00f2ria recent del carrer i retre un xicotet homenatge a molts dels seus ve\u00efns. Fou una de\" \/>\n\t\t<script type=\"application\/ld+json\" class=\"aioseo-schema\">\n\t\t\t{\"@context\":\"https:\\\/\\\/schema.org\",\"@graph\":[{\"@type\":\"BlogPosting\",\"@id\":\"https:\\\/\\\/elcabilo.com\\\/larxiu\\\/2018\\\/06\\\/02\\\/noticies-de-larxiu-num-46\\\/#blogposting\",\"name\":\"Not\\u00edcies de l\\u2019Arxiu, n\\u00fam. 46 - L'ARXIU DE SELLA\",\"headline\":\"Not\\u00edcies de l&#8217;Arxiu, n\\u00fam. 46\",\"author\":{\"@id\":\"https:\\\/\\\/elcabilo.com\\\/larxiu\\\/author\\\/arxiver\\\/#author\"},\"publisher\":{\"@id\":\"https:\\\/\\\/elcabilo.com\\\/larxiu\\\/#organization\"},\"image\":{\"@type\":\"ImageObject\",\"url\":\"https:\\\/\\\/elcabilo.com\\\/larxiu\\\/files\\\/2018\\\/06\\\/ametla_red.jpg\",\"width\":483,\"height\":382},\"datePublished\":\"2018-06-02T17:40:29+02:00\",\"dateModified\":\"2023-12-28T23:29:28+01:00\",\"inLanguage\":\"ca\",\"mainEntityOfPage\":{\"@id\":\"https:\\\/\\\/elcabilo.com\\\/larxiu\\\/2018\\\/06\\\/02\\\/noticies-de-larxiu-num-46\\\/#webpage\"},\"isPartOf\":{\"@id\":\"https:\\\/\\\/elcabilo.com\\\/larxiu\\\/2018\\\/06\\\/02\\\/noticies-de-larxiu-num-46\\\/#webpage\"},\"articleSection\":\"Noticies de l'arxiu\"},{\"@type\":\"BreadcrumbList\",\"@id\":\"https:\\\/\\\/elcabilo.com\\\/larxiu\\\/2018\\\/06\\\/02\\\/noticies-de-larxiu-num-46\\\/#breadcrumblist\",\"itemListElement\":[{\"@type\":\"ListItem\",\"@id\":\"https:\\\/\\\/elcabilo.com\\\/larxiu#listItem\",\"position\":1,\"name\":\"Home\",\"item\":\"https:\\\/\\\/elcabilo.com\\\/larxiu\",\"nextItem\":{\"@type\":\"ListItem\",\"@id\":\"https:\\\/\\\/elcabilo.com\\\/larxiu\\\/category\\\/noticies-de-larxiu\\\/#listItem\",\"name\":\"Noticies de l'arxiu\"}},{\"@type\":\"ListItem\",\"@id\":\"https:\\\/\\\/elcabilo.com\\\/larxiu\\\/category\\\/noticies-de-larxiu\\\/#listItem\",\"position\":2,\"name\":\"Noticies de l'arxiu\",\"item\":\"https:\\\/\\\/elcabilo.com\\\/larxiu\\\/category\\\/noticies-de-larxiu\\\/\",\"nextItem\":{\"@type\":\"ListItem\",\"@id\":\"https:\\\/\\\/elcabilo.com\\\/larxiu\\\/2018\\\/06\\\/02\\\/noticies-de-larxiu-num-46\\\/#listItem\",\"name\":\"Not\\u00edcies de l&#8217;Arxiu, n\\u00fam. 46\"},\"previousItem\":{\"@type\":\"ListItem\",\"@id\":\"https:\\\/\\\/elcabilo.com\\\/larxiu#listItem\",\"name\":\"Home\"}},{\"@type\":\"ListItem\",\"@id\":\"https:\\\/\\\/elcabilo.com\\\/larxiu\\\/2018\\\/06\\\/02\\\/noticies-de-larxiu-num-46\\\/#listItem\",\"position\":3,\"name\":\"Not\\u00edcies de l&#8217;Arxiu, n\\u00fam. 46\",\"previousItem\":{\"@type\":\"ListItem\",\"@id\":\"https:\\\/\\\/elcabilo.com\\\/larxiu\\\/category\\\/noticies-de-larxiu\\\/#listItem\",\"name\":\"Noticies de l'arxiu\"}}]},{\"@type\":\"Organization\",\"@id\":\"https:\\\/\\\/elcabilo.com\\\/larxiu\\\/#organization\",\"name\":\"L'ARXIU DE SELLA\",\"description\":\"Un espai per al patrimoni hist\\u00f2ric i cultural de Sella i voltants\",\"url\":\"https:\\\/\\\/elcabilo.com\\\/larxiu\\\/\"},{\"@type\":\"Person\",\"@id\":\"https:\\\/\\\/elcabilo.com\\\/larxiu\\\/author\\\/arxiver\\\/#author\",\"url\":\"https:\\\/\\\/elcabilo.com\\\/larxiu\\\/author\\\/arxiver\\\/\",\"name\":\"arxiver\",\"image\":{\"@type\":\"ImageObject\",\"@id\":\"https:\\\/\\\/elcabilo.com\\\/larxiu\\\/2018\\\/06\\\/02\\\/noticies-de-larxiu-num-46\\\/#authorImage\",\"url\":\"https:\\\/\\\/secure.gravatar.com\\\/avatar\\\/bea4e471bc43b69abcb2c642b49b0ad1762efdd7bf98fd6419eb2f406c4849df?s=96&d=mm&r=g\",\"width\":96,\"height\":96,\"caption\":\"arxiver\"}},{\"@type\":\"WebPage\",\"@id\":\"https:\\\/\\\/elcabilo.com\\\/larxiu\\\/2018\\\/06\\\/02\\\/noticies-de-larxiu-num-46\\\/#webpage\",\"url\":\"https:\\\/\\\/elcabilo.com\\\/larxiu\\\/2018\\\/06\\\/02\\\/noticies-de-larxiu-num-46\\\/\",\"name\":\"Not\\u00edcies de l\\u2019Arxiu, n\\u00fam. 46 - L'ARXIU DE SELLA\",\"description\":\"Amb motiu de la XXIII Fira de Mostres i Cultura Mediterr\\u00e0nia, hem preparat les seg\\u00fcents exposicions: Amb aquesta mostra hem volgut iniciar una serie d'exposicions a l'aire lliure sobre fotografies de carrers, breument comentades, que permeten con\\u00e9ixer la hist\\u00f2ria recent del carrer i retre un xicotet homenatge a molts dels seus ve\\u00efns. Fou una de\",\"inLanguage\":\"ca\",\"isPartOf\":{\"@id\":\"https:\\\/\\\/elcabilo.com\\\/larxiu\\\/#website\"},\"breadcrumb\":{\"@id\":\"https:\\\/\\\/elcabilo.com\\\/larxiu\\\/2018\\\/06\\\/02\\\/noticies-de-larxiu-num-46\\\/#breadcrumblist\"},\"author\":{\"@id\":\"https:\\\/\\\/elcabilo.com\\\/larxiu\\\/author\\\/arxiver\\\/#author\"},\"creator\":{\"@id\":\"https:\\\/\\\/elcabilo.com\\\/larxiu\\\/author\\\/arxiver\\\/#author\"},\"image\":{\"@type\":\"ImageObject\",\"url\":\"https:\\\/\\\/elcabilo.com\\\/larxiu\\\/files\\\/2018\\\/06\\\/ametla_red.jpg\",\"@id\":\"https:\\\/\\\/elcabilo.com\\\/larxiu\\\/2018\\\/06\\\/02\\\/noticies-de-larxiu-num-46\\\/#mainImage\",\"width\":483,\"height\":382},\"primaryImageOfPage\":{\"@id\":\"https:\\\/\\\/elcabilo.com\\\/larxiu\\\/2018\\\/06\\\/02\\\/noticies-de-larxiu-num-46\\\/#mainImage\"},\"datePublished\":\"2018-06-02T17:40:29+02:00\",\"dateModified\":\"2023-12-28T23:29:28+01:00\"},{\"@type\":\"WebSite\",\"@id\":\"https:\\\/\\\/elcabilo.com\\\/larxiu\\\/#website\",\"url\":\"https:\\\/\\\/elcabilo.com\\\/larxiu\\\/\",\"name\":\"L'ARXIU DE SELLA\",\"description\":\"Un espai per al patrimoni hist\\u00f2ric i cultural de Sella i voltants\",\"inLanguage\":\"ca\",\"publisher\":{\"@id\":\"https:\\\/\\\/elcabilo.com\\\/larxiu\\\/#organization\"}}]}\n\t\t<\/script>\n\t\t<!-- All in One SEO -->\n\n","aioseo_head_json":{"title":"Not\u00edcies de l\u2019Arxiu, n\u00fam. 46 - L'ARXIU DE SELLA","description":"Amb motiu de la XXIII Fira de Mostres i Cultura Mediterr\u00e0nia, hem preparat les seg\u00fcents exposicions: Amb aquesta mostra hem volgut iniciar una serie d'exposicions a l'aire lliure sobre fotografies de carrers, breument comentades, que permeten con\u00e9ixer la hist\u00f2ria recent del carrer i retre un xicotet homenatge a molts dels seus ve\u00efns. Fou una de","canonical_url":"https:\/\/elcabilo.com\/larxiu\/2018\/06\/02\/noticies-de-larxiu-num-46\/","robots":"max-image-preview:large","keywords":"","webmasterTools":{"miscellaneous":""},"schema":{"@context":"https:\/\/schema.org","@graph":[{"@type":"BlogPosting","@id":"https:\/\/elcabilo.com\/larxiu\/2018\/06\/02\/noticies-de-larxiu-num-46\/#blogposting","name":"Not\u00edcies de l\u2019Arxiu, n\u00fam. 46 - L'ARXIU DE SELLA","headline":"Not\u00edcies de l&#8217;Arxiu, n\u00fam. 46","author":{"@id":"https:\/\/elcabilo.com\/larxiu\/author\/arxiver\/#author"},"publisher":{"@id":"https:\/\/elcabilo.com\/larxiu\/#organization"},"image":{"@type":"ImageObject","url":"https:\/\/elcabilo.com\/larxiu\/files\/2018\/06\/ametla_red.jpg","width":483,"height":382},"datePublished":"2018-06-02T17:40:29+02:00","dateModified":"2023-12-28T23:29:28+01:00","inLanguage":"ca","mainEntityOfPage":{"@id":"https:\/\/elcabilo.com\/larxiu\/2018\/06\/02\/noticies-de-larxiu-num-46\/#webpage"},"isPartOf":{"@id":"https:\/\/elcabilo.com\/larxiu\/2018\/06\/02\/noticies-de-larxiu-num-46\/#webpage"},"articleSection":"Noticies de l'arxiu"},{"@type":"BreadcrumbList","@id":"https:\/\/elcabilo.com\/larxiu\/2018\/06\/02\/noticies-de-larxiu-num-46\/#breadcrumblist","itemListElement":[{"@type":"ListItem","@id":"https:\/\/elcabilo.com\/larxiu#listItem","position":1,"name":"Home","item":"https:\/\/elcabilo.com\/larxiu","nextItem":{"@type":"ListItem","@id":"https:\/\/elcabilo.com\/larxiu\/category\/noticies-de-larxiu\/#listItem","name":"Noticies de l'arxiu"}},{"@type":"ListItem","@id":"https:\/\/elcabilo.com\/larxiu\/category\/noticies-de-larxiu\/#listItem","position":2,"name":"Noticies de l'arxiu","item":"https:\/\/elcabilo.com\/larxiu\/category\/noticies-de-larxiu\/","nextItem":{"@type":"ListItem","@id":"https:\/\/elcabilo.com\/larxiu\/2018\/06\/02\/noticies-de-larxiu-num-46\/#listItem","name":"Not\u00edcies de l&#8217;Arxiu, n\u00fam. 46"},"previousItem":{"@type":"ListItem","@id":"https:\/\/elcabilo.com\/larxiu#listItem","name":"Home"}},{"@type":"ListItem","@id":"https:\/\/elcabilo.com\/larxiu\/2018\/06\/02\/noticies-de-larxiu-num-46\/#listItem","position":3,"name":"Not\u00edcies de l&#8217;Arxiu, n\u00fam. 46","previousItem":{"@type":"ListItem","@id":"https:\/\/elcabilo.com\/larxiu\/category\/noticies-de-larxiu\/#listItem","name":"Noticies de l'arxiu"}}]},{"@type":"Organization","@id":"https:\/\/elcabilo.com\/larxiu\/#organization","name":"L'ARXIU DE SELLA","description":"Un espai per al patrimoni hist\u00f2ric i cultural de Sella i voltants","url":"https:\/\/elcabilo.com\/larxiu\/"},{"@type":"Person","@id":"https:\/\/elcabilo.com\/larxiu\/author\/arxiver\/#author","url":"https:\/\/elcabilo.com\/larxiu\/author\/arxiver\/","name":"arxiver","image":{"@type":"ImageObject","@id":"https:\/\/elcabilo.com\/larxiu\/2018\/06\/02\/noticies-de-larxiu-num-46\/#authorImage","url":"https:\/\/secure.gravatar.com\/avatar\/bea4e471bc43b69abcb2c642b49b0ad1762efdd7bf98fd6419eb2f406c4849df?s=96&d=mm&r=g","width":96,"height":96,"caption":"arxiver"}},{"@type":"WebPage","@id":"https:\/\/elcabilo.com\/larxiu\/2018\/06\/02\/noticies-de-larxiu-num-46\/#webpage","url":"https:\/\/elcabilo.com\/larxiu\/2018\/06\/02\/noticies-de-larxiu-num-46\/","name":"Not\u00edcies de l\u2019Arxiu, n\u00fam. 46 - L'ARXIU DE SELLA","description":"Amb motiu de la XXIII Fira de Mostres i Cultura Mediterr\u00e0nia, hem preparat les seg\u00fcents exposicions: Amb aquesta mostra hem volgut iniciar una serie d'exposicions a l'aire lliure sobre fotografies de carrers, breument comentades, que permeten con\u00e9ixer la hist\u00f2ria recent del carrer i retre un xicotet homenatge a molts dels seus ve\u00efns. Fou una de","inLanguage":"ca","isPartOf":{"@id":"https:\/\/elcabilo.com\/larxiu\/#website"},"breadcrumb":{"@id":"https:\/\/elcabilo.com\/larxiu\/2018\/06\/02\/noticies-de-larxiu-num-46\/#breadcrumblist"},"author":{"@id":"https:\/\/elcabilo.com\/larxiu\/author\/arxiver\/#author"},"creator":{"@id":"https:\/\/elcabilo.com\/larxiu\/author\/arxiver\/#author"},"image":{"@type":"ImageObject","url":"https:\/\/elcabilo.com\/larxiu\/files\/2018\/06\/ametla_red.jpg","@id":"https:\/\/elcabilo.com\/larxiu\/2018\/06\/02\/noticies-de-larxiu-num-46\/#mainImage","width":483,"height":382},"primaryImageOfPage":{"@id":"https:\/\/elcabilo.com\/larxiu\/2018\/06\/02\/noticies-de-larxiu-num-46\/#mainImage"},"datePublished":"2018-06-02T17:40:29+02:00","dateModified":"2023-12-28T23:29:28+01:00"},{"@type":"WebSite","@id":"https:\/\/elcabilo.com\/larxiu\/#website","url":"https:\/\/elcabilo.com\/larxiu\/","name":"L'ARXIU DE SELLA","description":"Un espai per al patrimoni hist\u00f2ric i cultural de Sella i voltants","inLanguage":"ca","publisher":{"@id":"https:\/\/elcabilo.com\/larxiu\/#organization"}}]},"og:locale":"ca_ES","og:site_name":"L'ARXIU DE SELLA - Un espai per al patrimoni hist\u00f2ric i cultural de Sella i voltants","og:type":"article","og:title":"Not\u00edcies de l\u2019Arxiu, n\u00fam. 46 - L'ARXIU DE SELLA","og:description":"Amb motiu de la XXIII Fira de Mostres i Cultura Mediterr\u00e0nia, hem preparat les seg\u00fcents exposicions: Amb aquesta mostra hem volgut iniciar una serie d'exposicions a l'aire lliure sobre fotografies de carrers, breument comentades, que permeten con\u00e9ixer la hist\u00f2ria recent del carrer i retre un xicotet homenatge a molts dels seus ve\u00efns. Fou una de","og:url":"https:\/\/elcabilo.com\/larxiu\/2018\/06\/02\/noticies-de-larxiu-num-46\/","article:published_time":"2018-06-02T15:40:29+00:00","article:modified_time":"2023-12-28T22:29:28+00:00","twitter:card":"summary_large_image","twitter:title":"Not\u00edcies de l\u2019Arxiu, n\u00fam. 46 - L'ARXIU DE SELLA","twitter:description":"Amb motiu de la XXIII Fira de Mostres i Cultura Mediterr\u00e0nia, hem preparat les seg\u00fcents exposicions: Amb aquesta mostra hem volgut iniciar una serie d'exposicions a l'aire lliure sobre fotografies de carrers, breument comentades, que permeten con\u00e9ixer la hist\u00f2ria recent del carrer i retre un xicotet homenatge a molts dels seus ve\u00efns. Fou una de"},"aioseo_meta_data":{"post_id":"1549","title":null,"description":null,"keywords":[],"keyphrases":{"focus":{"keyphrase":"","score":0,"analysis":{"keyphraseInTitle":{"score":0,"maxScore":9,"error":1}}},"additional":[]},"primary_term":null,"canonical_url":null,"og_title":null,"og_description":null,"og_object_type":"default","og_image_type":"default","og_image_url":null,"og_image_width":null,"og_image_height":null,"og_image_custom_url":null,"og_image_custom_fields":null,"og_video":"","og_custom_url":null,"og_article_section":null,"og_article_tags":[],"twitter_use_og":false,"twitter_card":"default","twitter_image_type":"default","twitter_image_url":null,"twitter_image_custom_url":null,"twitter_image_custom_fields":null,"twitter_title":null,"twitter_description":null,"schema":{"blockGraphs":[],"customGraphs":[],"default":{"data":{"Article":[],"Course":[],"Dataset":[],"FAQPage":[],"Movie":[],"Person":[],"Product":[],"ProductReview":[],"Car":[],"Recipe":[],"Service":[],"SoftwareApplication":[],"WebPage":[]},"graphName":"BlogPosting","isEnabled":true},"graphs":[]},"schema_type":"default","schema_type_options":null,"pillar_content":false,"robots_default":true,"robots_noindex":false,"robots_noarchive":false,"robots_nosnippet":false,"robots_nofollow":false,"robots_noimageindex":false,"robots_noodp":false,"robots_notranslate":false,"robots_max_snippet":"-1","robots_max_videopreview":"-1","robots_max_imagepreview":"large","priority":null,"frequency":"default","local_seo":null,"breadcrumb_settings":null,"limit_modified_date":false,"ai":null,"created":"2023-01-28 00:49:28","updated":"2025-06-09 02:30:03","seo_analyzer_scan_date":null,"focus_keyword":null,"additional_keywords":null,"truseo_locale":null},"aioseo_breadcrumb":"<div class=\"aioseo-breadcrumbs\"><span class=\"aioseo-breadcrumb\">\n\t\t\t<a href=\"https:\/\/elcabilo.com\/larxiu\" title=\"Home\">Home<\/a>\n\t\t<\/span><span class=\"aioseo-breadcrumb-separator\">\u00bb<\/span><span class=\"aioseo-breadcrumb\">\n\t\t\t<a href=\"https:\/\/elcabilo.com\/larxiu\/category\/noticies-de-larxiu\/\" title=\"Noticies de l&apos;arxiu\">Noticies de l'arxiu<\/a>\n\t\t<\/span><span class=\"aioseo-breadcrumb-separator\">\u00bb<\/span><span class=\"aioseo-breadcrumb\">\n\t\t\tNot\u00edcies de l\u2019Arxiu, n\u00fam. 46\n\t\t<\/span><\/div>","aioseo_breadcrumb_json":[{"label":"Home","link":"https:\/\/elcabilo.com\/larxiu"},{"label":"Noticies de l'arxiu","link":"https:\/\/elcabilo.com\/larxiu\/category\/noticies-de-larxiu\/"},{"label":"Not\u00edcies de l&#8217;Arxiu, n\u00fam. 46","link":"https:\/\/elcabilo.com\/larxiu\/2018\/06\/02\/noticies-de-larxiu-num-46\/"}],"_links":{"self":[{"href":"https:\/\/elcabilo.com\/larxiu\/wp-json\/wp\/v2\/posts\/1549","targetHints":{"allow":["GET"]}}],"collection":[{"href":"https:\/\/elcabilo.com\/larxiu\/wp-json\/wp\/v2\/posts"}],"about":[{"href":"https:\/\/elcabilo.com\/larxiu\/wp-json\/wp\/v2\/types\/post"}],"author":[{"embeddable":true,"href":"https:\/\/elcabilo.com\/larxiu\/wp-json\/wp\/v2\/users\/218"}],"replies":[{"embeddable":true,"href":"https:\/\/elcabilo.com\/larxiu\/wp-json\/wp\/v2\/comments?post=1549"}],"version-history":[{"count":8,"href":"https:\/\/elcabilo.com\/larxiu\/wp-json\/wp\/v2\/posts\/1549\/revisions"}],"predecessor-version":[{"id":2446,"href":"https:\/\/elcabilo.com\/larxiu\/wp-json\/wp\/v2\/posts\/1549\/revisions\/2446"}],"wp:featuredmedia":[{"embeddable":true,"href":"https:\/\/elcabilo.com\/larxiu\/wp-json\/wp\/v2\/media\/1550"}],"wp:attachment":[{"href":"https:\/\/elcabilo.com\/larxiu\/wp-json\/wp\/v2\/media?parent=1549"}],"wp:term":[{"taxonomy":"category","embeddable":true,"href":"https:\/\/elcabilo.com\/larxiu\/wp-json\/wp\/v2\/categories?post=1549"},{"taxonomy":"post_tag","embeddable":true,"href":"https:\/\/elcabilo.com\/larxiu\/wp-json\/wp\/v2\/tags?post=1549"}],"curies":[{"name":"wp","href":"https:\/\/api.w.org\/{rel}","templated":true}]}}