{"id":1888,"date":"2020-11-22T18:57:54","date_gmt":"2020-11-22T17:57:54","guid":{"rendered":"https:\/\/elcabilo.com\/larxiu\/?p=1888"},"modified":"2020-11-22T22:52:46","modified_gmt":"2020-11-22T21:52:46","slug":"el-moli-de-dalt","status":"publish","type":"post","link":"https:\/\/elcabilo.com\/larxiu\/2020\/11\/22\/el-moli-de-dalt\/","title":{"rendered":"El mol\u00ed de Dalt"},"content":{"rendered":"\n<p>Una de les imatges m\u00e9s valuoses del fons fotogr\u00e0fic J.B. Espasa (donat a l&#8217;Arxiu per la&nbsp;fam\u00edlia&nbsp;a 2013) \u00e9s aquesta en la que apareix el Mol\u00ed de Dalt amb el seu&nbsp;aspecte&nbsp;previ a les reformes realitzades en 1940.<\/p>\n\n\n\n<div class=\"wp-block-image\"><figure class=\"aligncenter size-large is-resized\"><img loading=\"lazy\" decoding=\"async\" src=\"https:\/\/elcabilo.com\/larxiu\/files\/2020\/11\/SELLA.-Molino-damunt.-sept-1928.jpg\" alt=\"\" class=\"wp-image-1889\" width=\"517\" height=\"354\" srcset=\"https:\/\/elcabilo.com\/larxiu\/files\/2020\/11\/SELLA.-Molino-damunt.-sept-1928.jpg 448w, https:\/\/elcabilo.com\/larxiu\/files\/2020\/11\/SELLA.-Molino-damunt.-sept-1928-300x205.jpg 300w\" sizes=\"auto, (max-width: 517px) 100vw, 517px\" \/><figcaption>EL Mol\u00ed de Dalt. Arxiu de Sella. <em>Fons Espasa<\/em> (1928)<\/figcaption><\/figure><\/div>\n\n\n\n<p>Situat en el riu de Les Voltes i abastit per la&nbsp;s\u00e9quia&nbsp;del mol\u00ed, que trobem&nbsp;al costat del&nbsp;pont vell, les ru\u00efnes d&#8217;aquest mol\u00ed representen una manifestaci\u00f3 important del nostre patrimoni industrial, tot i el seu deplorable estat de conservaci\u00f3.<\/p>\n\n\n\n<div class=\"wp-block-image\"><figure class=\"aligncenter size-large\"><img loading=\"lazy\" decoding=\"async\" width=\"561\" height=\"421\" src=\"https:\/\/elcabilo.com\/larxiu\/files\/2020\/11\/P4280456.jpg\" alt=\"\" class=\"wp-image-1897\" srcset=\"https:\/\/elcabilo.com\/larxiu\/files\/2020\/11\/P4280456.jpg 561w, https:\/\/elcabilo.com\/larxiu\/files\/2020\/11\/P4280456-300x225.jpg 300w\" sizes=\"auto, (max-width: 561px) 100vw, 561px\" \/><figcaption>El mol\u00ed l&#8217;any 2013 (Arxiu de Sella)<\/figcaption><\/figure><\/div>\n\n\n\n<p>Encara no coneixem l&#8217;origen del mol\u00ed (a l&#8217;Arxiu tenim&nbsp;diferents hip\u00f2tesis), per\u00f2 en 1813 sabem que Vicent Cerd\u00e0 pagava 2 lliures per un mol\u00ed fariner &#8220;en la partida del Moreral&#8221; (1). Aquesta partida \u00e9s,&nbsp;precisament, on&nbsp;es&nbsp;situa aquest mol\u00ed que va ser adquirit per&nbsp;\u00c1lvaro&nbsp;Garcia anys despr\u00e9s de tornar dels Estats Units. Com va&nbsp;oc\u00f3rrer&nbsp;al mol\u00ed de Baix, va ser modernitzat amb nova maquin\u00e0ria i electrificat, adquirint l&#8217;aspecte actual. Als anys 1950 es va dedicar tamb\u00e9 a la cria de porcs, fins que va ser adquirit per un estranger que finalment el va abandonar.<\/p>\n\n\n\n<div class=\"wp-block-image\"><figure class=\"aligncenter size-large is-resized\"><img loading=\"lazy\" decoding=\"async\" src=\"https:\/\/elcabilo.com\/larxiu\/files\/2020\/11\/20201121_124444.jpg\" alt=\"\" class=\"wp-image-1893\" width=\"550\" height=\"413\" srcset=\"https:\/\/elcabilo.com\/larxiu\/files\/2020\/11\/20201121_124444.jpg 448w, https:\/\/elcabilo.com\/larxiu\/files\/2020\/11\/20201121_124444-300x225.jpg 300w\" sizes=\"auto, (max-width: 550px) 100vw, 550px\" \/><figcaption>Interior del mol\u00ed (any 2020)<\/figcaption><\/figure><\/div>\n\n\n\n<p>Des d&#8217;aleshores ha estat, progressivament,\u00a0enva\u00eft\u00a0per la vegetaci\u00f3 del riu i\u00a0actualment\u00a0\u00e9s un lloc molt perill\u00f3s pel risc de despreniments. Entre les poques coses que sobreviuen als enderrocs destaquen unes moles catalanes i\u00a0altres franceses. Aquestes \u00faltimes, fabricades per la Grande Soci\u00e9t\u00e9 Meuli\u00e8re, es\u00a0distribu\u00efren\u00a0per tota Europa gr\u00e0cies al\u00a0desenvolupament\u00a0del ferrocarril. A Sella hagueren d&#8217;arribar amb carro, tot i pesar\u00a0tones.\u00a0S\u00f3n\u00a0moles de materials silicis, molt durs i\u00a0resistents.<\/p>\n\n\n\n<div class=\"wp-block-image\"><figure class=\"aligncenter size-large is-resized\"><a href=\"http:\/\/cesbor.blogspot.com\/2012\/10\/piedras-francesas-en-un-molino-de-vera.html\"><img loading=\"lazy\" decoding=\"async\" src=\"https:\/\/elcabilo.com\/larxiu\/files\/2020\/11\/mola-detall.jpg\" alt=\"\" class=\"wp-image-1894\" width=\"455\" height=\"605\"\/><\/a><figcaption>Moles de La Fert\u00e9 sous Jouarre (Fran\u00e7a). En 1789, 3000 persones treballaven en aquesta poblaci\u00f3 fabricant moles i en 1880 s&#8217;exportaren 20.000 moles per a tot el m\u00f3n. Font<\/figcaption><\/figure><\/div>\n\n\n\n<p>Des de l&#8217;Arxiu estem recopilant tota la informaci\u00f3 d&#8217;aquest mol\u00ed per poder oferir,&nbsp;algun&nbsp;dia, una hist\u00f2ria m\u00e9s completa sobre aquesta magn\u00edfica f\u00e0brica de farina.<\/p>\n\n\n\n<p><\/p>\n\n\n\n<p>(1). Arxiu Hist\u00f2ric Provincial d&#8217;Alacant. HB-787. &#8220;Libro Maestro de los enfiteutas de Pen\u00e1guila con nota de las enajenaciones. Cabreve 1760&#8221;, f. 110.<\/p>\n\n\n\n<p><\/p>\n\n\n\n<p class=\"has-text-align-right\">Pablo Gim\u00e9nez (agra\u00efments a Albert Rubio i Jaume Soriano)<\/p>\n","protected":false},"excerpt":{"rendered":"<p>Un dels elements m\u00e9s desconeguts del nostre patrimoni industrial, a qui estem dedicant una recerca documental <\/p>\n","protected":false},"author":218,"featured_media":1889,"comment_status":"open","ping_status":"open","sticky":false,"template":"","format":"standard","meta":{"_exactmetrics_skip_tracking":false,"_exactmetrics_sitenote_active":false,"_exactmetrics_sitenote_note":"","_exactmetrics_sitenote_category":0,"footnotes":""},"categories":[1],"tags":[],"class_list":["post-1888","post","type-post","status-publish","format-standard","has-post-thumbnail","hentry","category-sin-categoria","comments-off"],"aioseo_notices":[],"_links":{"self":[{"href":"https:\/\/elcabilo.com\/larxiu\/wp-json\/wp\/v2\/posts\/1888","targetHints":{"allow":["GET"]}}],"collection":[{"href":"https:\/\/elcabilo.com\/larxiu\/wp-json\/wp\/v2\/posts"}],"about":[{"href":"https:\/\/elcabilo.com\/larxiu\/wp-json\/wp\/v2\/types\/post"}],"author":[{"embeddable":true,"href":"https:\/\/elcabilo.com\/larxiu\/wp-json\/wp\/v2\/users\/218"}],"replies":[{"embeddable":true,"href":"https:\/\/elcabilo.com\/larxiu\/wp-json\/wp\/v2\/comments?post=1888"}],"version-history":[{"count":8,"href":"https:\/\/elcabilo.com\/larxiu\/wp-json\/wp\/v2\/posts\/1888\/revisions"}],"predecessor-version":[{"id":1902,"href":"https:\/\/elcabilo.com\/larxiu\/wp-json\/wp\/v2\/posts\/1888\/revisions\/1902"}],"wp:featuredmedia":[{"embeddable":true,"href":"https:\/\/elcabilo.com\/larxiu\/wp-json\/wp\/v2\/media\/1889"}],"wp:attachment":[{"href":"https:\/\/elcabilo.com\/larxiu\/wp-json\/wp\/v2\/media?parent=1888"}],"wp:term":[{"taxonomy":"category","embeddable":true,"href":"https:\/\/elcabilo.com\/larxiu\/wp-json\/wp\/v2\/categories?post=1888"},{"taxonomy":"post_tag","embeddable":true,"href":"https:\/\/elcabilo.com\/larxiu\/wp-json\/wp\/v2\/tags?post=1888"}],"curies":[{"name":"wp","href":"https:\/\/api.w.org\/{rel}","templated":true}]}}