{"id":1923,"date":"2020-12-28T13:57:19","date_gmt":"2020-12-28T12:57:19","guid":{"rendered":"https:\/\/elcabilo.com\/larxiu\/?p=1923"},"modified":"2020-12-28T14:03:21","modified_gmt":"2020-12-28T13:03:21","slug":"noticies-de-larxiu-num-51","status":"publish","type":"post","link":"https:\/\/elcabilo.com\/larxiu\/2020\/12\/28\/noticies-de-larxiu-num-51\/","title":{"rendered":"Not\u00edcies de l&#8217;Arxiu, n\u00fam. 51"},"content":{"rendered":"\n<p>No hi ha dubte que 2020 passar\u00e0 a la hist\u00f2ria i, per tant, deixar\u00e0 un bon registre a l&#8217;arxiu de Sella. La relaci\u00f3 del nostre poble amb les pand\u00e8mies sempre\u00a0ha\u00a0estat dif\u00edcil: aix\u00ed ens ho demostren les dades del c\u00f2lera de 1885 o de la grip de 1918.<br>Per\u00f2 aix\u00f2 mereixer\u00e0 un altre escrit, quan\u00a0puguem digerir els\u00a0dif\u00edcils\u00a0dies que estem vivint a Sella.<br>Si fem aquestes\u00a0l\u00ednies\u00a0\u00e9s per\u00a0acomiadar\u00a0l&#8217;any amb una bona\u00a0not\u00edcia, de les poques que podrem\u00a0retenir\u00a0d&#8217;aquest any. I no \u00e9s qualsevol cosa: l&#8217;aparici\u00f3 d&#8217;un nou llibre sobre la nostra hist\u00f2ria, &#8220;<strong>Garcia, procurador de\u00a0Thous\u00a0a Sella<\/strong>&#8220;, de\u00a0Llu\u00eds\u00a0Soler.<br>Un llibre que,\u00a0a m\u00e9s, t\u00e9 a veure tamb\u00e9 amb una pand\u00e8mia. Si hi ha\u00a0algun\u00a0fet memorable, que ha ajudat a conservar la mem\u00f2ria de\u00a0Juan\u00a0Thous\u00a0i la seua filla Catalina a Sella, aquest va estar el de la filantropia de la filla, mampresa pel pare en el c\u00f2lera de 1885.<br>La novel\u00b7la de\u00a0Llu\u00eds\u00a0Soler es basa en un recull d&#8217;hist\u00f2ries,\u00a0transmeses\u00a0oralment i algunes\u00a0documentades, al voltant d&#8217;aquests personatges. I aprofita\u00a0per a pintar un quadre ben realista d&#8217;aquella societat &#8220;de l&#8217;antigor&#8221;, que encara no havia conegut les novetats transformadores de la Modernitat que vindria poc despr\u00e9s.<br>A banda d&#8217;una\u00a0del\u00edcia\u00a0de novel\u00b7la, adobada de poemes i dibuixos -a manera\u00a0d&#8217;ideogrames- de l&#8217;autor, es tracta d&#8217;un llibre d&#8217;hist\u00f2ria, de la nostra\u00a0sorprenent\u00a0hist\u00f2ria del dinou.<br>L&#8217;\u00faltima\u00a0acci\u00f3 coneguda de\u00a0Thous\u00a0fou\u00a0la process\u00f3 de les eines de 1885, en aquelles &#8220;festes del segle&#8221; post-pand\u00e8mia. Si en 2019 recrearem la process\u00f3, amb la il\u00b7lusi\u00f3 de consolidar-la en calendari cultural de Sella, que no farem quan per fi desaparega la\u00a0male\u00efda\u00a0Covid-19?<\/p>\n\n\n\n<div class=\"wp-block-image\"><figure class=\"aligncenter size-large is-resized\"><a href=\"https:\/\/elcabilo.com\/larxiu\/files\/2020\/12\/Cartell-Presentacio-Llibre_Sella_reduit-724x1024-1.jpg\"><img loading=\"lazy\" decoding=\"async\" src=\"https:\/\/elcabilo.com\/larxiu\/files\/2020\/12\/Cartell-Presentacio-Llibre_Sella_reduit-724x1024-1.jpg\" alt=\"\" class=\"wp-image-1924\" width=\"364\" height=\"514\" srcset=\"https:\/\/elcabilo.com\/larxiu\/files\/2020\/12\/Cartell-Presentacio-Llibre_Sella_reduit-724x1024-1.jpg 724w, https:\/\/elcabilo.com\/larxiu\/files\/2020\/12\/Cartell-Presentacio-Llibre_Sella_reduit-724x1024-1-212x300.jpg 212w\" sizes=\"auto, (max-width: 364px) 100vw, 364px\" \/><\/a><figcaption>Cartell de la presentaci\u00f3 del llibre, que es va suspendre per brot de Covid-19a Sella. De ben segur que, a 2021, podrem cel\u00b7lebrar aquest esperat acte.<\/figcaption><\/figure><\/div>\n\n\n\n<p>D&#8217;altra banda, recordem dos detalls recents per a cel\u00b7lebrar, malgrat tot, el nadal de 2020.<\/p>\n\n\n\n<p>En primer lloc, &#8220;Viatge de Nadal&#8221;, un conte d&#8217;Enric Valor, escrit a 1962, que parla del viatge de dos traginers entre La Vila Joiosa i Alcoi. Al seu pas per Sella i el port de Tudons, viur\u00e0n una experi\u00e8ncia extrema i aleccionadora, la mateixa nit se nadal. \u00c9s una adaptaci\u00f3 de Rodolf Sirera per a R\u00e0dio Val\u00e8ncia-Cadena Ser. La podeu sentir narrada en aquest <a href=\"https:\/\/play.cadenaser.com\/audio\/1608806186475\/?autoplay=true%3Fssm%3Dfb&amp;fbclid=IwAR0dBdADYRYgaja0xxxoiB_0zNhuKpzeEXL1vQXT-RdZ04nUFdiRlU0Nm24\">enlla\u00e7<\/a>. <\/p>\n\n\n\n<p>En segon lloc, hem volgut felicitar les festes als nostres seguidors de Facebook amb aquest fullet publicitari de Tejidos Soler als anys 1960, un comer\u00e7 que es va convertir en tot un classic del nadal sellard.<\/p>\n\n\n\n<figure class=\"wp-block-image size-large\"><a href=\"https:\/\/elcabilo.com\/larxiu\/files\/2020\/12\/borrar.jpg\"><img loading=\"lazy\" decoding=\"async\" width=\"737\" height=\"1024\" src=\"https:\/\/elcabilo.com\/larxiu\/files\/2020\/12\/borrar.jpg\" alt=\"\" class=\"wp-image-1925\" srcset=\"https:\/\/elcabilo.com\/larxiu\/files\/2020\/12\/borrar.jpg 737w, https:\/\/elcabilo.com\/larxiu\/files\/2020\/12\/borrar-216x300.jpg 216w\" sizes=\"auto, (max-width: 737px) 100vw, 737px\" \/><\/a><\/figure>\n\n\n\n<p>Amb tota l&#8217;esperan\u00e7a, benvingut 2021!<\/p>\n","protected":false},"excerpt":{"rendered":"<p>No hi ha dubte que 2020 passar\u00e0 a la hist\u00f2ria i, per tant, deixar\u00e0 un bon registre a l&#8217;arxiu de<\/p>\n","protected":false},"author":218,"featured_media":1925,"comment_status":"open","ping_status":"open","sticky":false,"template":"","format":"standard","meta":{"_exactmetrics_skip_tracking":false,"_exactmetrics_sitenote_active":false,"_exactmetrics_sitenote_note":"","_exactmetrics_sitenote_category":0,"footnotes":""},"categories":[7],"tags":[],"class_list":["post-1923","post","type-post","status-publish","format-standard","has-post-thumbnail","hentry","category-noticies-de-larxiu","comments-off"],"aioseo_notices":[],"_links":{"self":[{"href":"https:\/\/elcabilo.com\/larxiu\/wp-json\/wp\/v2\/posts\/1923","targetHints":{"allow":["GET"]}}],"collection":[{"href":"https:\/\/elcabilo.com\/larxiu\/wp-json\/wp\/v2\/posts"}],"about":[{"href":"https:\/\/elcabilo.com\/larxiu\/wp-json\/wp\/v2\/types\/post"}],"author":[{"embeddable":true,"href":"https:\/\/elcabilo.com\/larxiu\/wp-json\/wp\/v2\/users\/218"}],"replies":[{"embeddable":true,"href":"https:\/\/elcabilo.com\/larxiu\/wp-json\/wp\/v2\/comments?post=1923"}],"version-history":[{"count":4,"href":"https:\/\/elcabilo.com\/larxiu\/wp-json\/wp\/v2\/posts\/1923\/revisions"}],"predecessor-version":[{"id":1929,"href":"https:\/\/elcabilo.com\/larxiu\/wp-json\/wp\/v2\/posts\/1923\/revisions\/1929"}],"wp:featuredmedia":[{"embeddable":true,"href":"https:\/\/elcabilo.com\/larxiu\/wp-json\/wp\/v2\/media\/1925"}],"wp:attachment":[{"href":"https:\/\/elcabilo.com\/larxiu\/wp-json\/wp\/v2\/media?parent=1923"}],"wp:term":[{"taxonomy":"category","embeddable":true,"href":"https:\/\/elcabilo.com\/larxiu\/wp-json\/wp\/v2\/categories?post=1923"},{"taxonomy":"post_tag","embeddable":true,"href":"https:\/\/elcabilo.com\/larxiu\/wp-json\/wp\/v2\/tags?post=1923"}],"curies":[{"name":"wp","href":"https:\/\/api.w.org\/{rel}","templated":true}]}}