{"id":1959,"date":"2021-03-02T23:22:26","date_gmt":"2021-03-02T22:22:26","guid":{"rendered":"https:\/\/elcabilo.com\/larxiu\/?p=1959"},"modified":"2021-03-03T12:07:59","modified_gmt":"2021-03-03T11:07:59","slug":"un-dia-qualsevol-a-lalcantara","status":"publish","type":"post","link":"https:\/\/elcabilo.com\/larxiu\/2021\/03\/02\/un-dia-qualsevol-a-lalcantara\/","title":{"rendered":"Un dia qualsevol a l\u2019Alc\u00e0ntara"},"content":{"rendered":"\n<p>Sota aquell sol abrasador, el tast d\u2019aquella aigua fresca i transparent em va fer tancar els ulls, oblidar-ho tot per un instant, i somriure com si es tractara d\u2019una broma de mal gust. <em>Que bona l\u2019aigua de l\u2019Alc\u00e0ntera!<\/em> em repetia a mi mateix una i altra vegada.<\/p>\n\n\n\n<p>A mesura que l\u2019aigua esvarava per la meu cara, aquella humitat horrible i apegalosa tornava a impregnar de nou tot el meu cos\u2026 <em>\u00a1Silvestre! \u00a1No vac\u00edes toda la cantimplora! \u00a1Continuamos!<\/em> Efectivament, em trobava a <em>l\u2019Alc\u00e0ntara,<\/em> per\u00f2 no a la font que tant trobava a faltar, sin\u00f3 al <em>Batall\u00f3n Peninsular No 3<\/em> batejat com el <em>Alc\u00e1ntara<\/em>. El primer batall\u00f3 enviat el 8 de Mar\u00e7 de 1895 des de Val\u00e8ncia al vaixell Antonio L<em>\u00f3<\/em>pez, amb dest\u00ed Santiago de Cuba (1). Comen\u00e7ava la Guerra de la Independ\u00e8ncia de Cuba, el Desastre del 98.<\/p>\n\n\n\n<p>Efectivament, jo, Silvestre Ortiz Soler com a part dels meus dotze anys de servici militar, vaig ser destinat durant tres anys, junt amb molts altres joves llauradors, a una guerra improvisada i com totes in\u00fatil, a milers de kil\u00f2metres de la meua benvolguda Sella.<\/p>\n\n\n\n<div class=\"wp-block-image\"><figure class=\"aligncenter size-large is-resized\"><a href=\"https:\/\/elcabilo.com\/larxiu\/files\/2021\/03\/image-2.png\"><img loading=\"lazy\" decoding=\"async\" src=\"https:\/\/elcabilo.com\/larxiu\/files\/2021\/03\/image-2.png\" alt=\"\" class=\"wp-image-1966\" width=\"416\" height=\"275\" srcset=\"https:\/\/elcabilo.com\/larxiu\/files\/2021\/03\/image-2.png 330w, https:\/\/elcabilo.com\/larxiu\/files\/2021\/03\/image-2-300x198.png 300w\" sizes=\"auto, (max-width: 416px) 100vw, 416px\" \/><\/a><\/figure><\/div>\n\n\n\n<div class=\"wp-block-image\"><figure class=\"aligncenter size-large is-resized\"><a href=\"https:\/\/elcabilo.com\/larxiu\/files\/2021\/03\/image-1.png\"><img loading=\"lazy\" decoding=\"async\" src=\"https:\/\/elcabilo.com\/larxiu\/files\/2021\/03\/image-1.png\" alt=\"\" class=\"wp-image-1965\" width=\"357\" height=\"352\"\/><\/a><figcaption>Imatge 1. Fotografia de Silvestre Ortiz Soler amb la seua dona Josefa Garcia Soler despr\u00e9s de tornar de Cuba (superior). &nbsp;Extracte del \u201cInforme de situaciones, servicios y visicitudes\u201d de Silvestre Ortiz Soler (inferior).<\/figcaption><\/figure><\/div>\n\n\n\n<p>Despr\u00e9s de setze dies de viatge, desembarcarem a Santiago de Cuba i ens destinaren a \u201c<em>la Divisi\u00f3n de Manzanillo<\/em>\u201d, concretament a la brigada de Bayamo al sector Orient de l\u2019Illa\u00ad\u00ad, &nbsp;una de les zones amb m\u00e9s insurrectes de la revoluci\u00f3 cubana.<\/p>\n\n\n\n<figure class=\"wp-block-image size-large is-resized\"><a href=\"https:\/\/elcabilo.com\/larxiu\/files\/2021\/03\/image-3.png\"><img loading=\"lazy\" decoding=\"async\" src=\"https:\/\/elcabilo.com\/larxiu\/files\/2021\/03\/image-3.png\" alt=\"\" class=\"wp-image-1967\" width=\"537\" height=\"245\" srcset=\"https:\/\/elcabilo.com\/larxiu\/files\/2021\/03\/image-3.png 368w, https:\/\/elcabilo.com\/larxiu\/files\/2021\/03\/image-3-300x137.png 300w\" sizes=\"auto, (max-width: 537px) 100vw, 537px\" \/><\/a><figcaption>Imatge 2. Mapa de l\u2019Illa de Cuba al 1898. L\u2019illa estava territorialment dividida en 6 prov\u00edncies. El \u201c<em>Batall\u00f3n<\/em> <em>Alc\u00e1ntara\u201d<\/em> realitz\u00e0 totes les seues accions al sector Orient (Font: Rafael Galv\u00e1n www.eldesastredel98.com<\/figcaption><\/figure>\n\n\n\n<p>Nom\u00e9s quatre dies despr\u00e9s, comen\u00e7aren les expedicions i per primera vegada en la meua vida, el 30 de mar\u00e7, vaig saber el que era disparar foc real a\u00a0 l\u2019enemic\u00a0 \u201c en la noche del 30 en el encuentro habido con los insurrectos en el campamento de Juan Ver por haber sido hostilizado el Bon con nutridas descargas a las que contest\u00f3 haciendo huir al enemigo\u201d (2, 3). Aquell colp de realitat no va ser res comparat amb la primera ferida per arma de foc (6 octubre de 1895) o \u201cla explosi\u00f3n de un torpedo de un kilo de dinamita al paso de su columna\u201d (2, 3). Em tornarem a ferir al turmell per valentet i posar la bandera ( testimoni de la seua filla Manuela Ortiz, la meua \u00e0via Manolita) aquell 2 de Abril de 1896 en l\u2019acci\u00f3 de San Jos\u00e9 de Maffo i acci\u00f3 de Ventas de Jiguan\u00ed (2 condecoracions per \u201cbrillante comportamiento observado en el combate de Maffo: Cruz roja del merito militar pensionada con dos pesetas y\u00a0 cincuenta c\u00e9ntimos por la herida\u201d; \u201cpor otra real orden R.O de 16 de Mayo (D.O. n108) se le concede una cruz de igual clase y pensi\u00f3n no vitalicia\u201d (2,3,4).<\/p>\n\n\n\n<figure class=\"wp-block-image size-large\"><a href=\"https:\/\/elcabilo.com\/larxiu\/files\/2021\/03\/borrar.jpg\"><img loading=\"lazy\" decoding=\"async\" width=\"1024\" height=\"463\" src=\"https:\/\/elcabilo.com\/larxiu\/files\/2021\/03\/borrar-1024x463.jpg\" alt=\"\" class=\"wp-image-1968\" srcset=\"https:\/\/elcabilo.com\/larxiu\/files\/2021\/03\/borrar-1024x463.jpg 1024w, https:\/\/elcabilo.com\/larxiu\/files\/2021\/03\/borrar-300x136.jpg 300w, https:\/\/elcabilo.com\/larxiu\/files\/2021\/03\/borrar-768x347.jpg 768w, https:\/\/elcabilo.com\/larxiu\/files\/2021\/03\/borrar.jpg 1073w\" sizes=\"auto, (max-width: 1024px) 100vw, 1024px\" \/><\/a><figcaption>Imatge 3: Extracte del \u201cDiario Oficial del Ministerio de la Guerra\u201d on es publiquen de manera oficial les condecoracions rebudes per Silvestre Ortiz Soler (4).<\/figcaption><\/figure>\n\n\n\n<p>A mesura que passen els mesos, recorde m\u00e9s i m\u00e9s la meua gracieta de posar bunyols a les orelles i al &#8220;rabo&#8221; del burro per a celebrar el meu sant com si es tractara d\u2019una cosa nom\u00e9s per a privilegiats. Fins i tot, sembla que l\u2019aigua dels rius estiga enverinada (testimonis de seua filla Manolita i els nets, Salvador el Pont i Vicente Manolita). La realitat \u00e9s que la fam i les malalties estan emportant-se molts dels meus companys. El General Weyler va fer que el batall\u00f3 Alc\u00e1ntara es retirara \u201cpor la mala situaci\u00f3n sanitaria y de alimentaci\u00f3n por falta de carne\u201d (5). Entre 1895 i 1897, 45.000 espanyols moriren a la Guerra de Cuba, dels quals 13.000 van ser per febra groga, 2000 en combat i els altres 30.000 per diverses malalties (6).<\/p>\n\n\n\n<div class=\"wp-block-image\"><figure class=\"aligncenter size-large is-resized\"><a href=\"https:\/\/elcabilo.com\/larxiu\/files\/2021\/03\/image-4.png\"><img loading=\"lazy\" decoding=\"async\" src=\"https:\/\/elcabilo.com\/larxiu\/files\/2021\/03\/image-4.png\" alt=\"Cuba, El Marroc.. guerres in\u00fatils a les quals foren enviats desenes de joves de Sella. Vicen P\u00e9rez ens conta la de Silvestre Ortiz Soler a Cuba (1895-1898)\" class=\"wp-image-1969\" width=\"538\" height=\"413\" srcset=\"https:\/\/elcabilo.com\/larxiu\/files\/2021\/03\/image-4.png 412w, https:\/\/elcabilo.com\/larxiu\/files\/2021\/03\/image-4-300x230.png 300w\" sizes=\"auto, (max-width: 538px) 100vw, 538px\" \/><\/a><figcaption>Imatge 4: Bayamo (Granma, Cuba), Octubre de 1895. El Batall\u00f3 Alc\u00e1ntara numero 3 llavant els seus uniformes al riu. Al fons de la imatge, Silvestre apurant els minuts de descans i gaudint d\u2019un bon bany. Arxiu diari ABC.<\/figcaption><\/figure><\/div>\n\n\n\n<p>Blasco Ib\u00e1\u00f1ez&nbsp; esclatava al veure que &nbsp;\u201ctenemos que mandar hombres a morir alli para que los negreros jubilados sigan recibiendo el dinero?\u201d i es que a pesar de que Cuba era un territori molt volgut i considerat com un tros m\u00e9s d\u2019Andalusia, en realitat s\u2019havia convertit en niu de corrupci\u00f3 i esclavitud. Tant pol\u00edtics com la premsa del moment, cegament desafiaren als Estat Units amb titulars ja famosos com&nbsp; \u201cEl le\u00f3n Espa\u00f1ol liquidar\u00e1 al cerdo yanki\u201d (7). La realitat fou la que alguns del almiralls de l\u2019ex\u00e8rcit venien advertint. Aquella guerra conduiria a una ru\u00efna espantosa i una pau humiliant per a la societat espanyola.&nbsp;<\/p>\n\n\n\n<p>El 15 de Juliol de 1898 capitula Santiago de Cuba i el 10 de Desembre de 1898 es signa el Tractat de Paris pel qual Espanya cedeix les seues \u00faltimes possessions d\u2019ultra mar. Espanya entra en una depressi\u00f3 econ\u00f2mica i social. Sotmesos al pessimisme general, un grup d\u2019intel\u00b7lectuals sorgeix i mitjan\u00e7ant la literatura, poesia, novel\u00b7la i molts cercles de discussi\u00f3 intenten fer que d\u2019alguna manera, aquell vell imperi espanyol a\u00efllat internacionalment comence a espavilar i mirar cap a Europa. Eixa \u201cGeneraci\u00f3n del 98\u201d es resumeix perfectament a les paraules de l\u2019escriptor i diplom\u00e0tic Angel Ganivet, <em>\u201csean la escuela y el taller y el surco los solos campos de batalla en donde tu raz\u00f3n y tus fuerzas ejercites\u201d.<\/em><\/p>\n\n\n\n<p>I aix\u00ed \u00e9s com aquell 14 d\u2019Agost de 1898 Silvestre Ortiz Soler junt amb un gran nombre de joves ferits i malalts va embarcar al vaixell \u201cIsla de Luz\u00f3n\u201d a Santiago de Cuba amb destinaci\u00f3 Vigo. Silvestre tornava a casa, a la seua benvolguda Sella on faria servir el seu particular \u201csurco\u201d com a llaurador la resta de la seua vida.<\/p>\n\n\n\n<p>Aquesta \u00e9s una hist\u00f2ria &nbsp;que va succeir ara fa m\u00e9s de 100 anys. Tanmateix, i com li passa a la nissaga dels Buend\u00eda de Garc\u00eda M\u00e1rquez,&nbsp; tinc la sensaci\u00f3 de que tot es repeteix una i altra vegada. Que penseu?<\/p>\n\n\n\n<p class=\"has-text-align-right\">Vicen(-tet) de Manolita<\/p>\n\n\n\n<p><\/p>\n\n\n\n<p><strong>Refer\u00e8ncies bibliogr\u00e0fiques<\/strong><\/p>\n\n\n\n<p><strong>1. <\/strong>Fern\u00e1ndez-Carranza EM, Izquierdo Canosa R, Navarro Chueca FJ. Batall\u00f3n Alc\u00e1ntara Peninsular n<sup>o<\/sup> 3 en la Guerra de Cuba (1895-1898).<\/p>\n\n\n\n<p><strong>2.<\/strong> Informe de situaciones, Servicios y vicisitudes, Silvestre Ortiz Soler.<\/p>\n\n\n\n<p><strong>3.<\/strong> Mart\u00ednez Llorens Natividad. Sella, historia y costumbres (1987).<\/p>\n\n\n\n<p><strong>4.<\/strong> Diario Oficial del Ministerio de la Guerra. A\u00f1o IX, tomo 3, n 156 (1896).<\/p>\n\n\n\n<p><strong>5. <\/strong>Weyler V. Mi mando en Cuba. Ed. Felipe Gonz\u00e1lez Rojas. Tomo V, pp144 y 215 (1911)<\/p>\n\n\n\n<p><strong>6.<\/strong> D\u00edaz Mart\u00ednez, Yolanda. La sanidad del ejercito Espanyol en la Guerra de 1895 en Cuba. Asclepio.revistas.csic.es.<\/p>\n\n\n\n<p><strong>7.<\/strong> \u00c1lvarez Jorge. La propaganda belicista en la prensa de Espa\u00f1a y Estados Unidos en la guerra de 1898. www.labrujulaverde.com.<\/p>\n","protected":false},"excerpt":{"rendered":"<p>Cuba, El Marroc.. guerres in\u00fatils on foren enviats desenes de joves de Sella. Vicen P\u00e9rez ens conta la hist\u00f2ria del seu besavi Silvestre Ortiz a la guerra de Cuba, entre 1895 i 1898<\/p>\n","protected":false},"author":218,"featured_media":1964,"comment_status":"open","ping_status":"open","sticky":false,"template":"","format":"standard","meta":{"_exactmetrics_skip_tracking":false,"_exactmetrics_sitenote_active":false,"_exactmetrics_sitenote_note":"","_exactmetrics_sitenote_category":0,"footnotes":""},"categories":[1],"tags":[],"class_list":["post-1959","post","type-post","status-publish","format-standard","has-post-thumbnail","hentry","category-sin-categoria"],"aioseo_notices":[],"_links":{"self":[{"href":"https:\/\/elcabilo.com\/larxiu\/wp-json\/wp\/v2\/posts\/1959","targetHints":{"allow":["GET"]}}],"collection":[{"href":"https:\/\/elcabilo.com\/larxiu\/wp-json\/wp\/v2\/posts"}],"about":[{"href":"https:\/\/elcabilo.com\/larxiu\/wp-json\/wp\/v2\/types\/post"}],"author":[{"embeddable":true,"href":"https:\/\/elcabilo.com\/larxiu\/wp-json\/wp\/v2\/users\/218"}],"replies":[{"embeddable":true,"href":"https:\/\/elcabilo.com\/larxiu\/wp-json\/wp\/v2\/comments?post=1959"}],"version-history":[{"count":9,"href":"https:\/\/elcabilo.com\/larxiu\/wp-json\/wp\/v2\/posts\/1959\/revisions"}],"predecessor-version":[{"id":1978,"href":"https:\/\/elcabilo.com\/larxiu\/wp-json\/wp\/v2\/posts\/1959\/revisions\/1978"}],"wp:featuredmedia":[{"embeddable":true,"href":"https:\/\/elcabilo.com\/larxiu\/wp-json\/wp\/v2\/media\/1964"}],"wp:attachment":[{"href":"https:\/\/elcabilo.com\/larxiu\/wp-json\/wp\/v2\/media?parent=1959"}],"wp:term":[{"taxonomy":"category","embeddable":true,"href":"https:\/\/elcabilo.com\/larxiu\/wp-json\/wp\/v2\/categories?post=1959"},{"taxonomy":"post_tag","embeddable":true,"href":"https:\/\/elcabilo.com\/larxiu\/wp-json\/wp\/v2\/tags?post=1959"}],"curies":[{"name":"wp","href":"https:\/\/api.w.org\/{rel}","templated":true}]}}