{"id":1986,"date":"2021-04-02T09:25:44","date_gmt":"2021-04-02T07:25:44","guid":{"rendered":"https:\/\/elcabilo.com\/larxiu\/?p=1986"},"modified":"2021-04-02T09:39:54","modified_gmt":"2021-04-02T07:39:54","slug":"els-ermitans","status":"publish","type":"post","link":"https:\/\/elcabilo.com\/larxiu\/2021\/04\/02\/els-ermitans\/","title":{"rendered":"Els ermitans"},"content":{"rendered":"\n<p class=\"wp-block-paragraph\">Al <em>Nomencl\u00e1tor<\/em> de 1860 -una font estad\u00edstica molt valuosa- hi destaca una dada molt interessant: l&#8217;ermita de Santa B\u00e0rbara de Sella estava habitada per quatre persones. Almenys a La Marina, segons l&#8217;estudi realitzat per Fran\u00e7a Galiana i Joaqu\u00edn Ronda [1], aquest cas era \u00fanic i per tant cal considerar-lo com un fet diferencial que vam tindre al nostre poble durant d\u00e8cades. <\/p>\n\n\n\n<div class=\"wp-block-image\"><figure class=\"aligncenter size-large is-resized\"><a href=\"https:\/\/elcabilo.com\/larxiu\/files\/2021\/04\/IMG-20181126-WA0000.jpg\"><img loading=\"lazy\" decoding=\"async\" src=\"https:\/\/elcabilo.com\/larxiu\/files\/2021\/04\/IMG-20181126-WA0000.jpg\" alt=\"\" class=\"wp-image-1987\" width=\"561\" height=\"376\"\/><\/a><figcaption>L&#8217;ermita en una imatge de principis del segle XX, sense datar i sense autoria, que ha circulat recentment per les xarxes socials sense que sapigam la proced\u00e8ncia. \u00c9s la imatge m\u00e9s antiga del campanar i la casa del ermitans, tots dos en molt bon estat de conservaci\u00f3.<\/figcaption><\/figure><\/div>\n\n\n\n<p class=\"wp-block-paragraph\">Perqu\u00e8, encara que desconeixem els noms d&#8217;aquells ermitans de 1860, per testimonis orals sabem que a principis del segle XX va viure all\u00ed la \u00abtia ermitana\u00bb i despr\u00e9s el \u00abtio Jacarilla i la tia Carlota\u00bb [2]. En algun moment, possiblement de finals del XIX, va viure una fam\u00edlia amb un fill [3], per\u00f2 no sabem si eren els mateixos. <\/p>\n\n\n\n<p class=\"wp-block-paragraph\">En tot cas, estos \u00abermitans\u00bb sembla que eren persones pobres, que habitaven l&#8217;ermita a canvi del seu manteniment. A les 12 pujaven al campanar i revoltaven (tot i que el campanar t\u00e9 restes del pas d&#8217;una corda per a poder fer-ho des de baix). En alguns bancalets de l&#8217;ermita, tal vegada aprofitant l&#8217;aigua de la cisterna, cultivaven hortalisses per a consum propi i tenien el cam\u00ed del calvari sembrat de geranis. <\/p>\n\n\n\n<p class=\"wp-block-paragraph\">Vivien a una casa molt humil, d&#8217;una sola planta baixa i una senzilla distribuci\u00f3 que un testimoni ens van descriure fa anys [2]: a m\u00e0 dreta de l&#8217;\u00fanica porta d&#8217;acc\u00e9s, es trobava l&#8217;habitaci\u00f3. L&#8217;altra estada era un sal\u00f3 on hi havia un canterer i la llar. Un poc abans de les escales del campanar se sortia a un descobert que era el corral.    <\/p>\n\n\n\n<div class=\"wp-block-image\"><figure class=\"aligncenter size-large is-resized\"><a href=\"https:\/\/elcabilo.com\/larxiu\/files\/2021\/04\/pis.jpg\"><img loading=\"lazy\" decoding=\"async\" src=\"https:\/\/elcabilo.com\/larxiu\/files\/2021\/04\/pis.jpg\" alt=\"\" class=\"wp-image-1989\" width=\"460\" height=\"613\" srcset=\"https:\/\/elcabilo.com\/larxiu\/files\/2021\/04\/pis.jpg 768w, https:\/\/elcabilo.com\/larxiu\/files\/2021\/04\/pis-225x300.jpg 225w\" sizes=\"auto, (max-width: 460px) 100vw, 460px\" \/><\/a><figcaption>Restes del paviment de lloses de l&#8217;habitaci\u00f3.<\/figcaption><\/figure><\/div>\n\n\n\n<p class=\"wp-block-paragraph\">Desconeixem fins quan es va habitar l&#8217;ermita, per\u00f2 possiblement amb la destrucci\u00f3 patida en la guerra Civil es va abandonar definitivament. Progressivament el sostre va caure i actualment \u00e9s nom\u00e9s un solar, tancat amb una porta de reixes. No obstant \u00e9s un indret molt interessant per a la hist\u00f2ria de Sella i una singularitat del nostre castell i ermita de Santa B\u00e0rbara.<\/p>\n\n\n\n<div class=\"wp-block-image\"><figure class=\"aligncenter size-large is-resized\"><a href=\"https:\/\/elcabilo.com\/larxiu\/files\/2021\/04\/XII.jpg\"><img loading=\"lazy\" decoding=\"async\" src=\"https:\/\/elcabilo.com\/larxiu\/files\/2021\/04\/XII.jpg\" alt=\"\" class=\"wp-image-1988\" width=\"523\" height=\"391\" srcset=\"https:\/\/elcabilo.com\/larxiu\/files\/2021\/04\/XII.jpg 1024w, https:\/\/elcabilo.com\/larxiu\/files\/2021\/04\/XII-300x225.jpg 300w, https:\/\/elcabilo.com\/larxiu\/files\/2021\/04\/XII-768x576.jpg 768w\" sizes=\"auto, (max-width: 523px) 100vw, 523px\" \/><\/a><figcaption>En 2018, despr\u00e9s d&#8217;unes obres de conservaci\u00f3, es va trobar aquest n\u00famero XII en el cant\u00f3 de l&#8217;entrada a la casa<\/figcaption><\/figure><\/div>\n\n\n\n<p class=\"has-text-align-right wp-block-paragraph\">Pablo Gim\u00e9nez Font<\/p>\n\n\n\n<p class=\"wp-block-paragraph\">[1]. Galiana, F. i Ronda, J. (2017): <em>La Marina en el<\/em> Nomencl\u00e1tor <em>de l&#8217;any 1860<\/em>. Callosa d&#8217;en Sarri\u00e0: La Marina d&#8217;ahir, 54 pp. Publicaci\u00f3 electr\u00f2nica disponible en http:\/\/lamarinadahir.blogspot.com\/2017\/04\/el-nomenclator-del-1860-la-marina-nou.html<\/p>\n\n\n\n<p class=\"wp-block-paragraph\">[2]. Ramona Garcia, nascuda el 1919.<\/p>\n\n\n\n<p class=\"wp-block-paragraph\">[3]. Jos\u00e9 P\u00e9rez Soler (Pepito el Llop), nascut el 1921 (?)<\/p>\n","protected":false},"excerpt":{"rendered":"<p>L&#8217;ermita de Sella va estar habitada durant moltes d\u00e8cades. Aix\u00ed ens ho demostra unes estadistiques de 1860 i testimonis orals de principis del segle XX. Coneixem m\u00e9s d&#8217;aquets ermitans.<\/p>\n","protected":false},"author":218,"featured_media":1987,"comment_status":"open","ping_status":"open","sticky":false,"template":"","format":"standard","meta":{"_exactmetrics_skip_tracking":false,"footnotes":""},"categories":[1],"tags":[],"class_list":["post-1986","post","type-post","status-publish","format-standard","has-post-thumbnail","hentry","category-sin-categoria"],"aioseo_notices":[],"aioseo_head":"\n\t\t<!-- All in One SEO 5.0.1 - aioseo.com -->\n\t<meta name=\"description\" content=\"L&#039;ermita de Sella va estar habitada durant moltes d\u00e8cades. Aix\u00ed ens ho demostra unes estadistiques de 1860 i testimonis orals de principis del segle XX. Coneixem m\u00e9s d&#039;aquets ermitans.\" \/>\n\t<meta name=\"robots\" content=\"max-image-preview:large\" \/>\n\t<meta name=\"author\" content=\"arxiver\"\/>\n\t<link rel=\"canonical\" href=\"https:\/\/elcabilo.com\/larxiu\/2021\/04\/02\/els-ermitans\/\" \/>\n\t<meta name=\"generator\" content=\"All in One SEO (AIOSEO) 5.0.1\" \/>\n\t\t<meta property=\"og:locale\" content=\"ca_ES\" \/>\n\t\t<meta property=\"og:site_name\" content=\"L&#039;ARXIU DE SELLA - Un espai per al patrimoni hist\u00f2ric i cultural de Sella i voltants\" \/>\n\t\t<meta property=\"og:type\" content=\"article\" \/>\n\t\t<meta property=\"og:title\" content=\"Els ermitans - L&#039;ARXIU DE SELLA\" \/>\n\t\t<meta property=\"og:description\" content=\"L&#039;ermita de Sella va estar habitada durant moltes d\u00e8cades. Aix\u00ed ens ho demostra unes estadistiques de 1860 i testimonis orals de principis del segle XX. Coneixem m\u00e9s d&#039;aquets ermitans.\" \/>\n\t\t<meta property=\"og:url\" content=\"https:\/\/elcabilo.com\/larxiu\/2021\/04\/02\/els-ermitans\/\" \/>\n\t\t<meta property=\"article:published_time\" content=\"2021-04-02T07:25:44+00:00\" \/>\n\t\t<meta property=\"article:modified_time\" content=\"2021-04-02T07:39:54+00:00\" \/>\n\t\t<meta name=\"twitter:card\" content=\"summary_large_image\" \/>\n\t\t<meta name=\"twitter:title\" content=\"Els ermitans - L&#039;ARXIU DE SELLA\" \/>\n\t\t<meta name=\"twitter:description\" content=\"L&#039;ermita de Sella va estar habitada durant moltes d\u00e8cades. Aix\u00ed ens ho demostra unes estadistiques de 1860 i testimonis orals de principis del segle XX. Coneixem m\u00e9s d&#039;aquets ermitans.\" \/>\n\t\t<script type=\"application\/ld+json\" class=\"aioseo-schema\">\n\t\t\t{\"@context\":\"https:\\\/\\\/schema.org\",\"@graph\":[{\"@type\":\"BlogPosting\",\"@id\":\"https:\\\/\\\/elcabilo.com\\\/larxiu\\\/2021\\\/04\\\/02\\\/els-ermitans\\\/#blogposting\",\"name\":\"Els ermitans - L'ARXIU DE SELLA\",\"headline\":\"Els ermitans\",\"author\":{\"@id\":\"https:\\\/\\\/elcabilo.com\\\/larxiu\\\/author\\\/arxiver\\\/#author\"},\"publisher\":{\"@id\":\"https:\\\/\\\/elcabilo.com\\\/larxiu\\\/#organization\"},\"image\":{\"@type\":\"ImageObject\",\"url\":\"https:\\\/\\\/elcabilo.com\\\/larxiu\\\/files\\\/2021\\\/04\\\/IMG-20181126-WA0000.jpg\",\"width\":720,\"height\":485},\"datePublished\":\"2021-04-02T09:25:44+02:00\",\"dateModified\":\"2021-04-02T09:39:54+02:00\",\"inLanguage\":\"ca\",\"commentCount\":1,\"mainEntityOfPage\":{\"@id\":\"https:\\\/\\\/elcabilo.com\\\/larxiu\\\/2021\\\/04\\\/02\\\/els-ermitans\\\/#webpage\"},\"isPartOf\":{\"@id\":\"https:\\\/\\\/elcabilo.com\\\/larxiu\\\/2021\\\/04\\\/02\\\/els-ermitans\\\/#webpage\"},\"articleSection\":\"Arxivador\"},{\"@type\":\"BreadcrumbList\",\"@id\":\"https:\\\/\\\/elcabilo.com\\\/larxiu\\\/2021\\\/04\\\/02\\\/els-ermitans\\\/#breadcrumblist\",\"itemListElement\":[{\"@type\":\"ListItem\",\"@id\":\"https:\\\/\\\/elcabilo.com\\\/larxiu#listItem\",\"position\":1,\"name\":\"Home\",\"item\":\"https:\\\/\\\/elcabilo.com\\\/larxiu\",\"nextItem\":{\"@type\":\"ListItem\",\"@id\":\"https:\\\/\\\/elcabilo.com\\\/larxiu\\\/category\\\/sin-categoria\\\/#listItem\",\"name\":\"Arxivador\"}},{\"@type\":\"ListItem\",\"@id\":\"https:\\\/\\\/elcabilo.com\\\/larxiu\\\/category\\\/sin-categoria\\\/#listItem\",\"position\":2,\"name\":\"Arxivador\",\"item\":\"https:\\\/\\\/elcabilo.com\\\/larxiu\\\/category\\\/sin-categoria\\\/\",\"nextItem\":{\"@type\":\"ListItem\",\"@id\":\"https:\\\/\\\/elcabilo.com\\\/larxiu\\\/2021\\\/04\\\/02\\\/els-ermitans\\\/#listItem\",\"name\":\"Els ermitans\"},\"previousItem\":{\"@type\":\"ListItem\",\"@id\":\"https:\\\/\\\/elcabilo.com\\\/larxiu#listItem\",\"name\":\"Home\"}},{\"@type\":\"ListItem\",\"@id\":\"https:\\\/\\\/elcabilo.com\\\/larxiu\\\/2021\\\/04\\\/02\\\/els-ermitans\\\/#listItem\",\"position\":3,\"name\":\"Els ermitans\",\"previousItem\":{\"@type\":\"ListItem\",\"@id\":\"https:\\\/\\\/elcabilo.com\\\/larxiu\\\/category\\\/sin-categoria\\\/#listItem\",\"name\":\"Arxivador\"}}]},{\"@type\":\"Organization\",\"@id\":\"https:\\\/\\\/elcabilo.com\\\/larxiu\\\/#organization\",\"name\":\"L'ARXIU DE SELLA\",\"description\":\"Un espai per al patrimoni hist\\u00f2ric i cultural de Sella i voltants\",\"url\":\"https:\\\/\\\/elcabilo.com\\\/larxiu\\\/\"},{\"@type\":\"Person\",\"@id\":\"https:\\\/\\\/elcabilo.com\\\/larxiu\\\/author\\\/arxiver\\\/#author\",\"url\":\"https:\\\/\\\/elcabilo.com\\\/larxiu\\\/author\\\/arxiver\\\/\",\"name\":\"arxiver\",\"image\":{\"@type\":\"ImageObject\",\"@id\":\"https:\\\/\\\/elcabilo.com\\\/larxiu\\\/2021\\\/04\\\/02\\\/els-ermitans\\\/#authorImage\",\"url\":\"https:\\\/\\\/secure.gravatar.com\\\/avatar\\\/bea4e471bc43b69abcb2c642b49b0ad1762efdd7bf98fd6419eb2f406c4849df?s=96&d=mm&r=g\",\"width\":96,\"height\":96,\"caption\":\"arxiver\"}},{\"@type\":\"WebPage\",\"@id\":\"https:\\\/\\\/elcabilo.com\\\/larxiu\\\/2021\\\/04\\\/02\\\/els-ermitans\\\/#webpage\",\"url\":\"https:\\\/\\\/elcabilo.com\\\/larxiu\\\/2021\\\/04\\\/02\\\/els-ermitans\\\/\",\"name\":\"Els ermitans - L'ARXIU DE SELLA\",\"description\":\"L'ermita de Sella va estar habitada durant moltes d\\u00e8cades. Aix\\u00ed ens ho demostra unes estadistiques de 1860 i testimonis orals de principis del segle XX. Coneixem m\\u00e9s d'aquets ermitans.\",\"inLanguage\":\"ca\",\"isPartOf\":{\"@id\":\"https:\\\/\\\/elcabilo.com\\\/larxiu\\\/#website\"},\"breadcrumb\":{\"@id\":\"https:\\\/\\\/elcabilo.com\\\/larxiu\\\/2021\\\/04\\\/02\\\/els-ermitans\\\/#breadcrumblist\"},\"author\":{\"@id\":\"https:\\\/\\\/elcabilo.com\\\/larxiu\\\/author\\\/arxiver\\\/#author\"},\"creator\":{\"@id\":\"https:\\\/\\\/elcabilo.com\\\/larxiu\\\/author\\\/arxiver\\\/#author\"},\"image\":{\"@type\":\"ImageObject\",\"url\":\"https:\\\/\\\/elcabilo.com\\\/larxiu\\\/files\\\/2021\\\/04\\\/IMG-20181126-WA0000.jpg\",\"@id\":\"https:\\\/\\\/elcabilo.com\\\/larxiu\\\/2021\\\/04\\\/02\\\/els-ermitans\\\/#mainImage\",\"width\":720,\"height\":485},\"primaryImageOfPage\":{\"@id\":\"https:\\\/\\\/elcabilo.com\\\/larxiu\\\/2021\\\/04\\\/02\\\/els-ermitans\\\/#mainImage\"},\"datePublished\":\"2021-04-02T09:25:44+02:00\",\"dateModified\":\"2021-04-02T09:39:54+02:00\"},{\"@type\":\"WebSite\",\"@id\":\"https:\\\/\\\/elcabilo.com\\\/larxiu\\\/#website\",\"url\":\"https:\\\/\\\/elcabilo.com\\\/larxiu\\\/\",\"name\":\"L'ARXIU DE SELLA\",\"description\":\"Un espai per al patrimoni hist\\u00f2ric i cultural de Sella i voltants\",\"inLanguage\":\"ca\",\"publisher\":{\"@id\":\"https:\\\/\\\/elcabilo.com\\\/larxiu\\\/#organization\"}}]}\n\t\t<\/script>\n\t\t<!-- All in One SEO -->\n\n","aioseo_head_json":{"title":"Els ermitans - L'ARXIU DE SELLA","description":"L'ermita de Sella va estar habitada durant moltes d\u00e8cades. Aix\u00ed ens ho demostra unes estadistiques de 1860 i testimonis orals de principis del segle XX. Coneixem m\u00e9s d'aquets ermitans.","canonical_url":"https:\/\/elcabilo.com\/larxiu\/2021\/04\/02\/els-ermitans\/","robots":"max-image-preview:large","keywords":"","webmasterTools":{"miscellaneous":""},"schema":{"@context":"https:\/\/schema.org","@graph":[{"@type":"BlogPosting","@id":"https:\/\/elcabilo.com\/larxiu\/2021\/04\/02\/els-ermitans\/#blogposting","name":"Els ermitans - L'ARXIU DE SELLA","headline":"Els ermitans","author":{"@id":"https:\/\/elcabilo.com\/larxiu\/author\/arxiver\/#author"},"publisher":{"@id":"https:\/\/elcabilo.com\/larxiu\/#organization"},"image":{"@type":"ImageObject","url":"https:\/\/elcabilo.com\/larxiu\/files\/2021\/04\/IMG-20181126-WA0000.jpg","width":720,"height":485},"datePublished":"2021-04-02T09:25:44+02:00","dateModified":"2021-04-02T09:39:54+02:00","inLanguage":"ca","commentCount":1,"mainEntityOfPage":{"@id":"https:\/\/elcabilo.com\/larxiu\/2021\/04\/02\/els-ermitans\/#webpage"},"isPartOf":{"@id":"https:\/\/elcabilo.com\/larxiu\/2021\/04\/02\/els-ermitans\/#webpage"},"articleSection":"Arxivador"},{"@type":"BreadcrumbList","@id":"https:\/\/elcabilo.com\/larxiu\/2021\/04\/02\/els-ermitans\/#breadcrumblist","itemListElement":[{"@type":"ListItem","@id":"https:\/\/elcabilo.com\/larxiu#listItem","position":1,"name":"Home","item":"https:\/\/elcabilo.com\/larxiu","nextItem":{"@type":"ListItem","@id":"https:\/\/elcabilo.com\/larxiu\/category\/sin-categoria\/#listItem","name":"Arxivador"}},{"@type":"ListItem","@id":"https:\/\/elcabilo.com\/larxiu\/category\/sin-categoria\/#listItem","position":2,"name":"Arxivador","item":"https:\/\/elcabilo.com\/larxiu\/category\/sin-categoria\/","nextItem":{"@type":"ListItem","@id":"https:\/\/elcabilo.com\/larxiu\/2021\/04\/02\/els-ermitans\/#listItem","name":"Els ermitans"},"previousItem":{"@type":"ListItem","@id":"https:\/\/elcabilo.com\/larxiu#listItem","name":"Home"}},{"@type":"ListItem","@id":"https:\/\/elcabilo.com\/larxiu\/2021\/04\/02\/els-ermitans\/#listItem","position":3,"name":"Els ermitans","previousItem":{"@type":"ListItem","@id":"https:\/\/elcabilo.com\/larxiu\/category\/sin-categoria\/#listItem","name":"Arxivador"}}]},{"@type":"Organization","@id":"https:\/\/elcabilo.com\/larxiu\/#organization","name":"L'ARXIU DE SELLA","description":"Un espai per al patrimoni hist\u00f2ric i cultural de Sella i voltants","url":"https:\/\/elcabilo.com\/larxiu\/"},{"@type":"Person","@id":"https:\/\/elcabilo.com\/larxiu\/author\/arxiver\/#author","url":"https:\/\/elcabilo.com\/larxiu\/author\/arxiver\/","name":"arxiver","image":{"@type":"ImageObject","@id":"https:\/\/elcabilo.com\/larxiu\/2021\/04\/02\/els-ermitans\/#authorImage","url":"https:\/\/secure.gravatar.com\/avatar\/bea4e471bc43b69abcb2c642b49b0ad1762efdd7bf98fd6419eb2f406c4849df?s=96&d=mm&r=g","width":96,"height":96,"caption":"arxiver"}},{"@type":"WebPage","@id":"https:\/\/elcabilo.com\/larxiu\/2021\/04\/02\/els-ermitans\/#webpage","url":"https:\/\/elcabilo.com\/larxiu\/2021\/04\/02\/els-ermitans\/","name":"Els ermitans - L'ARXIU DE SELLA","description":"L'ermita de Sella va estar habitada durant moltes d\u00e8cades. Aix\u00ed ens ho demostra unes estadistiques de 1860 i testimonis orals de principis del segle XX. Coneixem m\u00e9s d'aquets ermitans.","inLanguage":"ca","isPartOf":{"@id":"https:\/\/elcabilo.com\/larxiu\/#website"},"breadcrumb":{"@id":"https:\/\/elcabilo.com\/larxiu\/2021\/04\/02\/els-ermitans\/#breadcrumblist"},"author":{"@id":"https:\/\/elcabilo.com\/larxiu\/author\/arxiver\/#author"},"creator":{"@id":"https:\/\/elcabilo.com\/larxiu\/author\/arxiver\/#author"},"image":{"@type":"ImageObject","url":"https:\/\/elcabilo.com\/larxiu\/files\/2021\/04\/IMG-20181126-WA0000.jpg","@id":"https:\/\/elcabilo.com\/larxiu\/2021\/04\/02\/els-ermitans\/#mainImage","width":720,"height":485},"primaryImageOfPage":{"@id":"https:\/\/elcabilo.com\/larxiu\/2021\/04\/02\/els-ermitans\/#mainImage"},"datePublished":"2021-04-02T09:25:44+02:00","dateModified":"2021-04-02T09:39:54+02:00"},{"@type":"WebSite","@id":"https:\/\/elcabilo.com\/larxiu\/#website","url":"https:\/\/elcabilo.com\/larxiu\/","name":"L'ARXIU DE SELLA","description":"Un espai per al patrimoni hist\u00f2ric i cultural de Sella i voltants","inLanguage":"ca","publisher":{"@id":"https:\/\/elcabilo.com\/larxiu\/#organization"}}]},"og:locale":"ca_ES","og:site_name":"L'ARXIU DE SELLA - Un espai per al patrimoni hist\u00f2ric i cultural de Sella i voltants","og:type":"article","og:title":"Els ermitans - L'ARXIU DE SELLA","og:description":"L'ermita de Sella va estar habitada durant moltes d\u00e8cades. Aix\u00ed ens ho demostra unes estadistiques de 1860 i testimonis orals de principis del segle XX. Coneixem m\u00e9s d'aquets ermitans.","og:url":"https:\/\/elcabilo.com\/larxiu\/2021\/04\/02\/els-ermitans\/","article:published_time":"2021-04-02T07:25:44+00:00","article:modified_time":"2021-04-02T07:39:54+00:00","twitter:card":"summary_large_image","twitter:title":"Els ermitans - L'ARXIU DE SELLA","twitter:description":"L'ermita de Sella va estar habitada durant moltes d\u00e8cades. Aix\u00ed ens ho demostra unes estadistiques de 1860 i testimonis orals de principis del segle XX. Coneixem m\u00e9s d'aquets ermitans."},"aioseo_meta_data":{"post_id":"1986","title":null,"description":null,"keywords":null,"keyphrases":null,"primary_term":null,"canonical_url":null,"og_title":null,"og_description":null,"og_object_type":"default","og_image_type":"default","og_image_url":null,"og_image_width":null,"og_image_height":null,"og_image_custom_url":null,"og_image_custom_fields":null,"og_video":null,"og_custom_url":null,"og_article_section":null,"og_article_tags":null,"twitter_use_og":false,"twitter_card":"default","twitter_image_type":"default","twitter_image_url":null,"twitter_image_custom_url":null,"twitter_image_custom_fields":null,"twitter_title":null,"twitter_description":null,"schema":{"blockGraphs":[],"customGraphs":[],"default":{"data":{"Article":[],"Course":[],"Dataset":[],"FAQPage":[],"Movie":[],"Person":[],"Product":[],"ProductReview":[],"Car":[],"Recipe":[],"Service":[],"SoftwareApplication":[],"WebPage":[]},"graphName":"","isEnabled":true},"graphs":[]},"schema_type":"default","schema_type_options":null,"pillar_content":false,"robots_default":true,"robots_noindex":false,"robots_noarchive":false,"robots_nosnippet":false,"robots_nofollow":false,"robots_noimageindex":false,"robots_noodp":false,"robots_notranslate":false,"robots_max_snippet":null,"robots_max_videopreview":null,"robots_max_imagepreview":"large","priority":null,"frequency":null,"local_seo":null,"breadcrumb_settings":null,"limit_modified_date":false,"ai":null,"created":"2023-01-28 01:13:16","updated":"2025-06-09 02:41:19","seo_analyzer_scan_date":null,"focus_keyword":null,"additional_keywords":null,"truseo_locale":null},"aioseo_breadcrumb":"<div class=\"aioseo-breadcrumbs\"><span class=\"aioseo-breadcrumb\">\n\t\t\t<a href=\"https:\/\/elcabilo.com\/larxiu\" title=\"Home\">Home<\/a>\n\t\t<\/span><span class=\"aioseo-breadcrumb-separator\">\u00bb<\/span><span class=\"aioseo-breadcrumb\">\n\t\t\t<a href=\"https:\/\/elcabilo.com\/larxiu\/category\/sin-categoria\/\" title=\"Arxivador\">Arxivador<\/a>\n\t\t<\/span><span class=\"aioseo-breadcrumb-separator\">\u00bb<\/span><span class=\"aioseo-breadcrumb\">\n\t\t\tEls ermitans\n\t\t<\/span><\/div>","aioseo_breadcrumb_json":[{"label":"Home","link":"https:\/\/elcabilo.com\/larxiu"},{"label":"Arxivador","link":"https:\/\/elcabilo.com\/larxiu\/category\/sin-categoria\/"},{"label":"Els ermitans","link":"https:\/\/elcabilo.com\/larxiu\/2021\/04\/02\/els-ermitans\/"}],"_links":{"self":[{"href":"https:\/\/elcabilo.com\/larxiu\/wp-json\/wp\/v2\/posts\/1986","targetHints":{"allow":["GET"]}}],"collection":[{"href":"https:\/\/elcabilo.com\/larxiu\/wp-json\/wp\/v2\/posts"}],"about":[{"href":"https:\/\/elcabilo.com\/larxiu\/wp-json\/wp\/v2\/types\/post"}],"author":[{"embeddable":true,"href":"https:\/\/elcabilo.com\/larxiu\/wp-json\/wp\/v2\/users\/218"}],"replies":[{"embeddable":true,"href":"https:\/\/elcabilo.com\/larxiu\/wp-json\/wp\/v2\/comments?post=1986"}],"version-history":[{"count":2,"href":"https:\/\/elcabilo.com\/larxiu\/wp-json\/wp\/v2\/posts\/1986\/revisions"}],"predecessor-version":[{"id":1991,"href":"https:\/\/elcabilo.com\/larxiu\/wp-json\/wp\/v2\/posts\/1986\/revisions\/1991"}],"wp:featuredmedia":[{"embeddable":true,"href":"https:\/\/elcabilo.com\/larxiu\/wp-json\/wp\/v2\/media\/1987"}],"wp:attachment":[{"href":"https:\/\/elcabilo.com\/larxiu\/wp-json\/wp\/v2\/media?parent=1986"}],"wp:term":[{"taxonomy":"category","embeddable":true,"href":"https:\/\/elcabilo.com\/larxiu\/wp-json\/wp\/v2\/categories?post=1986"},{"taxonomy":"post_tag","embeddable":true,"href":"https:\/\/elcabilo.com\/larxiu\/wp-json\/wp\/v2\/tags?post=1986"}],"curies":[{"name":"wp","href":"https:\/\/api.w.org\/{rel}","templated":true}]}}