{"id":2023,"date":"2021-07-23T12:40:35","date_gmt":"2021-07-23T10:40:35","guid":{"rendered":"https:\/\/elcabilo.com\/larxiu\/?p=2023"},"modified":"2021-07-23T12:40:37","modified_gmt":"2021-07-23T10:40:37","slug":"los-fallecidos-durante-la-gripe-de-1918","status":"publish","type":"post","link":"https:\/\/elcabilo.com\/larxiu\/2021\/07\/23\/los-fallecidos-durante-la-gripe-de-1918\/","title":{"rendered":"Los fallecidos durante la gripe de 1918"},"content":{"rendered":"\n<p>Durante las distintas pandemias que en los siglos pasados han asolado al pa\u00eds entero no tenemos a\u00fan listas de los fallecidos que hubo en Sella, pero hoy os traigo un listado de todos los vecinos de Sella que durante la Gripe Espa\u00f1ola de 1918 fueron enterrados. Adem\u00e1s, que este escrito sirva como a\u00f1adido al de Salvador Garc\u00eda Cerd\u00e1 del 11 de noviembre de 2020 (<a href=\"https:\/\/elcabilo.com\/larxiu\/2020\/11\/11\/la-grip-de-1918\/\">https:\/\/elcabilo.com\/larxiu\/2020\/11\/11\/la-grip-de-1918\/<\/a>), en el que nos cuenta como afecto la gripe al pueblo a partir de las actas de las reuniones del Ayuntamiento de aquella \u00e9poca.<\/p>\n\n\n\n<p>Gracias a los registros parroquiales sabemos que durante la pandemia de la gripe espa\u00f1ola en Sella fallecieron un total de 26 personas entre el 4 de octubre y el 4 de noviembre de 1918 a causa de dicha gripe.<\/p>\n\n\n\n<p>Como dice Salvador, los primeros casos de la gripe empezaron en el primer trimestre de 1918 en el pa\u00eds. En Sella empez\u00f3 en octubre, y en total en 1918 hubo <strong>68<\/strong> fallecidos, cifra que supera a la \u00faltima mayor cifra que hubo, la de 1913, que fue de <strong>62<\/strong> fallecidos. En 1914 se lleg\u00f3 a los 40 y en los a\u00f1os posteriores la mayor cifra que hubo fue de 31 fallecidos en 1916, siendo la mayor\u00eda de ellos gente adulta. Desde enero hasta septiembre de 1918 tan solo hubo 29 fallecidos, no habiendo ninguno en el mes de junio. Las primeras noticias llegan al pueblo el 15 de septiembre durante la reuni\u00f3n de la corporaci\u00f3n del Ayuntamiento, y no ser\u00e1 hasta veinte d\u00edas despu\u00e9s que los fallecidos llegan al cementerio casi a diario.<\/p>\n\n\n\n<p>A\u00f1adir a esto dos cosas m\u00e1s. Primero que en a\u00f1os anteriores las cifras de fallecidos llegan a ser muy altas tambi\u00e9n: 58 en 1895, <strong>65<\/strong> en 1896, 53 en 1897, 55 en 1899, 47 en 1901, 48 en 1902, 54 en 1904, y despu\u00e9s van descendiendo, teniendo como excepciones anteriores los a\u00f1os 1898 con 37, 1900 con 37, 1903 con 36\u2026 Y en segundo lugar la demograf\u00eda del pueblo. La mayor cifra registrada de la que se tiene constancia es la de 1887, de 1856 habitantes, pero llegados al siglo XX la cifra disminuye. En 1900 la cifra es de 1758 habitantes, en 1910 de 1658, en 1920 de 1605\u2026 Podemos observar de qu\u00e9 modo la cifra de fallecidos disminuye a la vez que la de habitantes y el impacto que supuso este aumento repentino de fallecidos en 1918.<\/p>\n\n\n\n<figure class=\"wp-block-image size-large\"><a href=\"https:\/\/elcabilo.com\/larxiu\/files\/2016\/12\/1905_2.jpg\"><img loading=\"lazy\" decoding=\"async\" width=\"855\" height=\"400\" src=\"https:\/\/elcabilo.com\/larxiu\/files\/2016\/12\/1905_2.jpg\" alt=\"\" class=\"wp-image-1262\" srcset=\"https:\/\/elcabilo.com\/larxiu\/files\/2016\/12\/1905_2.jpg 855w, https:\/\/elcabilo.com\/larxiu\/files\/2016\/12\/1905_2-300x140.jpg 300w, https:\/\/elcabilo.com\/larxiu\/files\/2016\/12\/1905_2-768x359.jpg 768w\" sizes=\"auto, (max-width: 855px) 100vw, 855px\" \/><\/a><figcaption>Detall del poble des del Llinar, amb un aspecte prou semblant al que presentaria en 1918 (sense la carretera construida). Arxiu de Sella. Fototeca: Fons \u00c1ngel Llorca<\/figcaption><\/figure>\n\n\n\n<p>Sobre la causa de defunci\u00f3n de los 26 fallecidos por la gripe, en los registros parroquiales hacen constar varios t\u00e9rminos. El autor de dichos registros es el Cura Ec\u00f3nomo Jos\u00e9 Ripoll Pbro. El t\u00e9rmino que m\u00e1s hace constar es el de <em>grippe<\/em> 14 veces, lo sigue <em>bronco neumon\u00eda<\/em> o <em>bronco neumon\u00eda grippal<\/em> 9 veces, <em>meocarditis<\/em> o<em> meocarditis grippal<\/em> 2 veces y<em> bronquitis<\/em> 1 vez. Los fallecidos por la grippe se comprenden entre la partida 31 y la 61. De estas 31 partidas, 26 son de la <em>grippe<\/em> y en 16 de ellas se hace constar que el finado no recibi\u00f3 los Santos Sacramentos, de los 10 restantes que s\u00ed, dos son <em>sub-conditione<\/em>. De estas 31 partidas, 7 corresponden a p\u00e1rvulos, 3 fallecidos por <em>grippe<\/em>, 2 por <em>gastro-enteritis<\/em>, 1 por <em>aborto<\/em> y 1 por <em>feto<\/em>. De los fallecidos por la <em>grippe<\/em>, 18 fueron mujeres y 8 hombres.<\/p>\n\n\n\n<p>A continuaci\u00f3n os proporciono un listado de todos los difuntos de aquel tan horrible mes de octubre de 1918, para que cualquier familiar o persona interesada pueda consultarlo: <em>(Todos constan vecinos y naturales de Sella)<\/em><\/p>\n\n\n\n<p><strong>-Silveria Garcia Cant\u00f3.<\/strong> Partida 31, del 4 de octubre de 1918. De 47 a\u00f1os de edad, consorte de Daniel Jord\u00e1 Alemany. Hija de Vicente Garcia Garcia y de Desamparados Cant\u00f3 Giner. Falleci\u00f3 ayer a las dos de la ma\u00f1ana a consecuencia de grippe. No recibi\u00f3 los Santos Sacramentos.<\/p>\n\n\n\n<p><strong>-Alejandro Jos\u00e9 Garcia Garcia.<\/strong> Partida 32, del 8 de octubre de 1918. De 33 a\u00f1os de edad, consorte de Joaquina Buades Climent. Hijo de Jos\u00e9 Garcia Cant\u00f3 y de Teresa Garcia Climent. Falleci\u00f3 ayer a las tres de la ma\u00f1ana a consecuencia de grippe. No recibi\u00f3 los Santos Sacramentos.<\/p>\n\n\n\n<p><strong>-Jos\u00e9 Vicente Guillem Asensi.<\/strong> Partida 33, del 9 de octubre de 1918. De 26 a\u00f1os de edad, soltero. Hijo de Jos\u00e9 Guillem P\u00e9rez y de Teresa Asensi Berenguer. Falleci\u00f3 ayer a las tres de la ma\u00f1ana a consecuencia de Bronco-neumon\u00eda gripal. Recibi\u00f3 los Santos Sacramentos.<\/p>\n\n\n\n<p><strong>-B\u00e1rbara Pic\u00f3 Cant\u00f3.<\/strong> Partida 34, del 9 de octubre de 1918. De 33 a\u00f1os de edad, consorte de Jos\u00e9 Soler Olcina. Hija de Juan Pic\u00f3 Sebasti\u00e1 y de Maria Cant\u00f3 Giner. Falleci\u00f3 ayer a las cuatro de la tarde a consecuencia de grippe. No recibi\u00f3 los Santos Sacramentos.<\/p>\n\n\n\n<p><strong>-Rosalina Garcia Cant\u00f3. <\/strong>Partida 35, del 11 de octubre de 1918. De 52 a\u00f1os de edad, consorte de Bautista Villaplana Santacreu. Hija de Vicente Garcia Garcia y de Amparados Cant\u00f3 Giner. Recibi\u00f3 los Santos Sacramentos.<\/p>\n\n\n\n<p><strong>-Maria Llor\u00e9ns Llinares.<\/strong> Partida 37, del 13 de octubre de 1918. De 16 a\u00f1os de edad, soltera. Hija de Carmelo Llor\u00e9ns Mayor y de Remedio Llinares Garcia. Falleci\u00f3 ayer a las once de la ma\u00f1ana a consecuencia de grippe. Recibi\u00f3 los Santos Sacramentos.<\/p>\n\n\n\n<p><strong>-Braulio Garcia Cant\u00f3.<\/strong> Partida 39, del 17 de octubre de 1918. De 54 a\u00f1os de edad, consorte de Germanda Garcia Garcia. Hijo de Vicente Garcia Garcia y de Amparados Cant\u00f3 Giner. Falleci\u00f3 ayer a las diez de la ma\u00f1ana a consecuencia de grippe. Recibi\u00f3 los Santos Sacramentos.<\/p>\n\n\n\n<p><strong>-Guadalupe Olcina P\u00e9rez.<\/strong> Partida 40, del 18 de octubre de 1918. De 27 a\u00f1os de edad, consorte de Vicente Mas Ib\u00e1\u00f1ez. Hija de Jos\u00e9 Olcina P\u00e9rez y de Maria P\u00e9rez y P\u00e9rez. Falleci\u00f3 ayer a las diez de la ma\u00f1ana a consecuencia de grippe. Recibi\u00f3 los Santos Sacramentos de Penitencia y Extremaunci\u00f3n.<\/p>\n\n\n\n<p><strong>-Asunci\u00f3n Cant\u00f3 Ortiz.<\/strong> Partida 41, del 19 de octubre de 1918. De 27 a\u00f1os de edad, soltera. Hija de Domingo Cant\u00f3 Pl\u00e1 y de Vicenta Ortiz Giner. Falleci\u00f3 ayer a las tres de la ma\u00f1ana a consecuencia de bronco-neumon\u00eda. Recibi\u00f3 los Santos Sacramentos de Penitencia y Extremaunci\u00f3n.<\/p>\n\n\n\n<p><strong>-Eleodora P\u00e9rez Soler.<\/strong> Partida 42, del 19 de octubre de 1918. De 8 a\u00f1os de edad. Hija de Francisco P\u00e9rez Giner y de Eleodora Soler Olcina. Falleci\u00f3 ayer a las doce de la ma\u00f1ana a consecuencia de bronco-neumon\u00eda grippal. No recibi\u00f3 los Santos Sacramentos.<\/p>\n\n\n\n<p><strong>-Vicente Cerd\u00e1 Giner<\/strong>. Partida 44, del 20 de octubre de 1918. De 32 a\u00f1os de edad, consorte de Josefina Soler Ronda. Hijo de Vicente Cerd\u00e1 Lloret y de Maria Josefa Giner Herrero. Falleci\u00f3 ayer a las siete de la noche a consecuencia de bronco-neumon\u00eda grippal. No recibi\u00f3 los Santos Sacramentos.<\/p>\n\n\n\n<p><strong>-Maria Ortiz Olcina.<\/strong> Partida 45, del 21 de octubre de 1918. De 4 horas de edad. Hija de Francisco Ortiz Soler y de Maria Olcina P\u00e9rez. Falleci\u00f3 ayer a las diez de la ma\u00f1ana a consecuencia de feto. <em>Siendo su madre la siguiente fallecida por grippe:<\/em><\/p>\n\n\n\n<p><strong>-Maria Olcina P\u00e9rez.<\/strong> Partida 46, del 22 de octubre de 1918. De 25 a\u00f1os de edad, consorte de Francisco Ortiz Soler. Hija de Jos\u00e9 Olcina P\u00e9rez y de Maria P\u00e9rez P\u00e9rez. Falleci\u00f3 ayer a la una de la ma\u00f1ana a consecuencia de grippe. Recibi\u00f3, sub-conditione, los Santos Sacramentos de penitencia y extremaunci\u00f3n.<\/p>\n\n\n\n<p><strong>-Maria Rafael Santacreu<\/strong>. Partida 47, del 11 de octubre de 1918. De 33 a\u00f1os de edad, soltera. Hija de Francisco Rafael =Exp\u00f3sito= y de Petronila Santacreu =Exp\u00f3sito=. Falleci\u00f3 ayer a las nueve de la ma\u00f1ana a consecuencia de bronquitis. Recibi\u00f3 los Santos Sacramentos.<\/p>\n\n\n\n<p><strong>-\u00c1ngela Alemany Garcia.<\/strong> Partida 48, del 22 de octubre de 1918. De 50 a\u00f1os de edad, consorte de Jos\u00e9 Sebasti\u00e1 Mayor. Hija de Felipe Alemany Garcia y de B\u00e1rbara Garcia Cerd\u00e1. Falleci\u00f3 ayer a las seis de la ma\u00f1ana a consecuencia de bronco-neumon\u00eda. No recibi\u00f3 los Santos Sacramentos.<\/p>\n\n\n\n<p><strong>-Teresa Soler Olcina.<\/strong> Partida 49, del 24 de octubre de 1918. De 35 a\u00f1os de edad, consorte de Antonio Soler Garcia. Hija de Jos\u00e9 Soler Guillem y de Teresa Olcina Sell\u00e9s. Falleci\u00f3 ayer a las dos de la tarde a consecuencia de grippe. Recibi\u00f3 los Santos Sacramentos de penitencia y de viatica.<\/p>\n\n\n\n<p><strong>-Francisca Martinez Cant\u00f3.<\/strong> Partida 50, del 25 de octubre de 1918. De 23 a\u00f1os de edad, consorte de Vicente Olcina Garcia. Hija de Francisco Martinez Ortiz y de Josefa Cant\u00f3 Cerd\u00e1. Falleci\u00f3 ayer a las seis de la ma\u00f1ana a consecuencia de grippe. Recibi\u00f3 los Santos Sacramentos.<\/p>\n\n\n\n<p><strong>-Josefa Rosa Giner Morales.<\/strong> Partida 51, del 26 de octubre de 1918. De 46 a\u00f1os de edad, consorte de Vicente Garcia Mas. Hija de Pedro Giner Climent y de Rosa Morales Seva. Falleci\u00f3 ayer a las tres de la tarde a consecuencia de grippe, bronco-neumon\u00eda. Recibi\u00f3 los Santos Sacramentos.<\/p>\n\n\n\n<p><strong>-Amparo Sebasti\u00e1 Alemany.<\/strong> Partida 52, del 26 de octubre de 1918. De 10 a\u00f1os de edad. Hija de Jos\u00e9 Sebasti\u00e1 Mayor y de \u00c1ngela Alemany Garcia. Falleci\u00f3 ayer a las cuatro de la tarde a consecuencia de grippe.<\/p>\n\n\n\n<p><strong>-Jos\u00e9 P\u00e9rez P\u00e9rez.<\/strong> Partida 53, del 28 de octubre de 1918. De 75 a\u00f1os de edad, consorte de Isabel Mayor Soler. Hijo de Jos\u00e9 P\u00e9rez P\u00e9rez y de Maria P\u00e9rez Zaragoza. Falleci\u00f3 ayer a las cuatro de la ma\u00f1ana a consecuencia de grippe. No recibi\u00f3 los Santos Sacramentos.<\/p>\n\n\n\n<p><strong>-Vicente Seva Agull\u00f3.<\/strong> Partida 54, del 29 de octubre de 1918. De 38 a\u00f1os de edad, consorte de Juana Climent Seva. Hijo de Jos\u00e9 Seva Garcia y de Josefa Agull\u00f3 P\u00e9rez. Falleci\u00f3 ayer a la una de la ma\u00f1ana a consecuencia de grippe. Recibi\u00f3, sub-conditione, los Santos Sacramentos de penitencia y extremaunci\u00f3n.<\/p>\n\n\n\n<p><strong>-Salvador de la Creu Garcia.<\/strong> Partida 55, del 30 de octubre de 1918. De 4 a\u00f1os de edad. Hijo de Francisco de la Creu Tomasa y de Maria Garcia Giner. Falleci\u00f3 ayer a las cinco de la ma\u00f1ana a consecuencia de grippe<\/p>\n\n\n\n<p><strong>-Antonia Jord\u00e1 Mas.<\/strong> Partida 56, del 30 de octubre de 1918. De 4 a\u00f1os de edad. Hija de Jos\u00e9 Maria Jord\u00e1 Alemany y de Josefa Mas P\u00e9rez. Falleci\u00f3 ayer a las cinco de la ma\u00f1ana a consecuencia de grippe.<\/p>\n\n\n\n<p><strong>-Joaquina Solbes Mas.<\/strong> Partida 58, del 1 de noviembre de 1918. De 22 a\u00f1os de edad, consorte de Jos\u00e9 Bald\u00f3 Garcia. Hija de Francisco Solbes Morales y de Maria Mas e Ib\u00e1\u00f1ez. Falleci\u00f3 ayer a las cinco de la tarde a consecuencia de Meocarditis grippal. Recibi\u00f3 los Santos Sacramentos.<\/p>\n\n\n\n<p><strong>-Agust\u00edn Andr\u00e9s Salustiana.<\/strong> Partida 59, del 2 de noviembre de 1918. De 40 a\u00f1os de edad, consorte de Maria Climent Vidal. Hijo de Agust\u00edn Andr\u00e9s =Exp\u00f3sito= y de Enrica Salustiana =Exp\u00f3sito=. Falleci\u00f3 ayer a las diez de la ma\u00f1ana a consecuencia de Meocarditis. Recibi\u00f3 los Santos Sacramentos.<\/p>\n\n\n\n<p><strong>-Emilia P\u00e9rez Cant\u00f3.<\/strong> Partida 60, del 2 de noviembre de 1918. De 29 a\u00f1os de edad, soltera. Hija de Francisco P\u00e9rez Olcina y de Teresa Cant\u00f3 Cerd\u00e1. Falleci\u00f3 ayer a las once de la ma\u00f1ana a consecuencia de bronco, pneumon\u00eda grippal. No recibi\u00f3 los Santos Sacramentos.<\/p>\n\n\n\n<p><strong>-Catalina Soler Garcia.<\/strong> Partida 61, del 4 de noviembre de 1918. De 55 a\u00f1os de edad, consorte de Salvador Alemany Mullor. Hija de Vicente Soler P\u00e9rez y de Josefa Garcia Buades. Falleci\u00f3 ayer a las tres de la ma\u00f1ana a consecuencia de bronco, pneumon\u00eda grippal. No recibi\u00f3 los Santos Sacramentos.<\/p>\n\n\n\n<p>A\u00f1adir como \u00faltimo punto las relaciones familiares que a simple vista se pueden observar entre algunos de los fallecidos:<\/p>\n\n\n\n<p>Los hermanos Silveria, Rosalina y Braulio Garc\u00eda Cant\u00f3 y su posible primo paterno Alejandro Jos\u00e9 Garc\u00eda Garc\u00eda. Esta familia posiblemente vivir\u00eda en la calle Jes\u00fas.<\/p>\n\n\n\n<p>Tambi\u00e9n est\u00e1 la familia Olcina. Las hermanas Guadalupe y Maria Olcina P\u00e9rez, y la hija de esta Maria que muri\u00f3 un d\u00eda antes que ella, siendo tan solo un feto, seg\u00fan el acta. Podemos pensar que la gripe afect\u00f3 mucho a esta mujer embarazada, dando a luz sin fuerza alguna y muriendo ambas casi a la vez. Este acto debi\u00f3 ser bastante tr\u00e1gico para el marido, teniendo en cuenta que tan solo contaba con 25 a\u00f1os esta mujer, y que llevar\u00edan pocos a\u00f1os casados. Tambi\u00e9n tenemos a Jos\u00e9 P\u00e9rez P\u00e9rez, que sin estar seguros, podr\u00eda ser un t\u00edo materno de las anteriores hermanas.<\/p>\n\n\n\n<p>Tambi\u00e9n destaco el fallecimiento de Vicente Cerd\u00e1 Giner, consorte de Josefina Soler Ronda y hermano del que fue alcalde de Sella, Jos\u00e9 Cerd\u00e1 Giner (<em>Pepe Grau)<\/em>.<\/p>\n\n\n\n<p>Por \u00faltimo, para ir terminando, tambi\u00e9n comento del escrito de Salvador que en marzo de 1919 se consideraba que la epidemia hab\u00eda pasado ya. En los libros parroquiales esto se traduce de otra manera. En noviembre y diciembre de 1918 ya hemos visto que de los 11 fallecidos que hubo, los cuatro primeros fueron de grippe, siendo el \u00faltimo del d\u00eda 4 de dicho mes de noviembre. En 1919 los fallecidos totales fueron 30, habiendo tan solo 7 fallecidos desde enero hasta marzo, dos de los cuales a causa de <em>bronquitis<\/em>, y no hubo ning\u00fan fallecido por <em>grippe<\/em> en los registros. Tampoco lo hubo en 1920, a\u00f1o en que hubo 32 fallecidos, y en 1921 ser\u00edan 40, siempre predominando los adultos.<\/p>\n\n\n\n<p>La normalidad se logr\u00f3 relativamente r\u00e1pido, con el esfuerzo de las autoridades pol\u00edticas y el miedo que entre los vecinos habr\u00eda. Tambi\u00e9n es de creer que los fallecidos residir\u00edan en el propio pueblo y no vivir\u00edan en mas\u00edas, ya que a ellas costar\u00eda mucho m\u00e1s que llegase la gripe.<\/p>\n\n\n\n<p class=\"has-text-align-right\">Albert Rubio Rubio<\/p>\n","protected":false},"excerpt":{"rendered":"<p>Durante las distintas pandemias que en los siglos pasados han asolado al pa\u00eds entero no tenemos a\u00fan listas de los<\/p>\n","protected":false},"author":218,"featured_media":1262,"comment_status":"open","ping_status":"open","sticky":false,"template":"","format":"standard","meta":{"_exactmetrics_skip_tracking":false,"_exactmetrics_sitenote_active":false,"_exactmetrics_sitenote_note":"","_exactmetrics_sitenote_category":0,"footnotes":""},"categories":[1],"tags":[],"class_list":["post-2023","post","type-post","status-publish","format-standard","has-post-thumbnail","hentry","category-sin-categoria","comments-off"],"aioseo_notices":[],"_links":{"self":[{"href":"https:\/\/elcabilo.com\/larxiu\/wp-json\/wp\/v2\/posts\/2023","targetHints":{"allow":["GET"]}}],"collection":[{"href":"https:\/\/elcabilo.com\/larxiu\/wp-json\/wp\/v2\/posts"}],"about":[{"href":"https:\/\/elcabilo.com\/larxiu\/wp-json\/wp\/v2\/types\/post"}],"author":[{"embeddable":true,"href":"https:\/\/elcabilo.com\/larxiu\/wp-json\/wp\/v2\/users\/218"}],"replies":[{"embeddable":true,"href":"https:\/\/elcabilo.com\/larxiu\/wp-json\/wp\/v2\/comments?post=2023"}],"version-history":[{"count":2,"href":"https:\/\/elcabilo.com\/larxiu\/wp-json\/wp\/v2\/posts\/2023\/revisions"}],"predecessor-version":[{"id":2025,"href":"https:\/\/elcabilo.com\/larxiu\/wp-json\/wp\/v2\/posts\/2023\/revisions\/2025"}],"wp:featuredmedia":[{"embeddable":true,"href":"https:\/\/elcabilo.com\/larxiu\/wp-json\/wp\/v2\/media\/1262"}],"wp:attachment":[{"href":"https:\/\/elcabilo.com\/larxiu\/wp-json\/wp\/v2\/media?parent=2023"}],"wp:term":[{"taxonomy":"category","embeddable":true,"href":"https:\/\/elcabilo.com\/larxiu\/wp-json\/wp\/v2\/categories?post=2023"},{"taxonomy":"post_tag","embeddable":true,"href":"https:\/\/elcabilo.com\/larxiu\/wp-json\/wp\/v2\/tags?post=2023"}],"curies":[{"name":"wp","href":"https:\/\/api.w.org\/{rel}","templated":true}]}}