{"id":2067,"date":"2021-12-19T09:53:34","date_gmt":"2021-12-19T08:53:34","guid":{"rendered":"https:\/\/elcabilo.com\/larxiu\/?p=2067"},"modified":"2021-12-19T09:53:35","modified_gmt":"2021-12-19T08:53:35","slug":"los-asesinatos-de-la-decada-de-1880","status":"publish","type":"post","link":"https:\/\/elcabilo.com\/larxiu\/2021\/12\/19\/los-asesinatos-de-la-decada-de-1880\/","title":{"rendered":"Los asesinatos de la d\u00e9cada de 1880"},"content":{"rendered":"\n<p>Hoy quiero hablaros de algunos casos de asesinato o homicidio en Sella. Queramos o no, siempre ha sucedido en todos los lugares, y estos son los que aqu\u00ed tenemos. Nos consta ya en 1628<sup>1<\/sup>, en agosto, que Juseppa Ginera fue asesinada por su marido a pu\u00f1aladas, este es uno de los casos m\u00e1s antiguos que nos constan. Tambi\u00e9n hay casos, escasos y posteriores, en donde se usaron armas de fuego.<\/p>\n\n\n\n<p><strong><em>Homicidio de Jos\u00e9 Ferrer Llinares, 1881.<sup>2<\/sup><\/em><\/strong><\/p>\n\n\n\n<p>El 15 de octubre de 1881, entre las diez y media y las once de la noche, en alguna de las calles del pueblo se encontraron dos vecinos. Uno era Jos\u00e9 Ferrer Llinares y el otro Salvador Garc\u00eda Cerd\u00e1. Hubo alguna clase de disputa entre estos dos j\u00f3venes. Jos\u00e9 Ferrer llevaba un palo, posiblemente uno a modo de bast\u00f3n o similar, y parece que, seg\u00fan dice el documento, \u201c<em>Jos\u00e9 Ferrer le hab\u00eda dado un garrotazo en el brazo derecho <\/em>[a Salvador]<em>, por lo cual <\/em>[Salvador] <em>se agarr\u00f3 \u00e1 \u00e9l, y quit\u00e1ndole el palo, le di\u00f3 con el mismo dos \u00f3 tres golpes, haci\u00e9ndole caer en tierra<\/em>\u201d. Salvador Garc\u00eda le produjo a Jos\u00e9 Ferrer con dicho palo \u201c<em>varias contusiones y una herida en la cabeza y carrillo izquierdo<\/em>\u201d que resultaron graves y le produjeron la muerte el d\u00eda 19.<\/p>\n\n\n\n<div class=\"wp-block-image\"><figure class=\"aligncenter size-full is-resized\"><a href=\"https:\/\/elcabilo.com\/larxiu\/files\/2021\/12\/image-5.png\"><img loading=\"lazy\" decoding=\"async\" src=\"https:\/\/elcabilo.com\/larxiu\/files\/2021\/12\/image-5.png\" alt=\"\" class=\"wp-image-2068\" width=\"628\" height=\"470\" srcset=\"https:\/\/elcabilo.com\/larxiu\/files\/2021\/12\/image-5.png 664w, https:\/\/elcabilo.com\/larxiu\/files\/2021\/12\/image-5-300x225.png 300w\" sizes=\"auto, (max-width: 628px) 100vw, 628px\" \/><\/a><figcaption>Calle Trinquet de noche.<\/figcaption><\/figure><\/div>\n\n\n\n<p>Revisada la partida de defunci\u00f3n de Jos\u00e9 Ferrer Llinares, hijo de Jos\u00e9 y Vicenta, soltero, de apenas unos 20 a\u00f1os cumplidos hac\u00eda once d\u00edas, falleci\u00f3 el d\u00eda 17 a las tres de la madrugada en su domicilio en la calle de las Vueltas. Recibi\u00f3 la Extremaunci\u00f3n y fue enterrado antes de las veinticuatro horas por disposici\u00f3n del Se\u00f1or Juez de 1\u00aa instancia del partido. Asistieron al entierro Don Vicente Cerd\u00e1 Lloret, M\u00e9dico-Cirujano, y Don Jos\u00e9 Garc\u00eda, Juez municipal.<\/p>\n\n\n\n<p>Salvador Garc\u00eda Cerd\u00e1 en el momento del homicidio ten\u00eda 23 a\u00f1os. En sentencia del 26 de septiembre de 1882 la Sala de lo criminal de la Audiencia de Valencia declar\u00f3 que Salvador era responsable y autor del homicidio y lo conden\u00f3 a una pena de catorce a\u00f1os, ocho meses y un d\u00eda de reclusi\u00f3n, adem\u00e1s de una indemnizaci\u00f3n de 500 pesetas y pago de las costas. Contra esta sentencia el propio Salvador interpuso recurso de casaci\u00f3n (para invalidar la sentencia) ante el Tribunal Supremo alegando que la Sala no apreci\u00f3 \u201c<em>la falta de provocaci\u00f3n suficiente por parte del recurrente<\/em>\u201d y que no ten\u00eda intenci\u00f3n de causar el da\u00f1o que produjo, lo que le rebajar\u00eda la pena a una inferior. El Tribunal Supremo, presidido por D. Antonio Ubach, Magistrado, declar\u00f3 que no hab\u00eda lugar para el recurso que interpuso Salvador el 19 de enero de 1883, puesto que la \u201c<em>intensidad de las lesiones que causan la muerte del ofendido, pueden no permitir apreciar que el autor de ellas careciera de intenci\u00f3n de causar todo el mal que produjo, por m\u00e1s que el arma de que se valiera fuera un palo, con cuyos golpes, si bien de ordinario no se suele producir la muerte, no sucede as\u00ed cuando se esgrime con desmedida violencia<\/em>\u201d.<\/p>\n\n\n\n<p><strong><em>Asesinato de Don Narciso Cerd\u00e1 Cant\u00f3, 1888.<sup>3<\/sup><\/em><\/strong><\/p>\n\n\n\n<p>Parafraseo y copio del documento original lo que sigue.<\/p>\n\n\n\n<p>En la ma\u00f1ana del 17 de abril de 1888, Carmela Olcina Sales se present\u00f3 en la mas\u00eda de D. Narciso Cerd\u00e1, llamada Sanchet, para llevarle unas alpargatas a su hijo Jos\u00e9, que estaba en la mas\u00eda, y estando en la era con la mediera Rosa Aracil, Narciso le dijo que no fuese a la mas\u00eda, y record\u00e1ndole Carmela la cuenta que \u00e9l le adeudaba a su marido Tom\u00e1s Morales, Narciso le dio un puntapi\u00e9 en el vientre y le levant\u00f3 la mano para abofetearla, no realiz\u00e1ndolo porque se interpusieron los medieros Juan Sell\u00e9s y su esposa.<\/p>\n\n\n\n<div class=\"wp-block-image\"><figure class=\"aligncenter size-full is-resized\"><a href=\"https:\/\/elcabilo.com\/larxiu\/files\/2021\/12\/image-6.png\"><img loading=\"lazy\" decoding=\"async\" src=\"https:\/\/elcabilo.com\/larxiu\/files\/2021\/12\/image-6.png\" alt=\"\" class=\"wp-image-2069\" width=\"647\" height=\"441\" srcset=\"https:\/\/elcabilo.com\/larxiu\/files\/2021\/12\/image-6.png 781w, https:\/\/elcabilo.com\/larxiu\/files\/2021\/12\/image-6-300x205.png 300w, https:\/\/elcabilo.com\/larxiu\/files\/2021\/12\/image-6-768x524.png 768w\" sizes=\"auto, (max-width: 647px) 100vw, 647px\" \/><\/a><\/figure><\/div>\n\n\n\n<p>En la noche del mismo d\u00eda Carmela le cont\u00f3 a su marido lo que hab\u00eda pasado con Narciso, y entre las ocho y las nueve de la noche del d\u00eda siguiente, Tom\u00e1s Morales P\u00e9rez, que hab\u00eda sido pastor de dicho se\u00f1or, se present\u00f3 en Sanchet acompa\u00f1ado de su hijo Tom\u00e1s cuando Narciso se encontraba cenando con sus pastores Jos\u00e9 Olcina y Antonio Sell\u00e9s, y convidando Narciso a Tom\u00e1s a cenar, este dijo que no quer\u00eda, pero acept\u00f3 un vaso de vino que le ofrecieron. Hablaron un breve rato ellos dos sobre el ganado, y Tom\u00e1s le dijo que estaba sin poder comer y que le diera lo que todav\u00eda le deb\u00eda de su soldada (salario) en ma\u00edz, y Narciso le dijo que no pod\u00eda por hab\u00e9rselo dado al Olcina, pero que le pagar\u00eda en vino o en dinero. Tom\u00e1s, entonces, le dijo que hiciera el favor de salir fuera, es decir, a la entrada de la mas\u00eda, porque quer\u00eda hablar en secreto de un asunto, sigui\u00e9ndole Narciso con un candil en la mano derecha y un cigarro en la boca.<\/p>\n\n\n\n<p>Apenas hab\u00edan salido de la habitaci\u00f3n a la entrada, sin mediar ni una palabra, Tom\u00e1s de repente y sin darle tiempo a reaccionar le descarg\u00f3 un golpe en la cabeza con el cayado que llevaba, e inmediatamente, con una faca, le infiri\u00f3 una herida en la parte izquierda de la regi\u00f3n lumbar, que seccionando el ri\u00f1\u00f3n izquierdo y afectando al colon descendente, produjo una hemorragia de sangre considerable y la inmediata muerte del agredido, que solo pudo decir: \u201c<em>me falta la llum del mon<\/em>\u201d, y cay\u00f3 en la entrada de la habitaci\u00f3n en la que estaban antes, donde qued\u00f3 muerto. Habi\u00e9ndole practicado la autopsia, adem\u00e1s de dicha herida, encontraron tres contusiones leves en la parte superior de la b\u00f3veda craneana y unos ligeros ara\u00f1azos en la parte izquierda de la cara.<\/p>\n\n\n\n<div class=\"wp-block-image\"><figure class=\"aligncenter size-full\"><a href=\"https:\/\/elcabilo.com\/larxiu\/files\/2021\/12\/image-7.png\"><img loading=\"lazy\" decoding=\"async\" width=\"494\" height=\"370\" src=\"https:\/\/elcabilo.com\/larxiu\/files\/2021\/12\/image-7.png\" alt=\"\" class=\"wp-image-2070\" srcset=\"https:\/\/elcabilo.com\/larxiu\/files\/2021\/12\/image-7.png 494w, https:\/\/elcabilo.com\/larxiu\/files\/2021\/12\/image-7-300x225.png 300w\" sizes=\"auto, (max-width: 494px) 100vw, 494px\" \/><\/a><figcaption>Estado ruinoso de la mas\u00eda de Sanchet, 2011. Arxiu de Sella.<\/figcaption><\/figure><\/div>\n\n\n\n<p>Seg\u00fan la partida de defunci\u00f3n que se halla en Benimantell, compareci\u00f3 Juan Sell\u00e9s Segu\u00ed, domiciliado en la heredad de Sanchet, arrendado o mediero del finado, y manifest\u00f3 que Isidro Cerd\u00e1 Cant\u00f3, de 29 a\u00f1os (en realidad ten\u00eda 39), falleci\u00f3 a las nueve de la noche del d\u00eda 18 en la heredad de Sanchet a consecuencia de muerte violenta. Fue testigo de este acto Jos\u00e9 Olcina Olcina, casado, pastor, natural de Sella. Su entierro tuvo lugar en Benimantell.<\/p>\n\n\n\n<p>Tom\u00e1s Morales P\u00e9rez ya hab\u00eda sido condenado el 7 de abril de 1863 por el Juzgado de Villajoyosa, en causa sobre lesiones menos graves, a la pena de un mes de arresto mayor, indemnizaci\u00f3n y costas.<\/p>\n\n\n\n<p>La sentencia de 5 de diciembre de 1888 estim\u00f3 que los hechos constitu\u00edan el delito de asesinato, por haber concurrido la circunstancia de alevos\u00eda, concurriendo adem\u00e1s las agravantes de reincidencia y de haber ejecutado el hecho en la morada del ofendido, y la atenuante de obrar en vindicaci\u00f3n de pr\u00f3xima ofensa grave inferida a su mujer, y le conden\u00f3 a la pena de cadena perpetua, accesorias, indemnizaci\u00f3n y costas.<\/p>\n\n\n\n<p>En sentencia de 28 de febrero de 1889, Tom\u00e1s Morales P\u00e9rez interpuso recurso de casaci\u00f3n alegando que el hecho deb\u00eda calificarse como homicidio y no como asesinato por no haber concurrido la circunstancia calificativa de alevos\u00eda. El Ministerio fiscal impugn\u00f3 el recurso. Tal y como dice, la intenci\u00f3n de Tom\u00e1s de hacer salir a Narciso de la habitaci\u00f3n para quedar solos y as\u00ed poderlo atacar sin que aquel pudiera defenderse revela el prop\u00f3sito de matarlo sin riesgos, calculadamente, y es tan patente la alevos\u00eda y tan ajustada a la ley la apreciaci\u00f3n que de ella ha hecho la Sala, que el recurso no es digno de aprecio en modo alguno.<\/p>\n\n\n\n<p class=\"has-text-align-right\">Albert Rubio Rubio<\/p>\n\n\n\n<ol class=\"wp-block-list\" type=\"1\"><li><em>Sella, Historia y Costumbres<\/em>. Natividad Mart\u00ednez Llorens, p\u00e1g. 78.<\/li><li><em>Colecci\u00f3n legislativa de Espa\u00f1a. Sentencias del Tribunal Supremo en materia criminal. Salas segunda y tercera. Primer semestre de 1883<\/em>. P\u00e1gs. 77-79, n\u00ba. 28.<\/li><li><em>Colecci\u00f3n legislativa de Espa\u00f1a. Sentencias del Tribunal Supremo en materia criminal. Salas segunda y tercera. Primer semestre de 1889<\/em>. P\u00e1gs. 613-616, n\u00ba. 184.<\/li><\/ol>\n","protected":false},"excerpt":{"rendered":"<p>Hoy quiero hablaros de algunos casos de asesinato o homicidio en Sella. Queramos o no, siempre ha sucedido en todos<\/p>\n","protected":false},"author":218,"featured_media":2070,"comment_status":"open","ping_status":"open","sticky":false,"template":"","format":"standard","meta":{"_exactmetrics_skip_tracking":false,"_exactmetrics_sitenote_active":false,"_exactmetrics_sitenote_note":"","_exactmetrics_sitenote_category":0,"footnotes":""},"categories":[1],"tags":[],"class_list":["post-2067","post","type-post","status-publish","format-standard","has-post-thumbnail","hentry","category-sin-categoria","comments-off"],"aioseo_notices":[],"_links":{"self":[{"href":"https:\/\/elcabilo.com\/larxiu\/wp-json\/wp\/v2\/posts\/2067","targetHints":{"allow":["GET"]}}],"collection":[{"href":"https:\/\/elcabilo.com\/larxiu\/wp-json\/wp\/v2\/posts"}],"about":[{"href":"https:\/\/elcabilo.com\/larxiu\/wp-json\/wp\/v2\/types\/post"}],"author":[{"embeddable":true,"href":"https:\/\/elcabilo.com\/larxiu\/wp-json\/wp\/v2\/users\/218"}],"replies":[{"embeddable":true,"href":"https:\/\/elcabilo.com\/larxiu\/wp-json\/wp\/v2\/comments?post=2067"}],"version-history":[{"count":1,"href":"https:\/\/elcabilo.com\/larxiu\/wp-json\/wp\/v2\/posts\/2067\/revisions"}],"predecessor-version":[{"id":2071,"href":"https:\/\/elcabilo.com\/larxiu\/wp-json\/wp\/v2\/posts\/2067\/revisions\/2071"}],"wp:featuredmedia":[{"embeddable":true,"href":"https:\/\/elcabilo.com\/larxiu\/wp-json\/wp\/v2\/media\/2070"}],"wp:attachment":[{"href":"https:\/\/elcabilo.com\/larxiu\/wp-json\/wp\/v2\/media?parent=2067"}],"wp:term":[{"taxonomy":"category","embeddable":true,"href":"https:\/\/elcabilo.com\/larxiu\/wp-json\/wp\/v2\/categories?post=2067"},{"taxonomy":"post_tag","embeddable":true,"href":"https:\/\/elcabilo.com\/larxiu\/wp-json\/wp\/v2\/tags?post=2067"}],"curies":[{"name":"wp","href":"https:\/\/api.w.org\/{rel}","templated":true}]}}