{"id":212,"date":"2013-06-30T23:03:53","date_gmt":"2013-06-30T21:03:53","guid":{"rendered":"http:\/\/elcabilo.com\/larxiu\/?p=212"},"modified":"2013-06-30T23:03:53","modified_gmt":"2013-06-30T21:03:53","slug":"el-mestre-antonio-mora","status":"publish","type":"post","link":"https:\/\/elcabilo.com\/larxiu\/2013\/06\/30\/el-mestre-antonio-mora\/","title":{"rendered":"El mestre Antonio Mora"},"content":{"rendered":"<p style=\"text-align: justify\">Aprofitant la recent tasca de documentaci\u00f3 per a l&#8217;exposici\u00f3 &#8220;1920-1929, Sella en els inicis de la Modernitat&#8221;, el quart programa de l&#8217;Arxiu de la Mem\u00f2ria,\u00a0a <a href=\"https:\/\/elcabilo.com\/radio\/category\/programes\/larxiu-de-la-memoria\/\" target=\"_blank\">Cabil\u00f3R\u00e0dio<\/a>, est\u00e0 dedicat a la figura del mestre Antonio Mora Paredes.<\/p>\n<p style=\"text-align: justify\">Tot i que l&#8217;actual col\u00b7legi de Sella porta el seu nom, junt al d&#8217;Andr\u00e9s Server, tots dos han caigut en l&#8217;oblit per a les generacions m\u00e9s joves. Molts de nosaltres no sabiem que don Antonio va portar endavant l&#8217;escola de xiquets de Sella durant uns 20 anys, on va arribar en l&#8217;estiu de 1926.\u00a0Aix\u00f2 el converteix en el mestre de varies generacions de xiquets, que hui el recorden amb estima.<\/p>\n<figure id=\"attachment_223\" aria-describedby=\"caption-attachment-223\" style=\"width: 300px\" class=\"wp-caption aligncenter\"><a href=\"https:\/\/elcabilo.com\/larxiu\/files\/2013\/06\/Antonio-Mora-Paredes-1.jpg\"><img loading=\"lazy\" decoding=\"async\" class=\"size-medium wp-image-223 \" alt=\"Antonio Mora Paredes (1)\" src=\"https:\/\/elcabilo.com\/larxiu\/files\/2013\/06\/Antonio-Mora-Paredes-1-300x182.jpg\" width=\"300\" height=\"182\" srcset=\"https:\/\/elcabilo.com\/larxiu\/files\/2013\/06\/Antonio-Mora-Paredes-1-300x182.jpg 300w, https:\/\/elcabilo.com\/larxiu\/files\/2013\/06\/Antonio-Mora-Paredes-1.jpg 631w\" sizes=\"auto, (max-width: 300px) 100vw, 300px\" \/><\/a><figcaption id=\"caption-attachment-223\" class=\"wp-caption-text\">Antonio Mora, el segon per l&#8217;esquerra, en el col\u00b7legi d&#8217;Alacant anys despr\u00e9s d&#8217;abandonar Sella. Font: Aparici (2009) (2)<\/figcaption><\/figure>\n<p style=\"text-align: justify\">Per\u00f2 no va ser nom\u00e9s la seua llarga estada amb nosaltres all\u00f2 que el fa rellevant; la import\u00e0ncia de Mora tamb\u00e9 radica en que els seus m\u00e8todes d&#8217;ensenyament, vinculats a la <em>Instituci\u00f3n Libre de Ense\u00f1anza<\/em>,\u00a0representaren una aut\u00e8ntica revoluci\u00f3 en una escola unitaria on convivien m\u00e9s de 70 xiquets de totes les edats en la mateixa aula.<\/p>\n<p style=\"text-align: justify\">Va promoure les excursions escolars, les exposicions de dibuixos, el teatre i tamb\u00e9 fou el fundador de la primera biblioteca de Sella<\/p>\n<p style=\"text-align: justify\">Com molts altres mestres de l&#8217;\u00e8poca, Mora va ser represaliat al acabar la Guerra Civil (1). Es va reincorporar al seu lloc de treball, per\u00f2 les coses ja no foren iguals\u00a0i finalment va marxar a Alacant (al col\u00b7legi Generalisimo Franco, despr\u00e9s Benal\u00faa), on es va jubilar i va morir l&#8217;any 1978.<\/p>\n<p style=\"text-align: justify\">Per a fer el programa hem comptat amb una joia documental: els informes de Mora, escrits entre 1926 i 1934 i transcrits al llibre <em>Benalua: una historia que contar <\/em>(ECU editorial, 2009), de Mois\u00e9s Aparici (2).<\/p>\n<p style=\"text-align: justify\">En el programa, comptem amb la participaci\u00f3 de Vicent Garc\u00eda Soriano en la veu de Antonio Mora i amb els testimonis aclaridors de Pepito P\u00e9rez Soler (El Llop); un antic alumne del mestre que ens relata la cr\u00f2nica d&#8217;aquella escola tan prec\u00e0ria.<\/p>\n<p style=\"text-align: justify\">Per acabar, cal ressenyar novament el paper que don Antonio va tindre en la creaci\u00f3 de la primera biblioteca de Sella. Nom\u00e9s per aix\u00f2 mereixeria algun recordatori en la nostra biblioteca publica, que viu hores baixes a causa de retallades injustificades.<\/p>\n<figure id=\"attachment_224\" aria-describedby=\"caption-attachment-224\" style=\"width: 300px\" class=\"wp-caption aligncenter\"><a href=\"https:\/\/elcabilo.com\/larxiu\/files\/2013\/06\/Antonio-Mora-Paredes-2.jpg\"><img loading=\"lazy\" decoding=\"async\" class=\"size-medium wp-image-224 \" alt=\"Antonio Mora Paredes (2)\" src=\"https:\/\/elcabilo.com\/larxiu\/files\/2013\/06\/Antonio-Mora-Paredes-2-300x216.jpg\" width=\"300\" height=\"216\" srcset=\"https:\/\/elcabilo.com\/larxiu\/files\/2013\/06\/Antonio-Mora-Paredes-2-300x216.jpg 300w, https:\/\/elcabilo.com\/larxiu\/files\/2013\/06\/Antonio-Mora-Paredes-2.jpg 404w\" sizes=\"auto, (max-width: 300px) 100vw, 300px\" \/><\/a><figcaption id=\"caption-attachment-224\" class=\"wp-caption-text\">Antonio Mora (fill), nascut a Sella i tamb\u00e9 mestre com son pare, va pasar els primers anys de la seua vida junt a nosaltres. Font: Aparici (2009) (2)<\/figcaption><\/figure>\n<p style=\"text-align: justify\">Ara m\u00e9s que mai cal reivindicar l&#8217;espenta de gent com Antonio Mora, que en \u00e8poques de m\u00e0ximes dificultats van traure endavant projectes com el d&#8217;una biblioteca\u00a0amb m\u00e9s de 600 volums. En una \u00e8poca en la que els mestres cobraven una veritable mis\u00e8ria, el seu esfor\u00e7 va anar m\u00e9s enll\u00e0 de les seues obligacions laborals:\u00a0es tractava de comprom\u00eds i de fortes conviccions. Paraules tan necess\u00e0ries hui en dia<\/p>\n<p style=\"text-align: justify\">\u00c9s per aix\u00f2 que li volem dedicar aquest programa, fent extensible la dedicat\u00f2ria als mestres, pilars b\u00e0sics d&#8217;una societat de ciutadans lliures.<\/p>\n<p style=\"text-align: justify\">Esperem que us agrade!<\/p>\n<p>&nbsp;<\/p>\n<p><strong>Per a saber-ne m\u00e9s:<\/strong><\/p>\n<address>(1) Archivo General de la Administraci\u00f3n. Expediente de depuraci\u00f3n de maestros nacionales <a href=\"http:\/\/pares.mcu.es\/victimasGCFPortal\/detalle.form?idpersona=40289\" target=\"_blank\">SIG. 32\/12301<\/a><\/address>\n<address>(2) Aparici, M. (2009): <em>C.P. Benal\u00faa, una historia que contar<\/em>. Alacant: ECU editorial, 345 pp. <a href=\"http:\/\/books.google.es\/books?id=_-8nh6X8YrgC&amp;printsec=frontcover&amp;hl=es&amp;source=gbs_ge_summary_r&amp;cad=0#v=onepage&amp;q&amp;f=false\">Google books. <\/a>(Podreu trobar la totalitat dels informes escrits per Mora i m\u00e9s aspectes sobre la seua vida)<\/address>\n<address>(3) Gim\u00e9nez, P. (2011): &#8220;Jos\u00e9 Pedro Soler: m\u00e9s enll\u00e0 de les fronteres&#8221; en <em>Llibre de Festes 2011<\/em>. (La breu hist\u00f2ria d&#8217;un dels seus alumnes m\u00e9s brillants(<\/address>\n<address>(4) Gim\u00e9nez, P. (2012): &#8220;Companya de Teatre Soler-Mas de Sella (1935)&#8221; en <em>L&#8217;Arxiu<\/em>, 25 d&#8217;agost de 2012 <a href=\"https:\/\/elcabilo.com\/larxiu\/2012\/08\/25\/companyia-de-teatre-soler-mas-de-sella-1935\/\">enlla\u00e7<\/a>\u00a0(Una refer\u00e8ncia a la participaci\u00f3 de Mora en el teatre aficionat de Sella)<\/address>\n","protected":false},"excerpt":{"rendered":"<p>Aprofitant la recent tasca de documentaci\u00f3 per a l&#8217;exposici\u00f3 &#8220;1920-1929, Sella en els inicis de la Modernitat&#8221;, el quart programa<\/p>\n","protected":false},"author":218,"featured_media":0,"comment_status":"open","ping_status":"open","sticky":false,"template":"","format":"standard","meta":{"_exactmetrics_skip_tracking":false,"_exactmetrics_sitenote_active":false,"_exactmetrics_sitenote_note":"","_exactmetrics_sitenote_category":0,"footnotes":""},"categories":[1],"tags":[],"class_list":["post-212","post","type-post","status-publish","format-standard","hentry","category-sin-categoria"],"aioseo_notices":[],"_links":{"self":[{"href":"https:\/\/elcabilo.com\/larxiu\/wp-json\/wp\/v2\/posts\/212","targetHints":{"allow":["GET"]}}],"collection":[{"href":"https:\/\/elcabilo.com\/larxiu\/wp-json\/wp\/v2\/posts"}],"about":[{"href":"https:\/\/elcabilo.com\/larxiu\/wp-json\/wp\/v2\/types\/post"}],"author":[{"embeddable":true,"href":"https:\/\/elcabilo.com\/larxiu\/wp-json\/wp\/v2\/users\/218"}],"replies":[{"embeddable":true,"href":"https:\/\/elcabilo.com\/larxiu\/wp-json\/wp\/v2\/comments?post=212"}],"version-history":[{"count":6,"href":"https:\/\/elcabilo.com\/larxiu\/wp-json\/wp\/v2\/posts\/212\/revisions"}],"predecessor-version":[{"id":230,"href":"https:\/\/elcabilo.com\/larxiu\/wp-json\/wp\/v2\/posts\/212\/revisions\/230"}],"wp:attachment":[{"href":"https:\/\/elcabilo.com\/larxiu\/wp-json\/wp\/v2\/media?parent=212"}],"wp:term":[{"taxonomy":"category","embeddable":true,"href":"https:\/\/elcabilo.com\/larxiu\/wp-json\/wp\/v2\/categories?post=212"},{"taxonomy":"post_tag","embeddable":true,"href":"https:\/\/elcabilo.com\/larxiu\/wp-json\/wp\/v2\/tags?post=212"}],"curies":[{"name":"wp","href":"https:\/\/api.w.org\/{rel}","templated":true}]}}