{"id":2137,"date":"2022-03-06T20:27:52","date_gmt":"2022-03-06T19:27:52","guid":{"rendered":"https:\/\/elcabilo.com\/larxiu\/?p=2137"},"modified":"2023-01-28T19:17:55","modified_gmt":"2023-01-28T18:17:55","slug":"aproximacio-als-carrers-de-fa-tres-cents-anys","status":"publish","type":"post","link":"https:\/\/elcabilo.com\/larxiu\/2022\/03\/06\/aproximacio-als-carrers-de-fa-tres-cents-anys\/","title":{"rendered":"Aproximaci\u00f3 als carrers de fa tres-cents anys"},"content":{"rendered":"\n<p>Ja sabeu que el Capbreu de 1726, conservat a l\u2019Arxiu Hist\u00f2ric Provincial, \u00e9s una mina per a nosaltres per la quantitat d\u2019informaci\u00f3 que ens ha deixat de principis del segle XVIII.<\/p>\n\n\n\n<p>Algunes de les dades m\u00e9s suggerents provenen de la topon\u00edmia, referida a partides i heretats i, en el cas del nucli urb\u00e0, dels carrers on declaraven els emfiteutes tindre les seues cases o solars. En bona part, la seua reconstrucci\u00f3 ens permet imaginar com era aquell poble de fa tres-cents anys. Alguns carrers mantenen el seu nom i es poden localitzar, altres no sabem on estaven i, tamb\u00e9, fins i tot hi ha carrers que potser han desaparegut a l\u2019ocupar-se per cases.<\/p>\n\n\n\n<p>En 2013 vaig embolicar a l\u2019amic Pere Garcia per tractar de refer una mica el trencacaps o \u201cpuzle\u201d que suposaven les dades del Capbreu i que ens podrien ajudar a localitzar carrers. Ho aconseguirem amb un dels desconeguts (Carrer les Moreres o Moreretes) mentre que en altres casos sorgiren m\u00e9s preguntes que certeses. Alguns carrers sembla que s\u00f3n nomenats amb dos o m\u00e9s noms (carrer de Sant Antoni o de Arriba). Incl\u00fas pot ser que en la Pla\u00e7a se citaren diversos noms depenent d\u2019on tingueres la casa (\u201cPlaza\u201d \u201cFrente a la iglesia\u201d, \u201cal cabo de la Plaza\u201d \u201ccarrer de la Sala\u201d..). Tamb\u00e9 podem aproximar-nos a qui seria el propietari d&#8217;algunes de les cases que hui s\u00f3n f\u00e0cilment reconeixibles: per exemple, la casa que fa cant\u00f3 amb el carrer Major i el carrer M\u00e9s Avall era de la familia Giner.<\/p>\n\n\n\n<p>Pere va fer un gran treball de s\u00edntesi, perfectament explicat en aquest <a href=\"https:\/\/youtu.be\/O4kcEMfOhTg\">video<\/a> (amb BSO pr\u00f2pia) que incorporem a la nostra videoteca de l&#8217;Arxiu. Gr\u00e0cies Pere!<\/p>\n\n\n\n<figure class=\"wp-block-image size-large\"><a href=\"https:\/\/elcabilo.com\/larxiu\/files\/2022\/03\/esquema-final.jpg\"><img loading=\"lazy\" decoding=\"async\" width=\"1024\" height=\"519\" src=\"https:\/\/elcabilo.com\/larxiu\/files\/2022\/03\/esquema-final-1024x519.jpg\" alt=\"\" class=\"wp-image-2143\" srcset=\"https:\/\/elcabilo.com\/larxiu\/files\/2022\/03\/esquema-final-1024x519.jpg 1024w, https:\/\/elcabilo.com\/larxiu\/files\/2022\/03\/esquema-final-300x152.jpg 300w, https:\/\/elcabilo.com\/larxiu\/files\/2022\/03\/esquema-final-768x389.jpg 768w, https:\/\/elcabilo.com\/larxiu\/files\/2022\/03\/esquema-final-1536x779.jpg 1536w, https:\/\/elcabilo.com\/larxiu\/files\/2022\/03\/esquema-final.jpg 1600w\" sizes=\"auto, (max-width: 1024px) 100vw, 1024px\" \/><\/a><figcaption class=\"wp-element-caption\">Figura 1. Un exemple de l\u2019esquema d\u2019alguns carrers, fet per Pere Garcia a partir de les fites declarades pels ve\u00efns en 1726<\/figcaption><\/figure>\n\n\n\n<p>Els anys han anat passant i, esperant reprendre la q\u00fcesti\u00f3, anem cam\u00ed de la d\u00e8cada. Per aix\u00f2 ara posem per escrit aquelles hip\u00f2tesis que, amb noves troballes documentals i altres investigadors, permetran millorar aquesta panor\u00e0mica de com era el poble de Sella en 1726. En la taula seg\u00fcent, s\u2019indiquen els noms originals del Capbreu (ja en castell\u00e0 despr\u00e9s del decret de Nova Planta) i en la columna del costat, la nostra hip\u00f2tesi.<\/p>\n\n\n\n<figure class=\"wp-block-table aligncenter is-style-regular\"><table><tbody><tr><td><strong>Carrer en 1726<\/strong><\/td><td><strong>Hip\u00f2tesi<\/strong><\/td><\/tr><tr><td>\u201c<em>Pago de las Eras<\/em>\u201d<\/td><td>Pla\u00e7a l\u2019Era o voltants. Durant el segle XVII i part del XVIII a la part alta del poble pot ser havien grans espais sense urbanitzar, on predominaven algunes eres de trillar. Tal vegada dalt de les eres estaven les cases del Raval, que no es citen al Capbreu perqu\u00e8, pot ser, estaven abandonades despr\u00e9s de l\u2019expulsi\u00f3 dels moriscos.<\/td><\/tr><tr><td>\u201c<em>de la Ereta<\/em>\u201d<\/td><td>Igual que l\u2019anterior<\/td><\/tr><tr><td>\u201c<em>bajo la Era<\/em>\u201d<\/td><td>Una part del carrer l\u2019Om, o pot ser el propi carrer Sant Vicent (el forn de l\u2019Era i la casa del costat eren solars a principis del segle XIX). El carrer Jes\u00fas no es cita al Capbreu, no es pot descartar que fora aquest.<\/td><\/tr><tr><td>\u201c<em>Costera del Castillo<\/em>\u201d \u201c<em>Costera del Castillico<\/em>\u201d<\/td><td>Costereta del Cor. Hi ha una ve\u00efna que te \u201c<em>un corral en la costera del Castillo m\u00e1s arriba de las eras<\/em>\u201d<\/td><\/tr><tr><td>\u201c<em>bajando a las eras de dicha villa en las casas del Olmet<\/em>\u201d<\/td><td>Pot ser parle de la connexi\u00f3 entre els actuals carrers Sant Xotxim i l\u2019Om<\/td><\/tr><tr><td>\u201c<em>de Arriba o San Ant\u00f3n<\/em>\u201d; \u201c<em>San Anton dicha la calle de arriba<\/em>\u201d; \u201c<em>de Arriba dicha de San Antonio<\/em>\u201d \u201c<em>San Ant\u00f3n<\/em>\u201d<\/td><td>Sant Antoni (pot ser prolongat cap al carrer Jes\u00fas, que no es cita, abans de l\u2019ampliaci\u00f3 de l\u2019esgl\u00e9sia)<\/td><\/tr><tr><td>\u201c<em>de Arriba llamada del Fosar<\/em>\u201d \u201c<em>del Fosar<\/em>\u201d<\/td><td>El Fossar era el pati de l\u2019esgl\u00e9sia que fita amb el Palau i el carrer Sant Antoni. Pot ser a eixe sector del carrer se li nomenara aix\u00ed.<\/td><\/tr><tr><td>\u201c<em>de Arriba<\/em>\u201d<\/td><td>Alguna de les dos anteriors<\/td><\/tr><tr><td>&#8220;<em>de la Carsel<\/em>&#8220;<\/td><td>Carrer La Pau, si pensem que la press\u00f3 estava situada en la Torre del Palau, per\u00f2 crec que esta porta podria estar ja tancada despr\u00e9s dels desperfectes soferts en l\u2019arc. La press\u00f3 podria estar ja a l\u2019edifici de l\u2019ajuntament, Casa de la Villa o la Sala.<\/td><\/tr><tr><td>\u201c<em>Plaza<\/em>\u201d \u201c<em>de la Plaza<\/em>\u201d<\/td><td>Pla\u00e7a Major<\/td><\/tr><tr><td>\u201c<em>de delante de la Iglesia<\/em>\u201d \u201c<em>frente a la Iglesia<\/em>\u201d<\/td><td>Cases de darrere de la font de la Pla\u00e7a<\/td><\/tr><tr><td>\u201c<em>al cabo de la Pla\u00e7a<\/em>\u201d \u201c<em>callej\u00f3n del cabo de la Plaza<\/em>\u201d<\/td><td>L\u2019extrem orienta de la Pla\u00e7a, que feia com una mena de cul de sac. Un \u201c<em>callej\u00f3n<\/em>\u201d conectava la Pla\u00e7a amb el cam\u00ed real a Benimantell, que apareix com una fita d\u2019un ve\u00ed que te la casa ac\u00ed. Un altre fita amb el \u201c<em>camino que va al molino<\/em>\u201d (el Secanet?)<\/td><\/tr><tr><td>\u201c<em>de la Sala<\/em>\u201d o \u201c<em>La Sala<\/em>\u201d<\/td><td>Podria tractar-se de la Sala Capitular (l\u2019ajuntament) i les fites el situen a la Pla\u00e7a (on \u00e9s l&#8217;ajuntament vell?). Aix\u00ed esta part de la Pla\u00e7a i aquelles cases que hi fitaven podria rebre aquesta denominaci\u00f3.  <\/td><\/tr><tr><td>\u201c<em>Callej\u00f3n del horno<\/em>\u201d<\/td><td>Carrer\u00f3 desaparegut localitzat entre l\u2019Abadia i el carrer la Bodega. All\u00ed possiblement es trobava el forn de la senyoria<\/td><\/tr><tr><td>\u201c<em>Cuatro Esquinas<\/em>\u201d<\/td><td>Quatre Cantons<\/td><\/tr><tr><td> \u201c<em>Casa de la Villa<\/em>\u201d<\/td><td>Desconeixem l&#8217;ubicaci\u00f3 per\u00f2 les fites l&#8217;aproximen al carrer La Sala, del Forn&#8230; quina era aquesta casa? el propi ajuntament?<\/td><\/tr><tr><td>\u201c<em>Mayor<\/em>\u201d<\/td><td>Carrer Major<\/td><\/tr><tr><td>\u201c<em>de Abajo<\/em>\u201d<\/td><td>Les fites el situen en el tram del carrer M\u00e9s Avall que va des del carrer Major fins la Font. Tot i que una de les fites \u00e9s amb \u201c<em>secanito de Pedro Seva<\/em>\u201d. Tamb\u00e9 es nomena una fita \u201c<em>con la sequia por las espaldas<\/em>\u201d, referint-se possiblement a la sequia major.<\/td><\/tr><tr><td>\u201cd<em>e la Morereta<\/em>\u201d \u201c<em>de las Moreras<\/em>\u201d o \u201c<em>Moreretes<\/em>\u201d<\/td><td>Carrer la Bodega<\/td><\/tr><tr><td>\u201c<em>que baja a la Fuente<\/em>\u201d<\/td><td>Carrer La Font<\/td><\/tr><tr><td>\u201c<em>del Cubo<\/em>\u201d<\/td><td>Desconegut. Possiblement del Cup. Una fita el situa \u201c<em>por las espaldas con camino del Molino<\/em>\u201d (Secanet?)<\/td><\/tr><tr><td>\u201c<em>del camino que va a Cocentaina<\/em>\u201d<\/td><td>Possiblement una part del carrer Val\u00e8ncia. Es nomenen aci varis solars, el que indica una possible expansi\u00f3 del nucli urb\u00e0. Un ve\u00ed declara \u201c<em>una casa en el Rinc\u00f3n de la calle del camino de Cocentaina<\/em>\u201d. Un altre ve\u00ed declara una de les fites de sa casa en \u201c<em>pe\u00f1as de la Creueta<\/em>\u201d<\/td><\/tr><tr><td>\u201c<em>bajo camino real dicho de la Creueta<\/em>\u201d<\/td><td>Es cita \u201c<em>un solar para fabricar casa<\/em>\u201d. Pot ser estem en els voltants de La Creu, junt al cam\u00ed d\u2019Alcoi o \u201c<em>Pen\u00e1guila<\/em>\u201d. Una de les fites \u00e9s \u201c<em>pe\u00f1as de la Creueta<\/em>\u201d<\/td><\/tr><tr><td>\u201c<em>del camino<\/em>\u201d \u201c<em>camino dicho de la Cruz<\/em>\u201d<\/td><td>En la mateixa zona que l\u2019anterior<\/td><\/tr><tr><td>\u201c<em>Solar llamado el Sequer<\/em>\u201d<\/td><td>Desconegut<\/td><\/tr><\/tbody><\/table><\/figure>\n\n\n<div class=\"wp-block-image\">\n<figure class=\"aligncenter size-full\"><a href=\"https:\/\/elcabilo.com\/larxiu\/files\/2022\/03\/image-1.png\"><img loading=\"lazy\" decoding=\"async\" width=\"557\" height=\"742\" src=\"https:\/\/elcabilo.com\/larxiu\/files\/2022\/03\/image-1.png\" alt=\"\" class=\"wp-image-2139\" srcset=\"https:\/\/elcabilo.com\/larxiu\/files\/2022\/03\/image-1.png 557w, https:\/\/elcabilo.com\/larxiu\/files\/2022\/03\/image-1-225x300.png 225w\" sizes=\"auto, (max-width: 557px) 100vw, 557px\" \/><\/a><figcaption class=\"wp-element-caption\">Figura 2: Actual carrer la Bodega, conegut en 1726 com carrer \u201cde la Morereta\u201d \u201cde las Moreras\u201d o \u201cMoreretes\u201d<\/figcaption><\/figure>\n<\/div>\n\n\n<p class=\"has-text-align-right\">Pablo Gim\u00e9nez Font i Pere Garcia Algado<\/p>\n","protected":false},"excerpt":{"rendered":"<p>Ja sabeu que el Capbreu de 1726, conservat a l\u2019Arxiu Hist\u00f2ric Provincial, \u00e9s una mina per a nosaltres per la<\/p>\n","protected":false},"author":218,"featured_media":2138,"comment_status":"open","ping_status":"open","sticky":false,"template":"","format":"standard","meta":{"_exactmetrics_skip_tracking":false,"_exactmetrics_sitenote_active":false,"_exactmetrics_sitenote_note":"","_exactmetrics_sitenote_category":0,"footnotes":""},"categories":[1],"tags":[],"class_list":["post-2137","post","type-post","status-publish","format-standard","has-post-thumbnail","hentry","category-sin-categoria","comments-off"],"aioseo_notices":[],"_links":{"self":[{"href":"https:\/\/elcabilo.com\/larxiu\/wp-json\/wp\/v2\/posts\/2137","targetHints":{"allow":["GET"]}}],"collection":[{"href":"https:\/\/elcabilo.com\/larxiu\/wp-json\/wp\/v2\/posts"}],"about":[{"href":"https:\/\/elcabilo.com\/larxiu\/wp-json\/wp\/v2\/types\/post"}],"author":[{"embeddable":true,"href":"https:\/\/elcabilo.com\/larxiu\/wp-json\/wp\/v2\/users\/218"}],"replies":[{"embeddable":true,"href":"https:\/\/elcabilo.com\/larxiu\/wp-json\/wp\/v2\/comments?post=2137"}],"version-history":[{"count":9,"href":"https:\/\/elcabilo.com\/larxiu\/wp-json\/wp\/v2\/posts\/2137\/revisions"}],"predecessor-version":[{"id":2265,"href":"https:\/\/elcabilo.com\/larxiu\/wp-json\/wp\/v2\/posts\/2137\/revisions\/2265"}],"wp:featuredmedia":[{"embeddable":true,"href":"https:\/\/elcabilo.com\/larxiu\/wp-json\/wp\/v2\/media\/2138"}],"wp:attachment":[{"href":"https:\/\/elcabilo.com\/larxiu\/wp-json\/wp\/v2\/media?parent=2137"}],"wp:term":[{"taxonomy":"category","embeddable":true,"href":"https:\/\/elcabilo.com\/larxiu\/wp-json\/wp\/v2\/categories?post=2137"},{"taxonomy":"post_tag","embeddable":true,"href":"https:\/\/elcabilo.com\/larxiu\/wp-json\/wp\/v2\/tags?post=2137"}],"curies":[{"name":"wp","href":"https:\/\/api.w.org\/{rel}","templated":true}]}}