{"id":2252,"date":"2022-12-28T22:41:42","date_gmt":"2022-12-28T21:41:42","guid":{"rendered":"https:\/\/elcabilo.com\/larxiu\/?p=2252"},"modified":"2023-01-28T19:08:10","modified_gmt":"2023-01-28T18:08:10","slug":"asesinato-en-el-cami-de-relleu-en-1678","status":"publish","type":"post","link":"https:\/\/elcabilo.com\/larxiu\/2022\/12\/28\/asesinato-en-el-cami-de-relleu-en-1678\/","title":{"rendered":"Asesinato en el Cam\u00ed de Relleu en 1678"},"content":{"rendered":"\n<p>La Costera de Relleu es un lugar que, como tantas veces se ha dicho y dir\u00e1, est\u00e1 lleno de historias y leyendas. Pues en nuestros registros parroquiales guardamos una de las menciones m\u00e1s antiguas, no solo del camino, sino de un asesinato.<\/p>\n\n\n\n<p>Concretamente, hablo de una partida de defunci\u00f3n extendida un 27 de marzo de 1678 por Mos\u00e9n Geroni Barrachina, Retor de Sella. Unos d\u00edas antes \u201cfon trobat mort de una escopeta Jaume Brotons de Relleu en este terme de Sella junt al cami de Relleu poch ans de aplegar al collado, o planter, damunt lo cami a la part solana\u201d. Al igual que Pedro Menor, en 1844, que protagoniz\u00f3 el inminente final de la rebeli\u00f3n de Bon\u00e9, o la infeliz Pepa Rosa en 1919, Jaume Brotons tambi\u00e9n vio el final de sus d\u00edas en el camino Real que une Sella y Relleu.<\/p>\n\n\n\n<p>En este caso, se detalla muy bien la zona en la que apareci\u00f3 su cad\u00e1ver. Se nos presenta toponimia que hoy en d\u00eda se conserva como el <em>Cam\u00ed de Relleu<\/em>, derivado a <em>Costera de Relleu<\/em> o <em>Cam\u00ed de Sella<\/em> (dependiendo del municipio en que te encuentres), y el propio collado, hoy en d\u00eda llamado <em>Collao de moss\u00e9n Pere<\/em>, tambi\u00e9n mencionado como \u201cplanter\u201d. Incluso una tragedia como esta puede servirnos para contrastar top\u00f3nimos tan presentes para nosotros.<\/p>\n\n\n<div class=\"wp-block-image\">\n<figure class=\"aligncenter size-full\"><a href=\"https:\/\/elcabilo.com\/larxiu\/files\/2022\/12\/aa1.jpg\"><img loading=\"lazy\" decoding=\"async\" width=\"567\" height=\"375\" src=\"https:\/\/elcabilo.com\/larxiu\/files\/2022\/12\/aa1.jpg\" alt=\"\" class=\"wp-image-2253\" srcset=\"https:\/\/elcabilo.com\/larxiu\/files\/2022\/12\/aa1.jpg 567w, https:\/\/elcabilo.com\/larxiu\/files\/2022\/12\/aa1-300x198.jpg 300w\" sizes=\"auto, (max-width: 567px) 100vw, 567px\" \/><\/a><figcaption class=\"wp-element-caption\">Zona del collado. Fuente propia. 18-02-2021.<\/figcaption><\/figure>\n<\/div>\n\n<div class=\"wp-block-image\">\n<figure class=\"aligncenter size-full\"><a href=\"https:\/\/elcabilo.com\/larxiu\/files\/2022\/12\/aa2.jpg\"><img loading=\"lazy\" decoding=\"async\" width=\"567\" height=\"294\" src=\"https:\/\/elcabilo.com\/larxiu\/files\/2022\/12\/aa2.jpg\" alt=\"\" class=\"wp-image-2254\" srcset=\"https:\/\/elcabilo.com\/larxiu\/files\/2022\/12\/aa2.jpg 567w, https:\/\/elcabilo.com\/larxiu\/files\/2022\/12\/aa2-300x156.jpg 300w\" sizes=\"auto, (max-width: 567px) 100vw, 567px\" \/><\/a><figcaption class=\"wp-element-caption\">Detalle de la zona actualmente. Visor Cartogr\u00e0fic de la Generalitat Valenciana.<\/figcaption><\/figure>\n<\/div>\n\n\n<p>El d\u00eda 26 fue enterrado en la sepultura de Santa Ana de la iglesia de Sella, y como no ten\u00eda testamento, el Se\u00f1or oficial de Valencia decidi\u00f3 que se coger\u00edan veinte reales de entre todos sus bienes \u201cper a be de la sua Anima\u201d, y nombraron \u201cmalmesor\u201d, o albacea, a su cu\u00f1ado Andreu Llorens de Relleu.<\/p>\n\n\n\n<p>Con los veinte reales pagaron los derechos de f\u00e1brica (1 libra) y de sepultura (2 libras), los derechos rectorales (5 libras y 11 sueldos) y los actos funerales \u201cde la manera que a persones de semejants estats y asiendes, se acostumen fer\u201d. Tuvieron que partirse los dos derechos fundamentales las dos parroquias, el de sepultura se lo qued\u00f3 la de Sella, y el de f\u00e1brica, la de Relleu. Despu\u00e9s, en nota posterior, Mos\u00e9n Barrachina aclara que Relleu tambi\u00e9n tuvo que pagar el entierro \u201cper ferseli mort <em>intra leucam<\/em>\u201d, cuya cantidad fue de 3 libras y ocho sueldos.<\/p>\n\n\n\n<p>Despu\u00e9s de todo esto sobraban todav\u00eda 18 libras y 4 sueldos, y se destinaron a 54 misas rezadas. Adem\u00e1s, con este remanente, el d\u00eda 26 tambi\u00e9n se le dijeron letan\u00edas cantadas, una misa de R\u00e9quiem de cuerpo presente y otras dos misas cantadas \u201cblanques\u201d, una a \u201cNostra Se\u00f1ora del Roser\u201d y la otra a la \u201cBeneyta Santa Ana\u201d.<\/p>\n\n\n<div class=\"wp-block-image\">\n<figure class=\"aligncenter size-full is-resized\"><a href=\"https:\/\/elcabilo.com\/larxiu\/files\/2022\/12\/aa3.jpg\"><img loading=\"lazy\" decoding=\"async\" src=\"https:\/\/elcabilo.com\/larxiu\/files\/2022\/12\/aa3.jpg\" alt=\"\" class=\"wp-image-2255\" width=\"733\" height=\"199\" srcset=\"https:\/\/elcabilo.com\/larxiu\/files\/2022\/12\/aa3.jpg 564w, https:\/\/elcabilo.com\/larxiu\/files\/2022\/12\/aa3-300x81.jpg 300w\" sizes=\"auto, (max-width: 733px) 100vw, 733px\" \/><\/a><figcaption class=\"wp-element-caption\">Detalle de la partida original.<\/figcaption><\/figure>\n<\/div>\n\n\n<p><\/p>\n\n\n\n<p class=\"has-text-align-right\">Albert Rubio Rubio.<\/p>\n\n\n\n<ul class=\"wp-block-list\">\n<li>Quinque Libri 1 (1623-1696). Obispado de Orihuela-Alicante.<\/li>\n\n\n\n<li>La expresi\u00f3n \u201c<strong>intra leucam<\/strong>\u201d se refiere a \u201csin exceder de una legua\u201d, es decir, a una distancia media entre una poblaci\u00f3n y otra (hoy en d\u00eda nuestra frontera est\u00e1 pasando el Rac\u00f3 Ample). En el apartado sobre Sella del informe del Obispo Fabi\u00e1n y Fuero tambi\u00e9n se menciona la distancia en leguas que hay entre Sella y Relleu: \u201cen el a\u00f1o mil quinientos setenta i quatro considerando el venerable Se\u00f1or Don Juan de Rivera [\u2026] que Sella distava de Relleu m\u00e1s de una legua de camino \u00e1pero i peligroso [\u2026]\u201d. Una legua, seg\u00fan la RAE, es una \u201cmedida itineraria [\u2026] definida por el camino que regularmente se anda en una hora, y que en el antiguo sistema espa\u00f1ol equivale a 5572,7 m\u201d. Si recorr\u00e9is el camino Real que va de Sella a Relleu, podr\u00e9is comprobar que se tarda de una a dos horas en llegar, dependiendo de la marcha, es decir, equivalente a una legua m\u00e1s o menos desde cada poblaci\u00f3n.<\/li>\n<\/ul>\n","protected":false},"excerpt":{"rendered":"<p>La Costera de Relleu es un lugar que, como tantas veces se ha dicho y dir\u00e1, est\u00e1 lleno de historias<\/p>\n","protected":false},"author":218,"featured_media":2253,"comment_status":"open","ping_status":"open","sticky":false,"template":"","format":"standard","meta":{"_exactmetrics_skip_tracking":false,"_exactmetrics_sitenote_active":false,"_exactmetrics_sitenote_note":"","_exactmetrics_sitenote_category":0,"footnotes":""},"categories":[1],"tags":[],"class_list":["post-2252","post","type-post","status-publish","format-standard","has-post-thumbnail","hentry","category-sin-categoria","comments-off"],"aioseo_notices":[],"_links":{"self":[{"href":"https:\/\/elcabilo.com\/larxiu\/wp-json\/wp\/v2\/posts\/2252","targetHints":{"allow":["GET"]}}],"collection":[{"href":"https:\/\/elcabilo.com\/larxiu\/wp-json\/wp\/v2\/posts"}],"about":[{"href":"https:\/\/elcabilo.com\/larxiu\/wp-json\/wp\/v2\/types\/post"}],"author":[{"embeddable":true,"href":"https:\/\/elcabilo.com\/larxiu\/wp-json\/wp\/v2\/users\/218"}],"replies":[{"embeddable":true,"href":"https:\/\/elcabilo.com\/larxiu\/wp-json\/wp\/v2\/comments?post=2252"}],"version-history":[{"count":1,"href":"https:\/\/elcabilo.com\/larxiu\/wp-json\/wp\/v2\/posts\/2252\/revisions"}],"predecessor-version":[{"id":2256,"href":"https:\/\/elcabilo.com\/larxiu\/wp-json\/wp\/v2\/posts\/2252\/revisions\/2256"}],"wp:featuredmedia":[{"embeddable":true,"href":"https:\/\/elcabilo.com\/larxiu\/wp-json\/wp\/v2\/media\/2253"}],"wp:attachment":[{"href":"https:\/\/elcabilo.com\/larxiu\/wp-json\/wp\/v2\/media?parent=2252"}],"wp:term":[{"taxonomy":"category","embeddable":true,"href":"https:\/\/elcabilo.com\/larxiu\/wp-json\/wp\/v2\/categories?post=2252"},{"taxonomy":"post_tag","embeddable":true,"href":"https:\/\/elcabilo.com\/larxiu\/wp-json\/wp\/v2\/tags?post=2252"}],"curies":[{"name":"wp","href":"https:\/\/api.w.org\/{rel}","templated":true}]}}