{"id":2290,"date":"2023-03-11T08:13:22","date_gmt":"2023-03-11T07:13:22","guid":{"rendered":"https:\/\/elcabilo.com\/larxiu\/?p=2290"},"modified":"2023-04-06T23:49:13","modified_gmt":"2023-04-06T21:49:13","slug":"nueva-aproximacion-a-la-ermita-de-santa-barbara","status":"publish","type":"post","link":"https:\/\/elcabilo.com\/larxiu\/2023\/03\/11\/nueva-aproximacion-a-la-ermita-de-santa-barbara\/","title":{"rendered":"Nueva aproximaci\u00f3n a la ermita de Santa B\u00e1rbara"},"content":{"rendered":"\n<p>Nuestro conocimiento local aumenta d\u00eda a d\u00eda. Uno de los campos cuyos enigmas intento clarificar es el de la cultura religiosa de nuestro territorio, en el que \u00faltimamente han tenido lugar avances significativos que nos permiten plantear y sugerir nuevas posibilidades y acercarnos un poco m\u00e1s a la realidad que tanto desconocemos. Este escrito es un peque\u00f1o adelanto del trabajo que estoy realizando.<\/p>\n\n\n\n<p>En agosto del a\u00f1o pasado se realizaron unas obras subvencionadas para reparar la estructura de la vieja ermita de Santa B\u00e1rbara. Se reforzaron los muros este y oeste, el tejado y la peque\u00f1a habitaci\u00f3n trasera. El muro de algunas paredes se dej\u00f3 a la vista, destap\u00e1ndose los antiguos cuatro nichos donde se colocaban las esculturas de los santos. Durante el proceso, salieron a la luz tambi\u00e9n dos portones, uno a cada lateral. El port\u00f3n del este conectaba con la casa del ermita\u00f1o, el del oeste con la plaza de la fortificaci\u00f3n, que suponemos deber\u00eda presentar una escalinata y unas paredes puesto que el nivel del suelo en el patio es mucho m\u00e1s elevado.<\/p>\n\n\n<div class=\"wp-block-image\">\n<figure class=\"aligncenter size-full\"><a href=\"https:\/\/elcabilo.com\/larxiu\/files\/2023\/03\/image.png\"><img loading=\"lazy\" decoding=\"async\" width=\"680\" height=\"580\" src=\"https:\/\/elcabilo.com\/larxiu\/files\/2023\/03\/image.png\" alt=\"\" class=\"wp-image-2291\" srcset=\"https:\/\/elcabilo.com\/larxiu\/files\/2023\/03\/image.png 680w, https:\/\/elcabilo.com\/larxiu\/files\/2023\/03\/image-300x256.png 300w\" sizes=\"auto, (max-width: 680px) 100vw, 680px\" \/><\/a><figcaption class=\"wp-element-caption\">Port\u00f3n tapiado que da al patio o plaza (oeste), donde podemos observar perfectamente la superposici\u00f3n de la puerta perteneciente al antiguo castillo musulm\u00e1n y el nicho del siglo XVIII para la colocaci\u00f3n de un santo. Fuente: Arxiu de Sella. (4-8-2022)<\/figcaption><\/figure>\n<\/div>\n\n\n<p>Mucho m\u00e1s sorprendentes fueron las dos ventanas que a cada lado de la puerta principal salieron a pocos palmos arriba del nivel del suelo, un vestigio m\u00e1s del antiguo castillo sobre cuyos restos se asienta el templo, pero cuya utilidad todav\u00eda no tenemos clara.<\/p>\n\n\n<div class=\"wp-block-image\">\n<figure class=\"aligncenter size-full\"><a href=\"https:\/\/elcabilo.com\/larxiu\/files\/2023\/03\/image-1.png\"><img loading=\"lazy\" decoding=\"async\" width=\"570\" height=\"505\" src=\"https:\/\/elcabilo.com\/larxiu\/files\/2023\/03\/image-1.png\" alt=\"\" class=\"wp-image-2292\" srcset=\"https:\/\/elcabilo.com\/larxiu\/files\/2023\/03\/image-1.png 570w, https:\/\/elcabilo.com\/larxiu\/files\/2023\/03\/image-1-300x266.png 300w\" sizes=\"auto, (max-width: 570px) 100vw, 570px\" \/><\/a><figcaption class=\"wp-element-caption\">Ventana del lado este, a la derecha de la puerta principal. Fuente: Arxiu de Sella. (5-8-2022)<\/figcaption><\/figure>\n<\/div>\n\n\n<p>Otras caracter\u00edsticas del antiguo templo que salieron a la luz son algunos restos pict\u00f3ricos en los altares o una peque\u00f1a cavidad a la derecha del altar mayor para uso de la misa, donde se colocaban algunos utensilios.<\/p>\n\n\n\n<p>Al momento de emprenderse las obras, varias fueron las cuestiones surgidas y otras tantas las quejas que se han planteado. Finalmente, y a pesar de todo, hemos podido aprender algunas cosas nuevas y damos constancia de lo descubierto, que nos permite entender mejor el pasado del recinto, cuando se trataba de una fortaleza almohade (la acr\u00f3polis de Sella), conectada con el castillo de Orcheta y los castillos de Alarc y Sanchet, ya desaparecidos, y en cuyo interior aquellos musulmanes tendr\u00edan sus reservas militares para cualquier ataque, adem\u00e1s de una visibilidad excepcional. M\u00e1s tarde, en 1609 ser\u00eda abandonado por la expulsi\u00f3n morisca y permanecer\u00eda abandonado y mencionado en algunos documentos como \u201cCastillo\u201d hasta la segunda mitad del siglo XVIII, cuando sus ruinas sirvieron para construir la actual ermita de Santa B\u00e1rbara.<\/p>\n\n\n\n<p>En julio de 1964 Jos\u00e9 Santacreu P\u00e9rez ya realiz\u00f3 algunos trabajos de reparaci\u00f3n en el camino de subida a la ermita, pero no fue hasta el primer lustro de 1970 que la ermita, destruida el 1\u00ba de mayo de 1936, tuvo su primera restauraci\u00f3n, despu\u00e9s de los muchos intentos por parte tanto de la parroquia como del ayuntamiento. Fue en 1971 cuando se form\u00f3 una comisi\u00f3n de arreglo de la ermita, constituida por Vicente Llorca P\u00e9rez, Antonio Garc\u00eda Ib\u00e1\u00f1ez, Ram\u00f3n Bou Bald\u00f3, Juan Luis P\u00e9rez Ivorra, Miguel Santamar\u00eda Devesa y Jos\u00e9 P\u00e9rez Rubio, los cuales, junto al alcalde \u00c1ngel Sebasti\u00e1 Cerd\u00e1, se reunieron con el Servicio de Extensi\u00f3n Agraria de Villajoyosa para aceptar una subvenci\u00f3n de 10.000 pesetas.<\/p>\n\n\n\n<p>Nuevas obras de restauraci\u00f3n se realizaron a principios de 1994 con una subvenci\u00f3n de 150.000 pesetas, y en 1999 se rehabilit\u00f3 la cubierta del monumento. De estas \u00faltimas reparaciones, me gustar\u00eda incluir unas apreciaciones t\u00e9cnicas del Informe del Arquitecto de la Inspecci\u00f3n T\u00e9cnica de Patrimonio, con fecha 29\/1\/1998:<\/p>\n\n\n\n<p>\u201cLa cubierta es del tipo llamado plano. Si bien su curvatura recoge el trasd\u00f3s de la b\u00f3veda interior, cuyo trazo es de ca\u00f1\u00f3n seguido. Ante esta situaci\u00f3n queda la duda respecto a si la cubierta de origen fue con curvatura o tuvo sobre puerta una inclinada a dos aguas y terminada a base de teja cer\u00e1mica. Este hecho s\u00f3lo se podr\u00e1 saber cuando se acceda a la cubierta y se estudien los indicios. En todo caso la restauraci\u00f3n y reparaci\u00f3n de la cubierta precisa de la eliminaci\u00f3n de los acabados actuales, dando dos soluciones o la del trespol propio de las cubiertas planas, aunque como en este caso sea de superficie curva, o bien, si hubiera indicios de reposici\u00f3n de la cubierta inclinada a dos aguas\u201d.<\/p>\n\n\n<div class=\"wp-block-image\">\n<figure class=\"aligncenter size-full\"><a href=\"https:\/\/elcabilo.com\/larxiu\/files\/2023\/03\/image-2.png\"><img loading=\"lazy\" decoding=\"async\" width=\"627\" height=\"467\" src=\"https:\/\/elcabilo.com\/larxiu\/files\/2023\/03\/image-2.png\" alt=\"\" class=\"wp-image-2293\" srcset=\"https:\/\/elcabilo.com\/larxiu\/files\/2023\/03\/image-2.png 627w, https:\/\/elcabilo.com\/larxiu\/files\/2023\/03\/image-2-300x223.png 300w\" sizes=\"auto, (max-width: 627px) 100vw, 627px\" \/><\/a><figcaption class=\"wp-element-caption\">Plano a escala 1\/100 del recinto de la ermita, perteneciente al legajo sobre la Rehabilitaci\u00f3n de cubierta de la ermita de Santa B\u00e1rbara. Fuente: Archivo Municipal de Sella.<\/figcaption><\/figure>\n<\/div>\n\n\n<p>Se concedi\u00f3 una subvenci\u00f3n de 2.000.000 pesetas para cubrir el gasto total de 4.414.763 pesetas que cost\u00f3 el arreglo. La cubierta, antes de las obras, presentaba la curvatura que se menciona, y ante la duda de c\u00f3mo ser\u00eda la cubierta original, la hicieron a dos aguas. Tanto de antes de las obras como del proceso de estas se conserva una colecci\u00f3n de fotograf\u00edas muy interesante, una de las cuales os muestro a continuaci\u00f3n, junto a otra que muestra el estado ruinoso original de la ermita antes de su primera restauraci\u00f3n.<\/p>\n\n\n\n<figure class=\"wp-block-image size-full\"><a href=\"https:\/\/elcabilo.com\/larxiu\/files\/2023\/03\/image-3.png\"><img loading=\"lazy\" decoding=\"async\" width=\"884\" height=\"447\" src=\"https:\/\/elcabilo.com\/larxiu\/files\/2023\/03\/image-3.png\" alt=\"\" class=\"wp-image-2294\" srcset=\"https:\/\/elcabilo.com\/larxiu\/files\/2023\/03\/image-3.png 884w, https:\/\/elcabilo.com\/larxiu\/files\/2023\/03\/image-3-300x152.png 300w, https:\/\/elcabilo.com\/larxiu\/files\/2023\/03\/image-3-768x388.png 768w\" sizes=\"auto, (max-width: 884px) 100vw, 884px\" \/><\/a><\/figure>\n\n\n\n<p>Hay algunas advocaciones veneradas en la ermita que ahora conocemos. Por ejemplo, parece ser que el \u201cJesuset de la boleta\u201d (el Ni\u00f1o Jes\u00fas de Praga) se situaba a la izquierda en el primer altar. Tambi\u00e9n hab\u00eda una Virgen del Carmen a la derecha en el segundo altar con una placa donde rezaba la frase \u201cA expensas de\u2026\u201d. El nombre ya no se recuerda bien, pero se apunta al de Santiago Llorca o Toni Giner como financiadores. Preciso es que estos detalles sean anotados.<\/p>\n\n\n\n<p>La creaci\u00f3n de la ermita tambi\u00e9n es un aspecto que parece est\u00e1 clarific\u00e1ndose. No he podido hallar todav\u00eda una escritura de obra, pero s\u00ed la primera concesi\u00f3n de la ermita a un ermita\u00f1o. El documento manuscrito data del 12 de febrero de 1769, redactado por el notario de Sella Thomas Cerd\u00e1, conservado en el Archivo Municipal de Villajoyosa. Ante este notario comparecieron los dichos patronos y administradores de la ermita, es decir, el Dr. Joseph Mart\u00ednez, cura de Sella, y los se\u00f1ores capitulares Vicente P\u00e9rez, alcalde ordinario, Vicente Garc\u00eda, Salvador Climent y Antonio Giner, regidores, Cayetano Alemany, s\u00edndico y procurador general, y Vicente Pic\u00f3, s\u00edndico personero. Aqu\u00ed podemos avanzar con una cuesti\u00f3n que a veces me plantean: \u00bfa qui\u00e9n pertenece la ermita? \u00bfuna parte pertenece a la iglesia y otra al ayuntamiento? En este documento nos queda claro que la administraci\u00f3n del templo pertenece, o pertenec\u00eda, a ambos organismos.<\/p>\n\n\n\n<p>A\u00fan en 1893, en el Padr\u00f3n de la Contribuci\u00f3n Urbana, observamos esta doble pertenencia de la ermita: primero encontramos al <em>Culto<\/em> como propietaria de la <em>Ermita<\/em>, que no tiene que pagar nada, pero despu\u00e9s tambi\u00e9n hallamos al <em>Municipio<\/em> como propietaria de la <em>Ermita<\/em>, por la que paga 1,75 pesetas de contribuci\u00f3n. Esta dualidad, me parece, podr\u00eda deberse a que la titularidad de la iglesia ser\u00eda del culto (pues la Iglesia estaba exenta de pagos), y el edificio del ermita\u00f1o anexo a esta iglesia, al no ser un lugar de culto, s\u00ed estar\u00eda expuesta al pago de la contribuci\u00f3n, y su titularidad ser\u00eda del <em>Municipio<\/em>, es decir, el ayuntamiento. Este es el razonamiento al que he llegado, pero por la falta actual de documentaci\u00f3n todav\u00eda no se puede asegurar nada.<\/p>\n\n\n\n<figure class=\"wp-block-image size-full\"><a href=\"https:\/\/elcabilo.com\/larxiu\/files\/2023\/03\/image-4.png\"><img loading=\"lazy\" decoding=\"async\" width=\"885\" height=\"467\" src=\"https:\/\/elcabilo.com\/larxiu\/files\/2023\/03\/image-4.png\" alt=\"\" class=\"wp-image-2295\" srcset=\"https:\/\/elcabilo.com\/larxiu\/files\/2023\/03\/image-4.png 885w, https:\/\/elcabilo.com\/larxiu\/files\/2023\/03\/image-4-300x158.png 300w, https:\/\/elcabilo.com\/larxiu\/files\/2023\/03\/image-4-768x405.png 768w\" sizes=\"auto, (max-width: 885px) 100vw, 885px\" \/><\/a><figcaption class=\"wp-element-caption\">Documento del 12 de febrero de 1769, redactado por el notario de Sella Thomas Cerd\u00e1 y conservado en el Archivo Municipal de Villajoyosa.<\/figcaption><\/figure>\n\n\n\n<p>La concesi\u00f3n se realiza a favor de Lorenzo Sarri\u00f3, vecino de Sella, al que se le encomiendan varias tareas: la limpieza de la ermita y del camino de la V\u00eda Sacra y la composici\u00f3n (enti\u00e9ndase arreglo) de este, la plantaci\u00f3n de cipreses, que toque la campana \u201c\u00e1 las aves mar\u00edas\u201d y \u201ca las horaciones, y en tiempo de fortuna [sic.] tanto de Truenos como de Vientos\u201d, y, adem\u00e1s, debe entregar al se\u00f1or cura el d\u00eda de Todos los Santos quince libras para realizar la dobla y serm\u00f3n de Santa B\u00e1rbara y para la composici\u00f3n del camino y el aseo del edificio. Como testigos figuran el Dr. Juan Roque Ruvio Abogado (presente seguramente como una especie de asistente jur\u00eddico) y el Maestro Tallista Vicente Cort\u00e9s, ambos vecinos de Sella. Esta \u00faltima menci\u00f3n es muy importante, pues este desconocido Vicente Cort\u00e9s seguramente fuese el autor de algunas de las esculturas destruidas del pueblo.<\/p>\n\n\n\n<p>Muchos m\u00e1s detalles van conoci\u00e9ndose en estos tiempos. La investigaci\u00f3n documental en nuestros archivos es fundamental. Durante finales del siglo XVIII y la llegada del XIX son varios los acontecimientos y procesos que nuestra iglesia sigue. En 1805 llega nuestra Patrona, pero hay mucho m\u00e1s que este hecho. Nuestro culto se enriquece durante esta \u00e9poca, adquiere gran cantidad de propiedades, pero todo esto se ir\u00e1 explicando cuando llegue su momento.<\/p>\n\n\n\n<p class=\"has-text-align-right\">Albert Rubio Rubio.<\/p>\n\n\n\n<p>Fuentes:<\/p>\n\n\n\n<ul class=\"wp-block-list\">\n<li>Archivo Municipal Hist\u00f3rico de Villajoyosa.<\/li>\n\n\n\n<li>Archivo Municipal de Sella.<\/li>\n<\/ul>\n","protected":false},"excerpt":{"rendered":"<p>Nuestro conocimiento local aumenta d\u00eda a d\u00eda. Uno de los campos cuyos enigmas intento clarificar es el de la cultura<\/p>\n","protected":false},"author":218,"featured_media":2294,"comment_status":"closed","ping_status":"closed","sticky":false,"template":"","format":"standard","meta":{"_exactmetrics_skip_tracking":false,"_exactmetrics_sitenote_active":false,"_exactmetrics_sitenote_note":"","_exactmetrics_sitenote_category":0,"footnotes":""},"categories":[1],"tags":[],"class_list":["post-2290","post","type-post","status-publish","format-standard","has-post-thumbnail","hentry","category-sin-categoria","comments-off"],"aioseo_notices":[],"_links":{"self":[{"href":"https:\/\/elcabilo.com\/larxiu\/wp-json\/wp\/v2\/posts\/2290","targetHints":{"allow":["GET"]}}],"collection":[{"href":"https:\/\/elcabilo.com\/larxiu\/wp-json\/wp\/v2\/posts"}],"about":[{"href":"https:\/\/elcabilo.com\/larxiu\/wp-json\/wp\/v2\/types\/post"}],"author":[{"embeddable":true,"href":"https:\/\/elcabilo.com\/larxiu\/wp-json\/wp\/v2\/users\/218"}],"replies":[{"embeddable":true,"href":"https:\/\/elcabilo.com\/larxiu\/wp-json\/wp\/v2\/comments?post=2290"}],"version-history":[{"count":1,"href":"https:\/\/elcabilo.com\/larxiu\/wp-json\/wp\/v2\/posts\/2290\/revisions"}],"predecessor-version":[{"id":2296,"href":"https:\/\/elcabilo.com\/larxiu\/wp-json\/wp\/v2\/posts\/2290\/revisions\/2296"}],"wp:featuredmedia":[{"embeddable":true,"href":"https:\/\/elcabilo.com\/larxiu\/wp-json\/wp\/v2\/media\/2294"}],"wp:attachment":[{"href":"https:\/\/elcabilo.com\/larxiu\/wp-json\/wp\/v2\/media?parent=2290"}],"wp:term":[{"taxonomy":"category","embeddable":true,"href":"https:\/\/elcabilo.com\/larxiu\/wp-json\/wp\/v2\/categories?post=2290"},{"taxonomy":"post_tag","embeddable":true,"href":"https:\/\/elcabilo.com\/larxiu\/wp-json\/wp\/v2\/tags?post=2290"}],"curies":[{"name":"wp","href":"https:\/\/api.w.org\/{rel}","templated":true}]}}