{"id":2725,"date":"2025-03-25T20:41:12","date_gmt":"2025-03-25T19:41:12","guid":{"rendered":"https:\/\/elcabilo.com\/larxiu\/?p=2725"},"modified":"2025-03-25T20:41:13","modified_gmt":"2025-03-25T19:41:13","slug":"frailes-agustinos-en-sella","status":"publish","type":"post","link":"https:\/\/elcabilo.com\/larxiu\/2025\/03\/25\/frailes-agustinos-en-sella\/","title":{"rendered":"Frailes agustinos en Sella"},"content":{"rendered":"\n<p>Ha motivado este escrito el descubrimiento de un enterramiento en el convento agustino de Villajoyosa en 1704 de un fraile que en aquel momento estaba en Sella.<\/p>\n\n\n\n<p>No conocemos el lugar de origen ni la edad del personaje que primero nos ocupa, Fray Thomas Berthomeu. La partida de defunci\u00f3n se encuentra en el Archivo Parroquial de Sella, Quinque Libri 2 (1696-1729). Lo transcribimos literalmente:<\/p>\n\n\n\n<p><em>7 Pe. Pdor. fr. Thomas Bertomeu<\/em><\/p>\n\n\n\n<p><em>En hun dia del mes de Abril a\u00f1y mil set sents y quatre mori el Pe. Pdor. <\/em>[<em>P<\/em>ar<em>e<\/em> <em>P<\/em>redica<em>dor<\/em>]<em> fr. Thomas Bertomeu de la Orde de St. Agusti Vicari y els Pares del Convent de St. Pere de Vilajoyosa sen portaron lo cos per a soterrarlo en la iglesia de dit Convent<\/em><\/p>\n\n\n\n<p><em>M\u00ba. Geroni Barrachina Rr.<\/em><\/p>\n\n\n<div class=\"wp-block-image\">\n<figure class=\"aligncenter size-full is-resized\"><a href=\"https:\/\/elcabilo.com\/larxiu\/files\/2025\/03\/Frares-agostins.jpg\"><img loading=\"lazy\" decoding=\"async\" width=\"498\" height=\"213\" src=\"https:\/\/elcabilo.com\/larxiu\/files\/2025\/03\/Frares-agostins.jpg\" alt=\"\" class=\"wp-image-2726\" style=\"width:758px;height:auto\" srcset=\"https:\/\/elcabilo.com\/larxiu\/files\/2025\/03\/Frares-agostins.jpg 498w, https:\/\/elcabilo.com\/larxiu\/files\/2025\/03\/Frares-agostins-300x128.jpg 300w\" sizes=\"auto, (max-width: 498px) 100vw, 498px\" \/><\/a><figcaption class=\"wp-element-caption\">Detalle de la partida original de defunci\u00f3n de Thomas Berthomeu. Archivo Parroquial de Sella, 1704.<\/figcaption><\/figure>\n<\/div>\n\n\n<p>Fray Thomas Berthomeu llevaba en el cargo de vicario de la parroquia de Sella desde, al menos, el 8 de octubre de 1703, fecha de su primera aparici\u00f3n firmando una partida en el Quinque Libri 2. Justamente, se hallaba reemplazando a Mos\u00e9n Joseph Frances, vicario de Sella desde 1701 hasta el 10 de julio de 1703, cuando falleci\u00f3 en Sella. Suponemos que realmente Berthomeu llegar\u00eda poco despu\u00e9s de la muerte de su antecesor, dentro de ese per\u00edodo de tres meses entre la muerte de Frances y la primera aparici\u00f3n de Berthomeu.<\/p>\n\n\n\n<p>Fray Berthomeu, al extender \u00e9l las partidas sacramentales, se describe como \u201c<em>yo fr. Thomas Berthomeu del orde del Pare S. Agosti de llicencia del Sr. Mn. Geroni Barrachina Retor de la present Parroquia<\/em>\u201d. Solamente consta como vicario en su partida de defunci\u00f3n.<\/p>\n\n\n\n<p>Es interesante la referencia dada por la partida sacramental. No es la primera a un enterramiento en dicho convento de San Pedro y Santa Marta de Villajoyosa: Paco Maci\u00e1, en un art\u00edculo de 2015, ya da testimonio de la \u00faltima voluntad del licenciado Mathias Mayor, natural de Villajoyosa y que fue cura de la parroquia de Polop, en su testamento de 1721 otorgado ante el notario Francisco Juan Llorca. Pide ser enterrado en el convento agustino <em>suplicando a los Religiosos de aquel me quieran acoger<\/em>.<\/p>\n\n\n\n<p>Algunos restos de este convento fueron descubiertos en 2011 y en 2013 en ocasi\u00f3n de las obras realizadas para la instalaci\u00f3n de unas rejillas y las ca\u00f1er\u00edas para la captaci\u00f3n de aguas pluviales. En 2013 fueron halladas las esquinas semicirculares del primer escal\u00f3n del presbiterio. Al lado de cada esquina apareci\u00f3 un enterramiento. Ambos cuerpos fueron enterrados en ata\u00fad. En la sepultura del extremo este del presbiterio se encontr\u00f3 un remache o broche peque\u00f1o con forma de calavera, un rosario y un crucifijo de bronce. En la del extremo oeste se hallaron peque\u00f1as piezas circulares de hueso.<\/p>\n\n\n\n<p>Lo m\u00e1s probable es que existan m\u00e1s sepulturas en el resto del yacimiento n\u00ba. 94 del Cat\u00e1logo de Bienes y Espacios Protegidos de Villajoyosa, que as\u00ed se denomina al \u00e1rea arqueol\u00f3gica del convento.<\/p>\n\n\n\n<p>No es posible asegurar que ninguno de los dos ejemplos de enterramiento en el convento corresponda a los hallados en 2013, pero esperamos que aquel y este nuevo ejemplo que ofrezco sirvan como constataci\u00f3n de los enterramientos all\u00ed efectuados durante el siglo XVIII.<\/p>\n\n\n\n<p>La presencia de frailes agustinos en la parroquia de Sella es constante, pertenecientes algunos de ellos del convento de Villajoyosa. Tambi\u00e9n hay presencia de algunos religiosos de Villajoyosa desde, aproximadamente, el per\u00edodo 1603-1611, en que fue rector de Sella Salvador Llinares, natural de aquel pueblo. El 29 de noviembre de 1633, de manera excepcional, tambi\u00e9n consta Cura regente de Sella Fray Jaume Lloret de Villajoyosa.<\/p>\n\n\n\n<p>Desde los primeros registros parroquiales de 1623 hasta Thomas Berthomeu, en 1704, constan 23 frailes agustinos en Sella. Entre ellos, Fray Roch Blanes, <em>Prior del ct. de la Vila<\/em>, en 1636, y Fray Thomas Valderas, tambi\u00e9n <em>Prior del Conto. de S. Pedro y Sta. Marta de vilajosa del horden de S. Agstin<\/em>, en 1653, y cura regente de Sella.<\/p>\n\n\n\n<p>Contando desde Fray Thomas Berthomeu hasta la amortizaci\u00f3n de Mendizabal en 1835, encontramos otros 18 religiosos agustinos en Sella. En total, por Sella pasaron, aproximadamente y que est\u00e9 registrado, unos 43 agustinos. Muchos de estos frailes sol\u00edan ser predicadores que sub\u00edan a los pueblos en ocasi\u00f3n de la cuaresma.<\/p>\n\n\n\n<p>Algunos de estos frailes agustinos eran profesados en Alcoy, como el caso de Thomas Giner Herrera, natural de Sella, profesado en el Convento de San Agust\u00edn de Alcoy en 1729, aunque cabe se\u00f1alar que era nieto de los Barrachina, oriundos de Cocentaina, una familia con una gran presencia de religiosos, dos de ellos curas de Sella.<\/p>\n\n\n\n<p>Consta serlo del Convento de Villajoyosa el Padre Fray Nicol\u00e1s Morant \u201c<em>Religioso Agustino Conventual en Villajoyosa<\/em>\u201d en 1760, y Fray Thomas Espinos en 1761. En 1767, Fray Miguel Mart\u00ed. Abandonado el Convento tras la desamortizaci\u00f3n de Mendiz\u00e1bal, hallamos a Jos\u00e9 Sapena Mart\u00ednez, natural de Benimantell (sobrino de Joseph Mart\u00ednez, cura de Sella entre 1761-1810), fallecido en Sella en 1843, presb\u00edtero, \u201c<em>exclaustrado del Convento de Religiosos Agustinos de la villa de Villajoyosa<\/em>\u201d.<\/p>\n\n\n\n<p>El \u00faltimo agustino que conocemos en Sella fue el presb\u00edtero Jos\u00e9 Bou Seva, exclaustrado de la orden de Agustinos descalzos. Tambi\u00e9n era natural de Benimantell, nacido en 1810, y con familia en Sella, lugar donde falleci\u00f3 en 1884, en la calle del \u00c1ngel. Hay una curiosa an\u00e9cdota de su \u00faltima etapa de vida, cuando todav\u00eda ejerc\u00eda de predicador y puede que padeciera demencia. La rescatamos de una comunicaci\u00f3n del Ayuntamiento de Sella al Gobernador civil, en el a\u00f1o 1862.<\/p>\n\n\n\n<p>El 12 de octubre de dicho a\u00f1o, el alcalde D. Antoni Giner explica al Gobernador civil que \u201c<em>en este pueblo se encuentra de poco tiempo a esta parte un esclaustrado que se allaba avecindado en Benimantell, este por lo visto no tiene sus sentidos conforme y en caso que los tenga algunas veces se alla en periodos de Deemencia, cuyo Presbitero usaba una carabina y con ella me dijo en dias ultimos enfurecido que queria dar la muerte al Sor. Cura porque no lo dejaba predicar y a mas \u00e1 cinco o seis mas vecinos de este pueblo que apoyaban a dicho cura<\/em>\u201d.<\/p>\n\n\n\n<p class=\"has-text-align-right\"><strong>Albert Rubio<\/strong><\/p>\n\n\n\n<p>Agradecimientos especiales a Paco Maci\u00e1 y a Diego Ruiz Alcalde.<\/p>\n\n\n\n<p><strong>Documentaci\u00f3n:<\/strong><\/p>\n\n\n\n<ul class=\"wp-block-list\">\n<li>Para la realizaci\u00f3n de este art\u00edculo ha sido consultada la Memoria de los trabajos arqueol\u00f3gicos en el yacimiento n\u00ba. 94 CBEP de Villajoyosa en ocasi\u00f3n de la acometida de pluviales en Calle Pizarro, Plaza de la Generalitat y Calle Canalejas en 2013, bajo la directriz de los arque\u00f3logos Diego Ruiz Alcalde y Amanda Marcos Gonz\u00e1lez, y el equipo t\u00e9cnico de Miquel S\u00e1nchez i Signes.<\/li>\n\n\n\n<li>Publicaci\u00f3n del blog <em>La Vila y comarca<\/em>, de Paco Maci\u00e1: <a href=\"http:\/\/www.lavilaycomarca.com\/2015\/03\/las-tumbas-del-convento-de-san-agustin.html\">http:\/\/www.lavilaycomarca.com\/2015\/03\/las-tumbas-del-convento-de-san-agustin.html<\/a> (consultado el 9-1-2025).<\/li>\n\n\n\n<li>Quinque Libri 2 (1696-1729) del Archivo Parroquial de Sella.<\/li>\n\n\n\n<li>Gonz\u00e1lez Velasco, Modesto. <em>Profesiones del Convento San Agust\u00edn de Alcoy (Alicante) 1725-1835<\/em>. Revista Archivo Agustiniano, Vol. 97, N\u00ba. 215, 2013.<\/li>\n\n\n\n<li>Copiador de oficios remitidos al Gobernador civil en 1862. Ayuntamiento de Sella. Sig. 68\/2.<\/li>\n<\/ul>\n","protected":false},"excerpt":{"rendered":"<p>Ha motivado este escrito el descubrimiento de un enterramiento en el convento agustino de Villajoyosa en 1704 de un fraile<\/p>\n","protected":false},"author":218,"featured_media":2726,"comment_status":"open","ping_status":"open","sticky":false,"template":"","format":"standard","meta":{"_exactmetrics_skip_tracking":false,"_exactmetrics_sitenote_active":false,"_exactmetrics_sitenote_note":"","_exactmetrics_sitenote_category":0,"footnotes":""},"categories":[1],"tags":[],"class_list":["post-2725","post","type-post","status-publish","format-standard","has-post-thumbnail","hentry","category-sin-categoria","comments-off"],"aioseo_notices":[],"_links":{"self":[{"href":"https:\/\/elcabilo.com\/larxiu\/wp-json\/wp\/v2\/posts\/2725","targetHints":{"allow":["GET"]}}],"collection":[{"href":"https:\/\/elcabilo.com\/larxiu\/wp-json\/wp\/v2\/posts"}],"about":[{"href":"https:\/\/elcabilo.com\/larxiu\/wp-json\/wp\/v2\/types\/post"}],"author":[{"embeddable":true,"href":"https:\/\/elcabilo.com\/larxiu\/wp-json\/wp\/v2\/users\/218"}],"replies":[{"embeddable":true,"href":"https:\/\/elcabilo.com\/larxiu\/wp-json\/wp\/v2\/comments?post=2725"}],"version-history":[{"count":1,"href":"https:\/\/elcabilo.com\/larxiu\/wp-json\/wp\/v2\/posts\/2725\/revisions"}],"predecessor-version":[{"id":2727,"href":"https:\/\/elcabilo.com\/larxiu\/wp-json\/wp\/v2\/posts\/2725\/revisions\/2727"}],"wp:featuredmedia":[{"embeddable":true,"href":"https:\/\/elcabilo.com\/larxiu\/wp-json\/wp\/v2\/media\/2726"}],"wp:attachment":[{"href":"https:\/\/elcabilo.com\/larxiu\/wp-json\/wp\/v2\/media?parent=2725"}],"wp:term":[{"taxonomy":"category","embeddable":true,"href":"https:\/\/elcabilo.com\/larxiu\/wp-json\/wp\/v2\/categories?post=2725"},{"taxonomy":"post_tag","embeddable":true,"href":"https:\/\/elcabilo.com\/larxiu\/wp-json\/wp\/v2\/tags?post=2725"}],"curies":[{"name":"wp","href":"https:\/\/api.w.org\/{rel}","templated":true}]}}