{"id":2969,"date":"2026-04-04T13:35:27","date_gmt":"2026-04-04T11:35:27","guid":{"rendered":"https:\/\/elcabilo.com\/larxiu\/?p=2969"},"modified":"2026-04-09T22:49:41","modified_gmt":"2026-04-09T20:49:41","slug":"el-pi-de-sagnon-testimoni-del-segle-xx","status":"publish","type":"post","link":"https:\/\/elcabilo.com\/larxiu\/2026\/04\/04\/el-pi-de-sagnon-testimoni-del-segle-xx\/","title":{"rendered":"El pi de Sagnon, testimoni del segle XX"},"content":{"rendered":"\n<p>El passat 28 i 29 de mar\u00e7 presentarem a la Fira de Mostres la nostra \u00faltima exposici\u00f3. Una mostra molt menuda per\u00f2 sentida, que ha volgut ser l\u2019homenatge a un dels grans arbres del nostre terme, desaparegut el 2025.<\/p>\n\n\n\n<p>El de Sagnon es tractava d\u2019un pi ver o pinyer (<em>Pinus pinea<\/em>), plantat al costat de l\u2019era del mas. Al seu voltant van establir en la segona meitat del segle XX una l\u00ednia el\u00e8ctrica i en 2011 li van seccionar brutalment una part lateral de la copa per a evitar que les seues branques danyaren el cablejat. Cap a 2024 va comen\u00e7ar a manifestar un progressiu secament de les fulles fins que, cap a finals de 2025, estava totalment mort. En desembre d\u2019aquell any, l\u2019empresa responsable de la infraestructura el\u00e8ctrica el va tallar, triturant les seues branques i deixant l\u2019enorme soca partida en diversos fragments sobre l\u2019era del mas.<\/p>\n\n\n<div class=\"wp-block-image\">\n<figure class=\"aligncenter size-full\"><a href=\"https:\/\/elcabilo.com\/larxiu\/files\/2026\/04\/Pi-sec-2025.jpg\"><img loading=\"lazy\" decoding=\"async\" width=\"621\" height=\"409\" src=\"https:\/\/elcabilo.com\/larxiu\/files\/2026\/04\/Pi-sec-2025.jpg\" alt=\"\" class=\"wp-image-2970\" srcset=\"https:\/\/elcabilo.com\/larxiu\/files\/2026\/04\/Pi-sec-2025.jpg 621w, https:\/\/elcabilo.com\/larxiu\/files\/2026\/04\/Pi-sec-2025-300x198.jpg 300w\" sizes=\"auto, (max-width: 621px) 100vw, 621px\" \/><\/a><figcaption class=\"wp-element-caption\">El pi junt al mas i la linia el\u00e8ctrica, sec en 2025<\/figcaption><\/figure>\n<\/div>\n\n\n<p>\u00c9s en eixe moment quan apareixem alguns membres de l\u2019Arxiu per valorar la possibilitat de fer-se amb un fragment de l\u2019arbre, sabedors de que dins del tronc amagava la seua hist\u00f2ria i la de les nostres terres. Coneix\u00edem prou b\u00e9 aquest pi i el fascinant mas que l\u2019acull, del qual tenim un xicotet fons documental de rescat, per\u00f2 sab\u00edem tamb\u00e9 que si aconsegu\u00edem fer-nos amb una mostra completa del tronc, podr\u00edem aproximar-nos a l\u2019edat de l\u2019arbre i al seu creixement. El pi, o les restes vegetals d\u2019all\u00f2 que va ser un arbre majestu\u00f3s, es va convertir en un arxiu biol\u00f2gic que ens permetria con\u00e8ixer millor la hist\u00f2ria del mas i de les terres meridionals d\u2019Aitana.<\/p>\n\n\n<div class=\"wp-block-image\">\n<figure class=\"aligncenter size-full is-resized\"><a href=\"https:\/\/elcabilo.com\/larxiu\/files\/2026\/04\/tronc-complet.jpg\"><img loading=\"lazy\" decoding=\"async\" width=\"603\" height=\"453\" src=\"https:\/\/elcabilo.com\/larxiu\/files\/2026\/04\/tronc-complet.jpg\" alt=\"\" class=\"wp-image-2972\" style=\"width:759px;height:auto\" srcset=\"https:\/\/elcabilo.com\/larxiu\/files\/2026\/04\/tronc-complet.jpg 603w, https:\/\/elcabilo.com\/larxiu\/files\/2026\/04\/tronc-complet-300x225.jpg 300w, https:\/\/elcabilo.com\/larxiu\/files\/2026\/04\/tronc-complet-600x450.jpg 600w\" sizes=\"auto, (max-width: 603px) 100vw, 603px\" \/><\/a><figcaption class=\"wp-element-caption\">Secci\u00f3 del tronc, fotografiada per Jos\u00e9 Luis Carrillo<\/figcaption><\/figure>\n<\/div>\n\n\n<p>Finalment, un mat\u00ed de febrer aconseguirem tallar, no sense dificultats, un fragment complet del tronc. Per a aquesta faena va ser essencial la pres\u00e8ncia de Jimmy de l\u2019Arc que tan generosament el va tallar i va polir la pe\u00e7a. Posteriorment, se li va fer un tractament d\u2019assecat natural amb un producte (Lasur), per a mantenir el tronc amb el m\u00e0xim de la seua naturalitat. El dia del tall, enva\u00efts per una inoblidable olor a resina, van anar apareixent els anells que amagava el cor de l\u2019arbre.<\/p>\n\n\n<div class=\"wp-block-image\">\n<figure class=\"aligncenter size-full\"><a href=\"https:\/\/elcabilo.com\/larxiu\/files\/2026\/04\/tall-lateral.jpeg\"><img loading=\"lazy\" decoding=\"async\" width=\"826\" height=\"464\" src=\"https:\/\/elcabilo.com\/larxiu\/files\/2026\/04\/tall-lateral.jpeg\" alt=\"\" class=\"wp-image-2973\" srcset=\"https:\/\/elcabilo.com\/larxiu\/files\/2026\/04\/tall-lateral.jpeg 826w, https:\/\/elcabilo.com\/larxiu\/files\/2026\/04\/tall-lateral-300x169.jpeg 300w, https:\/\/elcabilo.com\/larxiu\/files\/2026\/04\/tall-lateral-768x431.jpeg 768w\" sizes=\"auto, (max-width: 826px) 100vw, 826px\" \/><\/a><\/figure>\n<\/div>\n\n<div class=\"wp-block-image\">\n<figure class=\"aligncenter size-full is-resized\"><a href=\"https:\/\/elcabilo.com\/larxiu\/files\/2026\/04\/pulit-tronc.jpg\"><img loading=\"lazy\" decoding=\"async\" width=\"459\" height=\"345\" src=\"https:\/\/elcabilo.com\/larxiu\/files\/2026\/04\/pulit-tronc.jpg\" alt=\"\" class=\"wp-image-2974\" style=\"width:671px;height:auto\" srcset=\"https:\/\/elcabilo.com\/larxiu\/files\/2026\/04\/pulit-tronc.jpg 459w, https:\/\/elcabilo.com\/larxiu\/files\/2026\/04\/pulit-tronc-300x225.jpg 300w\" sizes=\"auto, (max-width: 459px) 100vw, 459px\" \/><\/a><figcaption class=\"wp-element-caption\">Proc\u00e9s de tall i polit de la pe\u00e7a<\/figcaption><\/figure>\n<\/div>\n\n\n<p>Els anells dels pins, a l\u2019igual que altres esp\u00e8cies arb\u00f2ries, ens parlen de forma aclaridora sobre&nbsp;les condicions ambientals en les quals va viure. Cada anell correspon a un any complet i del seu estudi s\u2019encarrega una disciplina cient\u00edfica anomenada dendrocronologia. Despr\u00e9s d\u2019una lectura acurada, hem pogut datar la plantaci\u00f3 del pi en la \u00faltima d\u00e8cada del segle XIX, tenint en compte que es tracta d&#8217;una cronologia relativa, que pot anar deu anys amunt o avall. Amb 135 anys, l\u2019arbre ha conegut canvis hist\u00f2rics extraordinaris, per\u00f2 tamb\u00e9 alteracions en les precipitacions que resulten molt interessants. D\u2019alguna forma, completa la informaci\u00f3 que disposem dels pluvi\u00f2metres (<a href=\"https:\/\/elcabilo.com\/larxiu\/2025\/12\/17\/set-decades-dobservadors-meteorologics\/\" title=\"\">des de 1953<\/a>), i ens permet aproximar-nos millor al coneixement de les fases seques i humides des de finals del segle XIX, de les quals nom\u00e9s tenim noticies indirectes.<\/p>\n\n\n\n<p>Amb estes dos variables, la hist\u00f2rica i la clim\u00e0tica, dissenyarem un xicotet panell explicatiu que acompanyava la mostra del tronc, fragments de la crosta i algunes pinyes i pinyons. Per al disseny del panell ens va ajudar Jose Luis Carrillo, fot\u00f2graf i ve\u00ed de Sella.<\/p>\n\n\n<div class=\"wp-block-image\">\n<figure class=\"aligncenter size-full is-resized\"><a href=\"https:\/\/elcabilo.com\/larxiu\/files\/2026\/04\/expo.jpg\"><img loading=\"lazy\" decoding=\"async\" width=\"408\" height=\"307\" src=\"https:\/\/elcabilo.com\/larxiu\/files\/2026\/04\/expo.jpg\" alt=\"\" class=\"wp-image-2978\" style=\"width:518px;height:auto\" srcset=\"https:\/\/elcabilo.com\/larxiu\/files\/2026\/04\/expo.jpg 408w, https:\/\/elcabilo.com\/larxiu\/files\/2026\/04\/expo-300x226.jpg 300w\" sizes=\"auto, (max-width: 408px) 100vw, 408px\" \/><\/a><figcaption class=\"wp-element-caption\">XXIX Fira de Mostres i Cultura Mediterr\u00e0nia de Sella<\/figcaption><\/figure>\n<\/div>\n\n\n<p><strong>La historia del pi<\/strong><\/p>\n\n\n\n<p>Des del punt hist\u00f2ric, l\u2019arbre es va plantar quan el mas de Sagnon estava habitat per la fam\u00edlia Morales Buades, de Sella, sent propietat de Juan Bautista Lloret Galiana, de La Vila. Segons l\u2019estudi geneal\u00f2gic preliminar realitzat per Albert Rubio, la primera partida de la fam\u00edlia Morales Buades on apareix Sagnon com a lloc de naixement \u00e9s de 1880, amb Juana Morales Buades. Despr\u00e9s vindrien altres germans, per\u00f2 volem destacar a Maria (1899), bes\u00e0via d\u2019Albert. Ens agrada pensar que el naixement d\u2019aquelles xiquetes va coincidir amb el naixement del pi.<\/p>\n\n\n<div class=\"wp-block-image\">\n<figure class=\"aligncenter size-full is-resized\"><a href=\"https:\/\/elcabilo.com\/larxiu\/files\/2026\/04\/Sagnon-dones-ca-1910.jpg\"><img loading=\"lazy\" decoding=\"async\" width=\"446\" height=\"295\" src=\"https:\/\/elcabilo.com\/larxiu\/files\/2026\/04\/Sagnon-dones-ca-1910.jpg\" alt=\"\" class=\"wp-image-2971\" style=\"aspect-ratio:1.5118931247963505;width:718px;height:auto\" srcset=\"https:\/\/elcabilo.com\/larxiu\/files\/2026\/04\/Sagnon-dones-ca-1910.jpg 446w, https:\/\/elcabilo.com\/larxiu\/files\/2026\/04\/Sagnon-dones-ca-1910-300x198.jpg 300w\" sizes=\"auto, (max-width: 446px) 100vw, 446px\" \/><\/a><figcaption class=\"wp-element-caption\">Grup de dones en Sagnon. La xiqueta m\u00e9s major, en el centre, \u00e9s Maria Seva Morales, que va naixer al mas l\u2019any 1899, en les mateixos moments que es va plantar el pi<\/figcaption><\/figure>\n<\/div>\n\n\n<p>Aquella \u00e8poca era, directament, un altre m\u00f3n, tant diferent a l\u2019actual. Per comen\u00e7ar, no existia encara la carretera, i el cam\u00ed que passava a prop del mas era l\u2019antic cam\u00ed reial de La Vila a Alcoi, un cam\u00ed de ferradura. Segons un testimoni, l\u2019acc\u00e9s des del cam\u00ed al mas es realitzava mitjan\u00e7ant dos grans portes, testimonis de la inseguretat anterior derivada del bandolerisme i les guerres carlistes; portes que, per cert, que encara es poden observar en l\u2019interior dels corrals de la casa. <\/p>\n\n\n\n<p>Altre fet rellevant a destacar \u00e9s com a la d\u00e8cada de 1950 la construcci\u00f3 de la base militar d\u2019Aitana per part de l\u2019ex\u00e8rcit dels EEUU oblig\u00e0 a instal\u00b7lar la l\u00ednia el\u00e8ctrica que passa junt al pi, l\u00ednia que anir\u00e0 ampliant-se al llarg del segle. \u00c9s precissament eixa l\u00ednia la que explica per qu\u00e8 han tallat l\u2019arbre, una vegada mort i despr\u00e9s d\u2019haver-li realitzat una severa poda en 2011.<\/p>\n\n\n\n<p>Entre 1960 i 1970 Sella perd gran part de la seua poblaci\u00f3 per l\u2019emigraci\u00f3, per\u00f2 la primera manifestaci\u00f3 d\u2019aquesta davallada demogr\u00e0fica ocorre als masos, la majoria dels quals ja no estan habitats de forma permanent. De fet, al morir Ramona Morales Buades i el seu marit Cecilio Jos\u00e9 Garc\u00eda Solbes en la d\u00e8cada de 1960, el mas pasa a ser treballat per la seua filla Pepica i el seu home Carlos &#8220;Sagnon&#8221;, que ja viuen al poble i cap a 1995 deixaran el seu treball com a mitjers al mas, que quedar\u00e0 completament abandonat al deixar de llaurar-se les terres. Des d\u2019aquell moment, la casa ha estat v\u00edctima de l\u2019espoli i la degradaci\u00f3, i no cal esperar molts anys m\u00e9s per a que la teulada s\u2019enrune completament.<\/p>\n\n\n\n<p>La mort del pi, d\u2019alguna forma, representa el final definitiu d\u2019una \u00e8poca.<\/p>\n\n\n\n<p><strong>El que ens conta del clima<\/strong><\/p>\n\n\n\n<p>El pi es trobava a prop de la bassa de Sagnon, que portava les aig\u00fces des d\u2019un assut situat al Pont del Pas, a l\u2019entrada de Tagarina. Aix\u00f2 fa pensar que va ser un arbre ben abastit d\u2019aigua, per\u00f2 tamb\u00e9 molt sensible a les sequeres fortes, ja que la bassa no es podia omplir en eixos moments. Per aquesta ra\u00f3, els anells de l\u2019arbre s\u00f3n, sobretot, indicadors clim\u00e0tics de les sequeres. De la nostra an\u00e0lisi, hem pogut detectar les m\u00e9s rellevants, relacionant-les amb fets hist\u00f2rics documentats:<\/p>\n\n\n\n<p>Els primers anys de la d\u00e8cada de 1910 s\u00f3n molt secs i aboquen a molts joves de Sella a emigrar principalment cap a Europa, aprofitant la necessitat de m\u00e0 d\u2019obra que ha provocat la Primera Guerra Mundial. Al panell de l&#8217;exposici\u00f3 vam incloure una fotografia de Ram\u00f3n Climent treballant en aquella \u00e8poca a Fran\u00e7a.<\/p>\n\n\n\n<p>Durant la d\u00e8cada de 1930 hi hagueren fortes sequeres, destacant la dels anys 1937-1939, coneguda com la <em>sequera de la guerra<\/em>. Fins i tot, el toll de la Font Major es va quedar sense aigua, tal i com ens demostra <a href=\"https:\/\/elcabilo.com\/larxiu\/2022\/02\/11\/a-proposit-de-la-font-major\/\" title=\"\">una fotografia<\/a> del mestre Antonio Mora.<\/p>\n\n\n<div class=\"wp-block-image\">\n<figure class=\"aligncenter size-full\"><a href=\"https:\/\/elcabilo.com\/larxiu\/files\/2026\/04\/comparativa-font-major.jpg\"><img loading=\"lazy\" decoding=\"async\" width=\"518\" height=\"663\" src=\"https:\/\/elcabilo.com\/larxiu\/files\/2026\/04\/comparativa-font-major.jpg\" alt=\"\" class=\"wp-image-2975\" srcset=\"https:\/\/elcabilo.com\/larxiu\/files\/2026\/04\/comparativa-font-major.jpg 518w, https:\/\/elcabilo.com\/larxiu\/files\/2026\/04\/comparativa-font-major-234x300.jpg 234w\" sizes=\"auto, (max-width: 518px) 100vw, 518px\" \/><\/a><figcaption class=\"wp-element-caption\">Comparativa de la foto d&#8217;Antonio Mora i una actual, que ens permet valorar la intensitat de la seca del toll de la Font Major en la sequera de la d\u00e8cada de 1930 <\/figcaption><\/figure>\n<\/div>\n\n<div class=\"wp-block-image\">\n<figure class=\"aligncenter size-full is-resized\"><a href=\"https:\/\/elcabilo.com\/larxiu\/files\/2026\/04\/detall-sequera-1930.jpg\"><img loading=\"lazy\" decoding=\"async\" width=\"513\" height=\"358\" src=\"https:\/\/elcabilo.com\/larxiu\/files\/2026\/04\/detall-sequera-1930.jpg\" alt=\"\" class=\"wp-image-2976\" style=\"width:617px;height:auto\" srcset=\"https:\/\/elcabilo.com\/larxiu\/files\/2026\/04\/detall-sequera-1930.jpg 513w, https:\/\/elcabilo.com\/larxiu\/files\/2026\/04\/detall-sequera-1930-300x209.jpg 300w\" sizes=\"auto, (max-width: 513px) 100vw, 513px\" \/><\/a><figcaption class=\"wp-element-caption\">Detall de com queda reflectida la sequera de la d\u00e8cada de 1930, amb els anells m\u00e9s apretats<\/figcaption><\/figure>\n<\/div>\n\n\n<p>Entre 1965 i 1970 patirem una sequera singular, ja que el abastiment d\u2019aigua al poble va perillar per la instal\u00b7laci\u00f3 de motors en la Font de l\u2019Arc per part dels regants de La Vila (1969). En Sella varen fer una gran manifestaci\u00f3 defensant l\u2019aigua, encap\u00e7alada per les dones segons les cr\u00f2niques.<\/p>\n\n\n\n<p>En 1978 i uns pocs anys seg\u00fcents, la sequera va ser extraordin\u00e0ria fins el punt que va obligar a instal\u00b7lar dip\u00f2sits (majorit\u00e0riament d\u2019uralita) en les cases del poble. A la resta de la comarca tamb\u00e9 es va fer notar intensament: el pant\u00e0 de l\u2019Amadorio es va assecar per complet i s\u2019utilitzaren barcos amb aigua per a abastir a Benidorm.<\/p>\n\n\n<div class=\"wp-block-image\">\n<figure class=\"aligncenter size-full\"><a href=\"https:\/\/elcabilo.com\/larxiu\/files\/2026\/04\/diposit-uralita.jpg\"><img loading=\"lazy\" decoding=\"async\" width=\"360\" height=\"480\" src=\"https:\/\/elcabilo.com\/larxiu\/files\/2026\/04\/diposit-uralita.jpg\" alt=\"\" class=\"wp-image-2977\" srcset=\"https:\/\/elcabilo.com\/larxiu\/files\/2026\/04\/diposit-uralita.jpg 360w, https:\/\/elcabilo.com\/larxiu\/files\/2026\/04\/diposit-uralita-225x300.jpg 225w\" sizes=\"auto, (max-width: 360px) 100vw, 360px\" \/><\/a><figcaption class=\"wp-element-caption\">Encara hi han cases que conserven els dip\u00f2sits de la sequera de 1978-1981 (carrer Cirineo)<\/figcaption><\/figure>\n<\/div>\n\n<div class=\"wp-block-image\">\n<figure class=\"aligncenter size-full is-resized\"><a href=\"https:\/\/elcabilo.com\/larxiu\/files\/2026\/04\/Amadorio-sec.jpg\"><img loading=\"lazy\" decoding=\"async\" width=\"963\" height=\"624\" src=\"https:\/\/elcabilo.com\/larxiu\/files\/2026\/04\/Amadorio-sec.jpg\" alt=\"\" class=\"wp-image-3004\" style=\"aspect-ratio:1.543309675828241;width:775px;height:auto\" srcset=\"https:\/\/elcabilo.com\/larxiu\/files\/2026\/04\/Amadorio-sec.jpg 963w, https:\/\/elcabilo.com\/larxiu\/files\/2026\/04\/Amadorio-sec-300x194.jpg 300w, https:\/\/elcabilo.com\/larxiu\/files\/2026\/04\/Amadorio-sec-768x498.jpg 768w\" sizes=\"auto, (max-width: 963px) 100vw, 963px\" \/><\/a><figcaption class=\"wp-element-caption\">El pant\u00e0 totalment sec. Font: Consorci d&#8217;Aig\u00fces de la Marina Baixa (organisme creat despr\u00e9s de la sequera)<\/figcaption><\/figure>\n<\/div>\n\n\n<p>La sequera de 1993-1995 es va acompanyar de l\u2019incendi forestal a Tagarina i la Penya de Sella, un foc que es va quedar molt a prop del pi. Amb esta sequera es van iniciar de nou els bombejos a la Font de l&#8217;Arc, generant de nou un conflicte social al poble.<\/p>\n\n\n<div class=\"wp-block-image\">\n<figure class=\"aligncenter size-full is-resized\"><a href=\"https:\/\/elcabilo.com\/larxiu\/files\/2026\/04\/Figura-12.jpg\"><img loading=\"lazy\" decoding=\"async\" width=\"669\" height=\"334\" src=\"https:\/\/elcabilo.com\/larxiu\/files\/2026\/04\/Figura-12.jpg\" alt=\"\" class=\"wp-image-3008\" style=\"width:669px;height:auto\" srcset=\"https:\/\/elcabilo.com\/larxiu\/files\/2026\/04\/Figura-12.jpg 669w, https:\/\/elcabilo.com\/larxiu\/files\/2026\/04\/Figura-12-300x150.jpg 300w\" sizes=\"auto, (max-width: 669px) 100vw, 669px\" \/><\/a><figcaption class=\"wp-element-caption\">Fragment d&#8217;una noticia al Diario Informaci\u00f3n de Alicante, 22 d&#8217;octubre de 1995<\/figcaption><\/figure>\n<\/div>\n\n\n<p>I a partir de 2010 veiem com s\u2019inicia una fase clim\u00e0tica amb anys humits i altres extremadament secs, com 2014, 2016 o 2023. Est\u00e0 successi\u00f3 de sequeres, curtes per\u00f2 molt intenses, possiblement estan darrere del debilitament del pi centenari, fins produir la seua seca completa al llarg de 2024 i 2025. Afortunadament, de les pinyes recollides recentment, encara hem pogut extrau-re pinyons que ja han comen\u00e7at a germinar.<\/p>\n\n\n<div class=\"wp-block-image\">\n<figure class=\"aligncenter size-full is-resized\"><a href=\"https:\/\/elcabilo.com\/larxiu\/files\/2026\/04\/plantons.jpg\"><img loading=\"lazy\" decoding=\"async\" width=\"651\" height=\"398\" src=\"https:\/\/elcabilo.com\/larxiu\/files\/2026\/04\/plantons.jpg\" alt=\"\" class=\"wp-image-2993\" style=\"aspect-ratio:1.6357827476038338;width:564px;height:auto\" srcset=\"https:\/\/elcabilo.com\/larxiu\/files\/2026\/04\/plantons.jpg 651w, https:\/\/elcabilo.com\/larxiu\/files\/2026\/04\/plantons-300x183.jpg 300w\" sizes=\"auto, (max-width: 651px) 100vw, 651px\" \/><\/a><figcaption class=\"wp-element-caption\">De moment hem aconseguit reproduir dos pinyons del pi, el garanteix la seua perviv\u00e8ncia gen\u00e8tica<\/figcaption><\/figure>\n<\/div>\n\n\n<p>Amb esta xicoteta exposici\u00f3 hem volgut retre-li un homenatge al pi de Sagnon i a la seua import\u00e0ncia hist\u00f2rica i ambiental. Estos grans arbres no s\u00f3n nom\u00e9s un monument natural, sin\u00f3 que tenen una enorme c\u00e0rrega simb\u00f2lica: molts de nosaltres hem crescut observant la seua majestuosa pres\u00e8ncia, formant pas del paisatge i del quadre inseparable que formava amb el seu mas. I com molts de nosaltres, tamb\u00e9 ho van fer generacions dels nostres avantpassats.<\/p>\n\n\n\n<p>Sensibles a estes sensacions que ens desperta a tots, l\u2019associaci\u00f3 Club de jubilats de Sella ha decidit que el tronc i el panell es queden al seu local, per tal de que no s\u2019oblide la preciosa hist\u00f2ria del pi de Sagnon.<\/p>\n\n\n\n<p class=\"has-text-align-right\">Pablo Gim\u00e9nez Font<\/p>\n","protected":false},"excerpt":{"rendered":"<p>El passat 28 i 29 de mar\u00e7 presentarem a la Fira de Mostres la nostra \u00faltima exposici\u00f3. Una mostra molt<\/p>\n","protected":false},"author":218,"featured_media":2979,"comment_status":"closed","ping_status":"open","sticky":false,"template":"","format":"standard","meta":{"_exactmetrics_skip_tracking":false,"_exactmetrics_sitenote_active":false,"_exactmetrics_sitenote_note":"","_exactmetrics_sitenote_category":0,"footnotes":""},"categories":[1],"tags":[],"class_list":["post-2969","post","type-post","status-publish","format-standard","has-post-thumbnail","hentry","category-sin-categoria","comments-off"],"aioseo_notices":[],"_links":{"self":[{"href":"https:\/\/elcabilo.com\/larxiu\/wp-json\/wp\/v2\/posts\/2969","targetHints":{"allow":["GET"]}}],"collection":[{"href":"https:\/\/elcabilo.com\/larxiu\/wp-json\/wp\/v2\/posts"}],"about":[{"href":"https:\/\/elcabilo.com\/larxiu\/wp-json\/wp\/v2\/types\/post"}],"author":[{"embeddable":true,"href":"https:\/\/elcabilo.com\/larxiu\/wp-json\/wp\/v2\/users\/218"}],"replies":[{"embeddable":true,"href":"https:\/\/elcabilo.com\/larxiu\/wp-json\/wp\/v2\/comments?post=2969"}],"version-history":[{"count":18,"href":"https:\/\/elcabilo.com\/larxiu\/wp-json\/wp\/v2\/posts\/2969\/revisions"}],"predecessor-version":[{"id":3014,"href":"https:\/\/elcabilo.com\/larxiu\/wp-json\/wp\/v2\/posts\/2969\/revisions\/3014"}],"wp:featuredmedia":[{"embeddable":true,"href":"https:\/\/elcabilo.com\/larxiu\/wp-json\/wp\/v2\/media\/2979"}],"wp:attachment":[{"href":"https:\/\/elcabilo.com\/larxiu\/wp-json\/wp\/v2\/media?parent=2969"}],"wp:term":[{"taxonomy":"category","embeddable":true,"href":"https:\/\/elcabilo.com\/larxiu\/wp-json\/wp\/v2\/categories?post=2969"},{"taxonomy":"post_tag","embeddable":true,"href":"https:\/\/elcabilo.com\/larxiu\/wp-json\/wp\/v2\/tags?post=2969"}],"curies":[{"name":"wp","href":"https:\/\/api.w.org\/{rel}","templated":true}]}}