{"id":363,"date":"2013-11-02T20:46:28","date_gmt":"2013-11-02T19:46:28","guid":{"rendered":"http:\/\/elcabilo.com\/larxiu\/?p=363"},"modified":"2013-11-14T22:47:25","modified_gmt":"2013-11-14T21:47:25","slug":"noticies-de-larxiu-num-24-septembre-de-2013","status":"publish","type":"post","link":"https:\/\/elcabilo.com\/larxiu\/2013\/11\/02\/noticies-de-larxiu-num-24-septembre-de-2013\/","title":{"rendered":"Not\u00edcies de l\u2019Arxiu, n\u00fam. 24 (setembre de 2013)"},"content":{"rendered":"<p style=\"text-align: center\"><strong>\u00a0<span style=\"text-decoration: underline\">El <em>Llibret<\/em> que fa trenta-dos<\/span><\/strong><\/p>\n<p style=\"text-align: justify\">Setembre \u00e9s el mes del <em>Llibret de Festes<\/em>: una publicaci\u00f3 anual que a Sella t\u00e9 una gran acollida i que es converteix en molt m\u00e9s que un programa de festes amb recull publicitari i presentacions institucionals. Cada any, el llibre conta amb notables aportacions al nostre patrimoni, amb escrits sobre hist\u00f2ria, poesia, antropologia o \u00a0\u2014simplement\u2014 mem\u00f2ria del poble. \u00c9s tamb\u00e9 el principal mitj\u00e0 de divulgaci\u00f3 de la cultura escrita a Sella i enguany compleix, en el seu format actual, trenta-dos anys.<\/p>\n<p style=\"text-align: justify\">Per aquesta ra\u00f3, el <em>Llibret<\/em> de 2013 \u00e9s una publicaci\u00f3 especial. Com sempre, ha sigut possible gr\u00e0cies a la tasca de la Comissi\u00f3 de Festes, i enguany \u2014de nou\u2014 cal felicitar especialment a Maria Jos\u00e9 Mas per la seua excel\u00b7lent edici\u00f3 i coordinaci\u00f3.<\/p>\n<p style=\"text-align: center\"><a href=\"https:\/\/elcabilo.com\/larxiu\/files\/2013\/10\/llibret-2013.jpg\"><img loading=\"lazy\" decoding=\"async\" class=\"aligncenter  wp-image-374\" alt=\"OLYMPUS DIGITAL CAMERA\" src=\"https:\/\/elcabilo.com\/larxiu\/files\/2013\/10\/llibret-2013.jpg\" width=\"371\" height=\"527\" srcset=\"https:\/\/elcabilo.com\/larxiu\/files\/2013\/10\/llibret-2013.jpg 619w, https:\/\/elcabilo.com\/larxiu\/files\/2013\/10\/llibret-2013-211x300.jpg 211w\" sizes=\"auto, (max-width: 371px) 100vw, 371px\" \/><\/a><\/p>\n<p style=\"text-align: justify\">A continuaci\u00f3 presentem les aportacions m\u00e9s destacades d&#8217;enguany:<\/p>\n<p style=\"text-align: justify\">&#8211; El <strong>preg\u00f3 <\/strong>que va pronunciar<strong>\u00a0<\/strong>Vicent Garcia i Soriano en les festes de 2012.<\/p>\n<p style=\"text-align: justify\">&#8211; &#8220;<strong>De quan es cordellava a Sella<\/strong>&#8220;, d&#8217;Alba Zaragoza Cant\u00f3. Un magn\u00edfic article on es parla de l&#8217;activitat de fer filet d&#8217;espart, que a Sella feien especialment xiquets i xiquetes.<\/p>\n<p style=\"text-align: justify\">&#8211; &#8220;<strong>El darrer roder<\/strong>&#8220;, de Lluis Soler. Una narraci\u00f3 imaginaria (per\u00f2 realista) al voltant de Pinet i en homenatge a Enric Valor.<\/p>\n<p style=\"text-align: justify\">&#8211; &#8220;<strong>Club de Pilota Sella, 1983-2013<\/strong>&#8220;, on es recullen amb imatges i escrits els trenta anys del nostre Club i un recull d&#8217;alguns jugadors de les d\u00e8cades compreses entre 1920 i 1980.<\/p>\n<p style=\"text-align: justify\">&#8211; &#8220;<strong>25 anys de Piscina Municipal<\/strong>&#8220;, un recull de fotografies sobre la inauguraci\u00f3 d&#8217;aquesta important infraestructura que trobem a les Saleres.<\/p>\n<p style=\"text-align: justify\">&#8211; &#8220;<strong>En record del mestre Antonio Mora<\/strong>&#8220;, de Pablo Gim\u00e9nez. On s&#8217;arrepleguen part de les activitats i troballes fetes per l&#8217;Arxiu durant els darrers mesos.<\/p>\n<p style=\"text-align: justify\">&#8211; &#8220;<strong>La venda del feu de Sella al 1314<\/strong>&#8220;, de Vicent Olcina. On es presenta per primera vegada la documentaci\u00f3 relativa a l&#8217;adquisici\u00f3 de Sella per part dels Olms, fet que l&#8217;any vinent compliar\u00e0 700 anys (caldr\u00e0 celebrar-ho!)<\/p>\n<p style=\"text-align: justify\">&#8211; Tanquen aquest recull els <strong>poemes<\/strong> de Terry Gifford, Mila, APO i Les Fortetes; i un sentit homenatge a la figura d&#8217;Antonio Sirvent, <em>Pilatos<\/em>.<\/p>\n<p style=\"text-align: justify\">Tots els articles estan il\u00b7lustrats en color i acompanyen a un recull de desenes de fotografies sobre els actes que hi ha desenvolupat la Comissi\u00f3 durant un any. Pr\u00e0cticament \u00e9s com si tingu\u00e9rem un \u00e0lbum tot all\u00f2 que va passar al poble entre els octubres de 2012 i 2013, de manera que amb els anys guanyaran un valor incalculable.<\/p>\n<p style=\"text-align: justify\">Com veieu, el nostre llibret de festes (que en altres pobles s&#8217;anomena m\u00e9s correctament <em>revista<\/em> o <em>llibre de Festes<\/em> i \u00e9s presentat en societat amb la import\u00e0ncia que es mereix) cont\u00e9 un ric i variat contingut, amb 15 escrits i nombroses imatges que el converteixen en un referent cultural per a Sella. Els 32 volums publicats fins al moment, ocupen un lloc principal en la biblioteca sellarda.<\/p>\n<p style=\"text-align: center\"><span style=\"text-decoration: underline\"><strong>Nous documents sobre el Cine Avenida<\/strong><\/span><\/p>\n<p>\u00a0<a href=\"https:\/\/elcabilo.com\/larxiu\/files\/2013\/10\/publi_avenida_1.jpg\"><img loading=\"lazy\" decoding=\"async\" class=\"aligncenter size-full wp-image-368\" alt=\"OLYMPUS DIGITAL CAMERA\" src=\"https:\/\/elcabilo.com\/larxiu\/files\/2013\/10\/publi_avenida_1.jpg\" width=\"576\" height=\"768\" srcset=\"https:\/\/elcabilo.com\/larxiu\/files\/2013\/10\/publi_avenida_1.jpg 576w, https:\/\/elcabilo.com\/larxiu\/files\/2013\/10\/publi_avenida_1-225x300.jpg 225w\" sizes=\"auto, (max-width: 576px) 100vw, 576px\" \/><\/a><\/p>\n<figure id=\"attachment_369\" aria-describedby=\"caption-attachment-369\" style=\"width: 768px\" class=\"wp-caption aligncenter\"><a href=\"https:\/\/elcabilo.com\/larxiu\/files\/2013\/10\/publi_avenida.jpg\"><img loading=\"lazy\" decoding=\"async\" class=\"size-full wp-image-369\" alt=\"Publicitat del Cine Avenida, de l'ultima \u00e8poca en la que el regentava l'empresa del sr. Suay, juntament amb el Cine Ideal d'Orxeta i Suyma de Finestrat. Sella era l'\u00faltim poble en el que es projectava la pel\u00b7l\u00edcula, tal i com ens conta Ram\u00f3n Garcia al programa L'Arxiu de la Mem\u00f2ria de Cabil\u00f3 R\u00e0dio.\" src=\"https:\/\/elcabilo.com\/larxiu\/files\/2013\/10\/publi_avenida.jpg\" width=\"768\" height=\"576\" srcset=\"https:\/\/elcabilo.com\/larxiu\/files\/2013\/10\/publi_avenida.jpg 768w, https:\/\/elcabilo.com\/larxiu\/files\/2013\/10\/publi_avenida-300x225.jpg 300w\" sizes=\"auto, (max-width: 768px) 100vw, 768px\" \/><\/a><figcaption id=\"caption-attachment-369\" class=\"wp-caption-text\"><strong>Publicitat del Cine Avenida<\/strong>, de l&#8217;\u00faltima \u00e8poca en qu\u00e8 el regentava l&#8217;empresa del sr. Suay, juntament amb el cinema Ideal d&#8217;Orxeta i Suyma de Finestrat. Sella era l&#8217;\u00faltim poble en qu\u00e8 es projectava la pel\u00b7l\u00edcula, tal i com ens conta Ram\u00f3n Garcia en el programa <em>L&#8217;Arxiu de la Mem\u00f2ria<\/em> de Cabil\u00f3 R\u00e0dio. Fons documental de <em>Sagnon de Dalt<\/em><\/figcaption><\/figure>\n<figure id=\"attachment_376\" aria-describedby=\"caption-attachment-376\" style=\"width: 720px\" class=\"wp-caption aligncenter\"><a href=\"https:\/\/elcabilo.com\/larxiu\/files\/2013\/11\/Cine-Ideal_Orxeta.jpg\"><img loading=\"lazy\" decoding=\"async\" class=\" wp-image-376  \" alt=\"Cine Ideal d'Orxeta, l'\u00fanic dels tres que encara queda en peu\" src=\"https:\/\/elcabilo.com\/larxiu\/files\/2013\/11\/Cine-Ideal_Orxeta.jpg\" width=\"720\" height=\"540\" srcset=\"https:\/\/elcabilo.com\/larxiu\/files\/2013\/11\/Cine-Ideal_Orxeta.jpg 800w, https:\/\/elcabilo.com\/larxiu\/files\/2013\/11\/Cine-Ideal_Orxeta-300x225.jpg 300w\" sizes=\"auto, (max-width: 720px) 100vw, 720px\" \/><\/a><figcaption id=\"caption-attachment-376\" class=\"wp-caption-text\">Cinema Ideal d&#8217;Orxeta, l&#8217;\u00fanic dels tres que encara queda en peu.<\/figcaption><\/figure>\n<p>&nbsp;<\/p>\n","protected":false},"excerpt":{"rendered":"<p>\u00a0El Llibret que fa trenta-dos Setembre \u00e9s el mes del Llibret de Festes: una publicaci\u00f3 anual que a Sella t\u00e9<\/p>\n","protected":false},"author":218,"featured_media":369,"comment_status":"open","ping_status":"open","sticky":false,"template":"","format":"standard","meta":{"_exactmetrics_skip_tracking":false,"_exactmetrics_sitenote_active":false,"_exactmetrics_sitenote_note":"","_exactmetrics_sitenote_category":0,"footnotes":""},"categories":[7],"tags":[],"class_list":["post-363","post","type-post","status-publish","format-standard","has-post-thumbnail","hentry","category-noticies-de-larxiu"],"aioseo_notices":[],"_links":{"self":[{"href":"https:\/\/elcabilo.com\/larxiu\/wp-json\/wp\/v2\/posts\/363","targetHints":{"allow":["GET"]}}],"collection":[{"href":"https:\/\/elcabilo.com\/larxiu\/wp-json\/wp\/v2\/posts"}],"about":[{"href":"https:\/\/elcabilo.com\/larxiu\/wp-json\/wp\/v2\/types\/post"}],"author":[{"embeddable":true,"href":"https:\/\/elcabilo.com\/larxiu\/wp-json\/wp\/v2\/users\/218"}],"replies":[{"embeddable":true,"href":"https:\/\/elcabilo.com\/larxiu\/wp-json\/wp\/v2\/comments?post=363"}],"version-history":[{"count":11,"href":"https:\/\/elcabilo.com\/larxiu\/wp-json\/wp\/v2\/posts\/363\/revisions"}],"predecessor-version":[{"id":391,"href":"https:\/\/elcabilo.com\/larxiu\/wp-json\/wp\/v2\/posts\/363\/revisions\/391"}],"wp:featuredmedia":[{"embeddable":true,"href":"https:\/\/elcabilo.com\/larxiu\/wp-json\/wp\/v2\/media\/369"}],"wp:attachment":[{"href":"https:\/\/elcabilo.com\/larxiu\/wp-json\/wp\/v2\/media?parent=363"}],"wp:term":[{"taxonomy":"category","embeddable":true,"href":"https:\/\/elcabilo.com\/larxiu\/wp-json\/wp\/v2\/categories?post=363"},{"taxonomy":"post_tag","embeddable":true,"href":"https:\/\/elcabilo.com\/larxiu\/wp-json\/wp\/v2\/tags?post=363"}],"curies":[{"name":"wp","href":"https:\/\/api.w.org\/{rel}","templated":true}]}}