{"id":594,"date":"2014-05-09T23:51:31","date_gmt":"2014-05-09T21:51:31","guid":{"rendered":"http:\/\/elcabilo.com\/larxiu\/?p=594"},"modified":"2014-05-09T23:57:45","modified_gmt":"2014-05-09T21:57:45","slug":"594","status":"publish","type":"post","link":"https:\/\/elcabilo.com\/larxiu\/2014\/05\/09\/594\/","title":{"rendered":"Not\u00edcies de l&#8217;Arxiu, n\u00fam. 29"},"content":{"rendered":"<p><strong>Novetat bibliogr\u00e0fica<\/strong><\/p>\n<p style=\"text-align: justify\">Destaquem la recent aparici\u00f3 de l&#8217;obra <strong><em>El patrimonio hidr\u00e1ulico de la provincia de Alicante. Cat\u00e1logo ilustrado de mil quinientas obras y actuaciones<\/em><\/strong>, un extens cat\u00e0leg realitzat per la ge\u00f2grafa \u00c1gata Marquiegui i publicat per la Diputaci\u00f3 d&#8217;Alacant, on s&#8217;arrepleguen 1.500 fitxes d&#8217;obres hidr\u00e0uliques per comarques i municipis.<\/p>\n<p style=\"text-align: justify\">En el cas de Sella es documenten obres com els cinc molins, el llavador o el Salt, els quals es descriuen en fitxes individuals que inclouen la seua localitzaci\u00f3 a un mapa. Encara que no s&#8217;aporten noves dades documentals, es tracta d&#8217;un exhaustiu treball que permet contextualitzar el nostre patrimoni hidr\u00e0ulic en el conjunt de la prov\u00edncia. Per aix\u00f2 cal destacar especialment el Mol\u00ed de Baix, que mereix una fotografia a la portada del primer volum. Precisament Amable Garcia, el seu propietari, fou l&#8217;informador local de l&#8217;autora, que no dubta en qualificar al mol\u00ed com el m\u00e9s interessant de la prov\u00edncia gr\u00e0cies a la seua excel\u00b7lent conservaci\u00f3.<\/p>\n<figure id=\"attachment_595\" aria-describedby=\"caption-attachment-595\" style=\"width: 587px\" class=\"wp-caption aligncenter\"><a href=\"https:\/\/elcabilo.com\/larxiu\/files\/2014\/05\/catalogo-hidraulico.jpg\"><img loading=\"lazy\" decoding=\"async\" class=\"size-full wp-image-595\" src=\"https:\/\/elcabilo.com\/larxiu\/files\/2014\/05\/catalogo-hidraulico.jpg\" alt=\"L'obra consta de tres volums, en un dels quals apareix una fotografia del Mol\u00ed de Baix de Sella\" width=\"587\" height=\"538\" srcset=\"https:\/\/elcabilo.com\/larxiu\/files\/2014\/05\/catalogo-hidraulico.jpg 587w, https:\/\/elcabilo.com\/larxiu\/files\/2014\/05\/catalogo-hidraulico-300x274.jpg 300w\" sizes=\"auto, (max-width: 587px) 100vw, 587px\" \/><\/a><figcaption id=\"caption-attachment-595\" class=\"wp-caption-text\">L&#8217;obra consta de tres volums, en un dels quals apareix una fotografia del Mol\u00ed de Baix de Sella<\/figcaption><\/figure>\n<p style=\"text-align: justify\">Seria desitjable que l&#8217;Ajuntament contactara amb Diputaci\u00f3 per tal d&#8217;aconseguir un volum per a la nostra oblidada biblioteca municipal. La luxosa publicaci\u00f3 t\u00e9 una tirada limitada i pot exhaurir-se r\u00e0pidament&#8230;<\/p>\n<p><strong>Segell de l&#8217;ajuntament en 1876<\/strong><\/p>\n<p style=\"text-align: justify\">Agust\u00ed Galiana, de l&#8217;Associaci\u00f3 d&#8217;Estudis de la Marina Baixa, ens envia el segell que l&#8217;ajuntament utilitzava al voltant de 1876. L&#8217;ha trobat al <em>Archivo Hist\u00f3rico Nacional<\/em>. Agust\u00ed fa notar que l&#8217;escut de Sella era similar al d&#8217;altres pobles. Pot ser es degu\u00e9 dissenyar al voltant de 1840,\u00a0copiant literalment de l&#8217;escut de Castella (dos castells i dos lleons i enmig tres flors de lis borb\u00f2niques).<\/p>\n<p><a href=\"https:\/\/elcabilo.com\/larxiu\/files\/2014\/05\/segell-1876.jpg\"><img loading=\"lazy\" decoding=\"async\" class=\"aligncenter size-full wp-image-596\" src=\"https:\/\/elcabilo.com\/larxiu\/files\/2014\/05\/segell-1876.jpg\" alt=\"segell 1876\" width=\"461\" height=\"554\" srcset=\"https:\/\/elcabilo.com\/larxiu\/files\/2014\/05\/segell-1876.jpg 461w, https:\/\/elcabilo.com\/larxiu\/files\/2014\/05\/segell-1876-249x300.jpg 249w\" sizes=\"auto, (max-width: 461px) 100vw, 461px\" \/><\/a><\/p>\n<p style=\"text-align: justify\">Per altra banda, des de l&#8217;Arxiu seguim amb les nostres recerques, amb interessants novetats del segle XVII, noves aportacions fotogr\u00e0fiques i inventaris tant d&#8217;arbres monumentals com de documentaci\u00f3 relativa a la segona Rep\u00fablica i la Guerra Civil. Tamb\u00e9 vam poder gaudir d&#8217;una estona de conversa amb els amics de la <a href=\"https:\/\/elcabilo.com\/radio\/2014\/04\/08\/la-coveta-dels-sominis-abril-2014\/\" target=\"_blank\">Coveta dels Sominis<\/a>, un programa mensual de Cabil\u00f3 R\u00e0dio dedicat a la cultura de Sella.<\/p>\n<p style=\"text-align: justify\">Seguirem informant-vos de novetats. Esperem les vostres col\u00b7laboracions!<\/p>\n<figure id=\"attachment_599\" aria-describedby=\"caption-attachment-599\" style=\"width: 738px\" class=\"wp-caption aligncenter\"><a href=\"https:\/\/elcabilo.com\/larxiu\/files\/2014\/05\/moli-po-nt-vell.jpg\"><img loading=\"lazy\" decoding=\"async\" class=\"wp-image-599\" src=\"https:\/\/elcabilo.com\/larxiu\/files\/2014\/05\/moli-po-nt-vell.jpg\" alt=\"Les restes del mol\u00ed del Pont Vell, despr\u00e8s de desbrossar el riu l'any 2011\" width=\"738\" height=\"554\" srcset=\"https:\/\/elcabilo.com\/larxiu\/files\/2014\/05\/moli-po-nt-vell.jpg 768w, https:\/\/elcabilo.com\/larxiu\/files\/2014\/05\/moli-po-nt-vell-300x225.jpg 300w\" sizes=\"auto, (max-width: 738px) 100vw, 738px\" \/><\/a><figcaption id=\"caption-attachment-599\" class=\"wp-caption-text\">Les restes del mol\u00ed del Pont Vell, despr\u00e8s de desbrossar el riu l&#8217;any 2011<\/figcaption><\/figure>\n","protected":false},"excerpt":{"rendered":"<p>Novetat bibliogr\u00e0fica Destaquem la recent aparici\u00f3 de l&#8217;obra El patrimonio hidr\u00e1ulico de la provincia de Alicante. Cat\u00e1logo ilustrado de mil<\/p>\n","protected":false},"author":218,"featured_media":599,"comment_status":"open","ping_status":"open","sticky":false,"template":"","format":"standard","meta":{"_exactmetrics_skip_tracking":false,"_exactmetrics_sitenote_active":false,"_exactmetrics_sitenote_note":"","_exactmetrics_sitenote_category":0,"footnotes":""},"categories":[7],"tags":[],"class_list":["post-594","post","type-post","status-publish","format-standard","has-post-thumbnail","hentry","category-noticies-de-larxiu"],"aioseo_notices":[],"_links":{"self":[{"href":"https:\/\/elcabilo.com\/larxiu\/wp-json\/wp\/v2\/posts\/594","targetHints":{"allow":["GET"]}}],"collection":[{"href":"https:\/\/elcabilo.com\/larxiu\/wp-json\/wp\/v2\/posts"}],"about":[{"href":"https:\/\/elcabilo.com\/larxiu\/wp-json\/wp\/v2\/types\/post"}],"author":[{"embeddable":true,"href":"https:\/\/elcabilo.com\/larxiu\/wp-json\/wp\/v2\/users\/218"}],"replies":[{"embeddable":true,"href":"https:\/\/elcabilo.com\/larxiu\/wp-json\/wp\/v2\/comments?post=594"}],"version-history":[{"count":5,"href":"https:\/\/elcabilo.com\/larxiu\/wp-json\/wp\/v2\/posts\/594\/revisions"}],"predecessor-version":[{"id":602,"href":"https:\/\/elcabilo.com\/larxiu\/wp-json\/wp\/v2\/posts\/594\/revisions\/602"}],"wp:featuredmedia":[{"embeddable":true,"href":"https:\/\/elcabilo.com\/larxiu\/wp-json\/wp\/v2\/media\/599"}],"wp:attachment":[{"href":"https:\/\/elcabilo.com\/larxiu\/wp-json\/wp\/v2\/media?parent=594"}],"wp:term":[{"taxonomy":"category","embeddable":true,"href":"https:\/\/elcabilo.com\/larxiu\/wp-json\/wp\/v2\/categories?post=594"},{"taxonomy":"post_tag","embeddable":true,"href":"https:\/\/elcabilo.com\/larxiu\/wp-json\/wp\/v2\/tags?post=594"}],"curies":[{"name":"wp","href":"https:\/\/api.w.org\/{rel}","templated":true}]}}