{"id":6,"date":"2012-02-24T05:16:00","date_gmt":"2012-02-24T05:16:00","guid":{"rendered":"http:\/\/elcabilo.com\/larxiu\/2012\/02\/24\/la-vida-a-sella-i-als-voltants-per-les-acaballes-del-segle-xiii\/"},"modified":"2012-03-11T10:30:16","modified_gmt":"2012-03-11T10:30:16","slug":"la-vida-a-sella-i-als-voltants-per-les-acaballes-del-segle-xiii","status":"publish","type":"post","link":"https:\/\/elcabilo.com\/larxiu\/2012\/02\/24\/la-vida-a-sella-i-als-voltants-per-les-acaballes-del-segle-xiii\/","title":{"rendered":"La vida a Sella i als voltants per les acaballes del segle XIII"},"content":{"rendered":"<div style=\"text-align: justify;\">\n<p><span style=\"font-size: 12px; font-family: arial, helvetica, sans-serif;\">Al llarg del segle XIII trobem not\u00edcies de la vida quotidiana de Sella i la contornada, gr\u00e0cies a uns registres als\u00a0<em>Llibres de la Cort de Just\u00edcia de Cocentaina<\/em>, dels anys 1269 i 1290\u00a0(1).\u00a0A m\u00e9s dels que vaig escriure en un altre article, el de 1269, resulta molt curi\u00f3s, ja que diu\u00a0(2)\u00a0que en aquest assentament hi ha una barreja de catal\u00e0 i aragon\u00e9s, segurament de m\u00e0 dels personatges que intervenen en l\u2019afer.<\/span><\/p>\n<p style=\"padding-left: 30px;\"><span style=\"font-size: 12px; font-family: arial, helvetica, sans-serif;\">XV\u00ba Kalendas de febrero.1269\u00a0<\/span><\/p>\n<p style=\"padding-left: 30px;\"><span style=\"font-size: 12px; font-family: arial, helvetica, sans-serif;\">Don Ivanyes Ezquerdo per nom e per veu de P. Pardo se clama de Sancho P\u00e9rez de Alarch de I mul mor\u00e7iello, el qual fo furtado en Alacant al dit P. Pardo. Lo qual mul lo dit Sancho Pere\u00e7, vendi\u00f3 a don Exem\u00e9n P\u00e9rez d\u2019Oriz. Per on demana lo dit Sancho P\u00e9rez \u00e9sser condampnat en retre a ssi lo dit mul, o.l preu d\u2019aquel \u00e7o \u00e8s sabe CL sols de Reyals, ho d\u2019\u00e9l \u00e8sser feyt compliment de dret segons fur de Val\u00e8ncia. A\u00e7\u00f2 posa salvu son dret etc. E fo presa fian\u00e7a de dret R(amon) de Canet, e fo asignat dia a respondre a diluns primervinent.(3)<\/span><\/p>\n<p><span style=\"font-size: 12px; font-family: arial, helvetica, sans-serif;\">Com veiem, Sancho P\u00e9rez, alcait d&#8217;Alarc, li furta a P. Pardo un &#8220;<strong>mul mur\u00e7iello<\/strong>&#8221; (2: p. 35)\u00a0a Alacant i despr\u00e9s li&#8217;l ven a Exem\u00e9n P\u00e9rez d&#8217;Oriz (4) per mitj\u00e0 d&#8217;Ivanyes Ezquerdo davant dela Cort del Just\u00edcia de Cocentaina<\/span><\/p>\n<p><span style=\"font-size: 12px; font-family: arial, helvetica, sans-serif;\">P. Pardo li reclama a Sancho P\u00e9rez que li torne el matxo o els diners en qu\u00e8 esta valorat l\u2019animal, que \u00e9s un preu de CL sous. Per a salvar els drets de P. Pardo, segons els Furs de Val\u00e8ncia, Ram\u00f3n Canet assigna dia perqu\u00e8 Sancho P\u00e9rez responga al requeriment fet.<\/span><\/p>\n<figure style=\"width: 400px\" class=\"wp-caption aligncenter\"><img loading=\"lazy\" decoding=\"async\" title=\"Plet matxo\" src=\"http:\/\/3.bp.blogspot.com\/-fKp4CrrA9D4\/T0NwMKTd-bI\/AAAAAAAAAHY\/04finhcFMy8\/s400\/Abeurador+de+Sella+001.jpg\" alt=\"\" width=\"400\" height=\"397\" \/><figcaption class=\"wp-caption-text\">Fa quasi 750 anys, un matxo com aquests protagonitzava un plet on es veien involucrats l&#39;alcait d&#39;Alarc i el senyor de Sella. Conflictes quotidians que han deixat un rastre documental que ens permet con\u00e9ixer les xicotetes hist\u00f2ries del nostre passat.<\/figcaption><\/figure>\n<\/div>\n<p style=\"text-align: left;\"><span style=\"font-family: arial, helvetica, sans-serif; font-size: 12px; text-align: left;\">En un altre escrit, m\u00e9s avant i per assumpte diferent, trobem:<\/span><\/p>\n<div style=\"text-align: justify;\">\n<p style=\"padding-left: 30px;\"><span style=\"font-size: 12px; font-family: arial, helvetica, sans-serif;\">Pridie idus Iunii.1290<\/span><\/p>\n<p style=\"padding-left: 30px;\"><span style=\"font-size: 12px; font-family: arial, helvetica, sans-serif;\">En Bernat de Clarmont se clama d\u2019en Johan Das\u00ed que deu a \u00e9l LI sous menys II diners\/ de rels de Val\u00e8ncia per los quals li entr\u00e0 pagador en Jacme Lacera ab carta p\u00fablica,\/ per homd[em]ana que li [s]ia condapnat en pagar a si los dits diners per \u00e8l demants, \u00cftem, li deu XL sous per D[omingo] Andreu ad carta p\u00fablica etc., per hom demana que li sia condapnat etc.(5)<\/span><\/p>\n<p><span style=\"font-size: 12px; font-family: arial, helvetica, sans-serif;\">En aquest cas, observem que\u00a0Johan Das\u00ed t\u00e9 un deute amb la persona que li deixa els diners, Jaume de Lacera, i demana que li siga perdonat deute, a banda de recon\u00e9ixer un deute amb Domingo Andreu per carta p\u00fablica. A aquest \u00faltim tamb\u00e9 demana que\u00a0li perdone el deute, per\u00f2 ni hi ha una ratlladura despr\u00e9s de la paraula\u00a0<em>condapnat<\/em>\u00a0en qu\u00e8 es veia que hi posava\u00a0&lt;&gt;<\/span><\/p>\n<p><span style=\"font-family: arial, helvetica, sans-serif; font-size: 12px;\">Aleshores, sabem que s\u00ed que hi havia contactes entre els senyors del territoris del voltant perqu\u00e8 Johan Das\u00ec era, com hem vist abans, l&#8217;alcait de Sella\u00a0(6)\u00a0i Jaume de Lacera ho\u00a0era d&#8217;Alarc i Sanxet\u00a0(7).\u00a0Johan el socorr\u00e9 al pagar-li un dels deutes que tenia a Cocentaina.<\/span><\/p>\n<p align=\"right\"><span style=\"font-size: 12px; font-family: arial, helvetica, sans-serif;\">Vicent Olcina<\/span><span style=\"text-align: justify;\">\u00a0<\/span><\/p>\n<p>&nbsp;<\/p>\n<div style=\"text-align: justify;\"><span style=\"font-family: arial, helvetica, sans-serif; font-size: 10px;\">(1)\u00a0\u00a0\u00a0\u00a0Josep Torr\u00f3,\u00a0<em>El Llibre de la Cort de Justicia de Cocentaina, 1269-1295<\/em>, Universitat Val\u00e8ncia, Fonts Hist\u00f2riques Valencianes 2007, Tom I pagina 35, 002, 003, cont\u00e8 les ref\u00e8rencies abans esmentades de les quals s\u2019han estret la traslaci\u00f3.<\/span><\/div>\n<div style=\"text-align: justify;\"><span style=\"font-family: arial, helvetica, sans-serif; font-size: 10px;\">(2)\u00a0 \u00a0\u00a0Joan Ponsoda Sanmart\u00edn, tesis doctoral ala Universidadd\u2019Alacant 1992, \u201cLa llengua catalana a Cocentaina al segle XIII segons el Llibre dela Cortde Just\u00edcia\u201d Tom II p. 648.<\/span><\/div>\n<div style=\"text-align: justify;\"><\/div>\n<div style=\"text-align: justify;\"><span style=\"font-family: arial, helvetica, sans-serif; font-size: 10px;\">Tom II p\u00e0gina 650, Mul, mula, mulla, mules, \u201c fill h\u00edbrid de cavall i somera o d\u2019ase i egua\u201d.<\/span><\/div>\n<div style=\"text-align: justify;\"><span style=\"font-family: arial, helvetica, sans-serif; font-size: 10px;\">Tom II p\u00e0gina 647, La paraula mor\u00e7iello \u201cde color negre rogenc; paraula procedent del llat\u00ed vulgar mauricellus, derivat de maurus, \u201cmoro\u201d.<\/span><\/div>\n<div style=\"text-align: justify;\"><\/div>\n<div style=\"text-align: justify;\"><span style=\"font-family: arial, helvetica, sans-serif; font-size: 10px;\">(3)\u00a0\u00a0\u00a0\u00a0\u00a0AMC,\u00a0<em>Llibre de la Cort de Jus\u00edicia de Cocentaina<\/em>\u00a01269 f, 7v<\/span><\/div>\n<div style=\"text-align: justify;\"><span style=\"font-family: arial, helvetica, sans-serif; font-size: 10px;\">(4)\u00a0\u00a0\u00a0\u00a0\u00a0Senyor de Sella, ACA,CANCILLER\u00edA,PERGAMINOS,JAIME I,Serie general, 1229.<\/span><\/div>\n<div style=\"text-align: justify;\"><span style=\"font-family: arial, helvetica, sans-serif; font-size: 10px;\">(5)\u00a0\u00a0\u00a0\u00a0\u00a0AMC, Llibre dela Cortde Justicia de Cocentaina1290 f, 54r.\u00a0<\/span><\/div>\n<div style=\"text-align: justify;\"><span style=\"font-family: arial, helvetica, sans-serif; font-size: 10px;\">(6)\u00a0\u00a0\u00a0\u00a0\u00a0Alcaid de Sella, \u00a0AMC, Llibre dela Cortde Just\u00edcia de Cocentaina1290 f, 98v, i 71r.<\/span><\/div>\n<div style=\"text-align: justify;\"><span style=\"font-family: arial, helvetica, sans-serif; font-size: 10px;\">(7)\u00a0\u00a0\u00a0\u00a0\u00a0Jaume Lacera nebot de Berenguer de la \u00c7era hi reclama Alarc i Sanxet al 1285, Manuscrit M-139, fol, 56r i 61v-62v, de la col\u00b7lecci\u00f3 Salazar\u00a0 dela Real Academiadela Historia.<\/span><\/div>\n<p>&nbsp;<\/p>\n<p><span style=\"font-size: 10px;\"><span style=\"line-height: 18px;\"><br \/>\n<\/span><\/span><\/p>\n<\/div>\n<div class=\"MsoBodyText\" style=\"margin-left: 36pt; text-indent: -18pt;\">\n<p>&nbsp;<\/p>\n<p><span style=\"line-height: 115%; font-size: 10px;\"><br \/>\n<\/span><\/p>\n<\/div>\n","protected":false},"excerpt":{"rendered":"<p>Al llarg del segle XIII trobem not\u00edcies de la vida quotidiana de Sella i la contornada, gr\u00e0cies a uns registres<\/p>\n","protected":false},"author":218,"featured_media":0,"comment_status":"open","ping_status":"open","sticky":false,"template":"","format":"standard","meta":{"_exactmetrics_skip_tracking":false,"_exactmetrics_sitenote_active":false,"_exactmetrics_sitenote_note":"","_exactmetrics_sitenote_category":0,"footnotes":""},"categories":[1],"tags":[],"class_list":["post-6","post","type-post","status-publish","format-standard","hentry","category-sin-categoria"],"aioseo_notices":[],"_links":{"self":[{"href":"https:\/\/elcabilo.com\/larxiu\/wp-json\/wp\/v2\/posts\/6","targetHints":{"allow":["GET"]}}],"collection":[{"href":"https:\/\/elcabilo.com\/larxiu\/wp-json\/wp\/v2\/posts"}],"about":[{"href":"https:\/\/elcabilo.com\/larxiu\/wp-json\/wp\/v2\/types\/post"}],"author":[{"embeddable":true,"href":"https:\/\/elcabilo.com\/larxiu\/wp-json\/wp\/v2\/users\/218"}],"replies":[{"embeddable":true,"href":"https:\/\/elcabilo.com\/larxiu\/wp-json\/wp\/v2\/comments?post=6"}],"version-history":[{"count":13,"href":"https:\/\/elcabilo.com\/larxiu\/wp-json\/wp\/v2\/posts\/6\/revisions"}],"predecessor-version":[{"id":40,"href":"https:\/\/elcabilo.com\/larxiu\/wp-json\/wp\/v2\/posts\/6\/revisions\/40"}],"wp:attachment":[{"href":"https:\/\/elcabilo.com\/larxiu\/wp-json\/wp\/v2\/media?parent=6"}],"wp:term":[{"taxonomy":"category","embeddable":true,"href":"https:\/\/elcabilo.com\/larxiu\/wp-json\/wp\/v2\/categories?post=6"},{"taxonomy":"post_tag","embeddable":true,"href":"https:\/\/elcabilo.com\/larxiu\/wp-json\/wp\/v2\/tags?post=6"}],"curies":[{"name":"wp","href":"https:\/\/api.w.org\/{rel}","templated":true}]}}