{"id":66,"date":"2012-06-22T02:36:00","date_gmt":"2012-06-22T02:36:00","guid":{"rendered":"http:\/\/elcabilo.com\/larxiu\/2012\/06\/22\/noticies-de-larxiu-num-8-maig-de-2012\/"},"modified":"2012-06-22T02:36:00","modified_gmt":"2012-06-22T02:36:00","slug":"noticies-de-larxiu-num-8-maig-de-2012","status":"publish","type":"post","link":"https:\/\/elcabilo.com\/larxiu\/2012\/06\/22\/noticies-de-larxiu-num-8-maig-de-2012\/","title":{"rendered":"Noticies de l&#8217;Arxiu n\u00fam. 8 (maig de 2012)"},"content":{"rendered":"<div style=\"text-align: justify\">Ja tenim completa la s\u00e8rie de televisi\u00f3 alemana Kara Ben Nemsi Effendi, que a principis de la d\u00e8cada de 1970 va gravar uns capitols a Sella i altres pobles del voltant. Encara que la s\u00e8rie es pot veure a Youtube, com ja coment\u00e0rem en una entrada anterior, ara disposem d&#8217;una major qualitat d&#8217;imatge.<\/div>\n<p><\/p>\n<div style=\"text-align: justify\">Francesc Llorca Ibi ens envia la partitura de la \u201cCota de Sella\u201d, que apareix publicada en la important obra de Francesc Mart\u00ednez i Mart\u00ednez,&nbsp;<i><b>Folklore Valenci\u00e0<\/b><\/i>. Es tracta d\u2019una versi\u00f3 desconeguda de la jota de Sella.<\/div>\n<div style=\"text-align: justify\">Sobre el terme \u201cCota\u201d, Francesc ens explica que \u00e9s l\u2019intent de pronunciaci\u00f3 de<i> <\/i>la paraula castellana <i>jota<\/i>. Com que en catal\u00e0 no existeix el fonema [<i>\u03c7<\/i>], la gent de Sella, en intentar imitar aquest so conson\u00e0ntic, articulava la consonant del seu sistema fonol\u00f2gic que m\u00e9s s&#8217;hi acostava: la [k]. Altres exemples d&#8217;aquest fenomen els trobem en la pronunciaci\u00f3 de <i>jefe <\/i>com a [kefe], de <i>Jos\u00e9 <\/i>com a<i> <\/i>[kos\u00e9], de <i>Javier <\/i>com a [kavier] o d&#8217;<i>\u00c1ngel <\/i>com a [\u00e1nkel]. Ja endinsats en el segle XX, els valencians aprengu\u00e9rem a pronunciar la <i>j<\/i> castellana, en part gr\u00e0cies a l&#8217;escolaritzaci\u00f3, tot i que encara hi ha gent major amb dificultats per a pronunciar-la.<\/div>\n<p><\/p>\n<div><\/div>\n<div class=\"separator\" style=\"clear: both;text-align: center\"><a href=\"http:\/\/2.bp.blogspot.com\/-qh2EJNaQZBM\/T-Q6hts9kwI\/AAAAAAAAANo\/AfNdhlfnA54\/s1600\/cota+de+sella.JPG\"><img loading=\"lazy\" decoding=\"async\" border=\"0\" height=\"400\" src=\"http:\/\/2.bp.blogspot.com\/-qh2EJNaQZBM\/T-Q6hts9kwI\/AAAAAAAAANo\/AfNdhlfnA54\/s400\/cota+de+sella.JPG\" width=\"246\" \/><\/a><\/div>\n<div><\/div>\n<div style=\"text-align: justify\">La lletra de la can\u00e7\u00f3 apareix tamb\u00e9 recopilada dins les &#8220;Corrandes de Cocentaina&#8221; l&#8217;any 1924, en un treball de recerca per al <a href=\"http:\/\/books.google.es\/books?id=JccrYCULbpwC&amp;pg=PA81&amp;lpg=PA81&amp;dq=ma+mare+em+diu+bandereta+serm%C3%B3&amp;source=bl&amp;ots=exAw_lveWR&amp;sig=YDCAcZu0EgE-um4zTC7y7__qhM4&amp;hl=es&amp;sa=X&amp;ei=cma-T76rJqii0QWO95RR&amp;ved=0CFcQ6AEwAA#v=onepage&amp;q=bandereta&amp;f=false\" target=\"_blank\">Can\u00e7oner de Catalunya<\/a>.&nbsp;<\/div>\n<div><\/div>\n<div>Gr\u00e0cies per la col\u00b7laboraci\u00f3!<\/div>\n","protected":false},"excerpt":{"rendered":"<p>Ja tenim completa la s\u00e8rie de televisi\u00f3 alemana Kara Ben Nemsi Effendi, que a principis de la d\u00e8cada de 1970<\/p>\n","protected":false},"author":6,"featured_media":0,"comment_status":"open","ping_status":"open","sticky":false,"template":"","format":"standard","meta":{"_exactmetrics_skip_tracking":false,"_exactmetrics_sitenote_active":false,"_exactmetrics_sitenote_note":"","_exactmetrics_sitenote_category":0,"footnotes":""},"categories":[1],"tags":[],"class_list":["post-66","post","type-post","status-publish","format-standard","hentry","category-sin-categoria"],"aioseo_notices":[],"_links":{"self":[{"href":"https:\/\/elcabilo.com\/larxiu\/wp-json\/wp\/v2\/posts\/66","targetHints":{"allow":["GET"]}}],"collection":[{"href":"https:\/\/elcabilo.com\/larxiu\/wp-json\/wp\/v2\/posts"}],"about":[{"href":"https:\/\/elcabilo.com\/larxiu\/wp-json\/wp\/v2\/types\/post"}],"author":[{"embeddable":true,"href":"https:\/\/elcabilo.com\/larxiu\/wp-json\/wp\/v2\/users\/6"}],"replies":[{"embeddable":true,"href":"https:\/\/elcabilo.com\/larxiu\/wp-json\/wp\/v2\/comments?post=66"}],"version-history":[{"count":0,"href":"https:\/\/elcabilo.com\/larxiu\/wp-json\/wp\/v2\/posts\/66\/revisions"}],"wp:attachment":[{"href":"https:\/\/elcabilo.com\/larxiu\/wp-json\/wp\/v2\/media?parent=66"}],"wp:term":[{"taxonomy":"category","embeddable":true,"href":"https:\/\/elcabilo.com\/larxiu\/wp-json\/wp\/v2\/categories?post=66"},{"taxonomy":"post_tag","embeddable":true,"href":"https:\/\/elcabilo.com\/larxiu\/wp-json\/wp\/v2\/tags?post=66"}],"curies":[{"name":"wp","href":"https:\/\/api.w.org\/{rel}","templated":true}]}}