{"id":68,"date":"2012-05-31T14:50:00","date_gmt":"2012-05-31T14:50:00","guid":{"rendered":"http:\/\/elcabilo.com\/larxiu\/2012\/05\/31\/meravelles-daitana-el-pi-dagnon\/"},"modified":"2012-05-31T14:50:00","modified_gmt":"2012-05-31T14:50:00","slug":"meravelles-daitana-el-pi-dagnon","status":"publish","type":"post","link":"https:\/\/elcabilo.com\/larxiu\/2012\/05\/31\/meravelles-daitana-el-pi-dagnon\/","title":{"rendered":"Meravelles d&#8217;Aitana: el Pi d&#8217;Agnon"},"content":{"rendered":"<div style=\"text-align: justify\">Recentment f\u00e9rem una exploraci\u00f3 al <b>mas d&#8217;Agnon<\/b>, un espai molt especial del vessant sud d&#8217;Aitana on conflueixen, junt a les restes de la pr\u00f2pia casa, els termes de Sella, Alcoleja i Confrides.<\/div>\n<p><\/p>\n<table align=\"center\" cellpadding=\"0\" cellspacing=\"0\" class=\"tr-caption-container\" style=\"margin-left: auto;margin-right: auto;text-align: center\">\n<tbody>\n<tr>\n<td style=\"text-align: center\"><a href=\"http:\/\/2.bp.blogspot.com\/-kNakx0UOfJA\/T8fmz72oQ4I\/AAAAAAAAALE\/Hmrf_5OG02E\/s1600\/P5180613.JPG\"><img loading=\"lazy\" decoding=\"async\" border=\"0\" height=\"240\" src=\"http:\/\/2.bp.blogspot.com\/-kNakx0UOfJA\/T8fmz72oQ4I\/AAAAAAAAALE\/Hmrf_5OG02E\/s320\/P5180613.JPG\" width=\"320\" \/><\/a><\/td>\n<\/tr>\n<tr>\n<td class=\"tr-caption\" style=\"text-align: center\">Mas d&#8217;Agnon, conflu\u00e8ncia dels termes de Sella, Confrides i Alcoleja&nbsp;<\/td>\n<\/tr>\n<\/tbody>\n<\/table>\n<p><\/p>\n<div style=\"text-align: justify\">Foren moltes les coses que trob\u00e0rem i intenses les sensacions viscudes all\u00e0 dalt: albirant les vistes colpidores d&#8217;un Segur\u00f3 sembrat de blat, la cara desconeguda de la Venta i l&#8217;antic cam\u00ed reial o la magnific\u00e8ncia del mas de la Torreta, amb el seu pou de neu amagat dins del pinar.<\/div>\n<p><\/p>\n<div style=\"text-align: justify\">De tot aix\u00f2 parlarem, potser, en un altra ocasi\u00f3. Hui volem fer refer\u00e8ncia a la troballa d&#8217;un dels monuments vius m\u00e9s importants del migjorn d&#8217;Aitana: <b>el Pi d&#8217;Agnon.<\/b><\/div>\n<p><\/p>\n<table align=\"center\" cellpadding=\"0\" cellspacing=\"0\" class=\"tr-caption-container\" style=\"margin-left: auto;margin-right: auto;text-align: center\">\n<tbody>\n<tr>\n<td style=\"text-align: center\"><a href=\"http:\/\/3.bp.blogspot.com\/-8AQKDYUwbtk\/T8fnDw23XUI\/AAAAAAAAALQ\/B9FsKTM8NrA\/s1600\/P5180542.JPG\"><img loading=\"lazy\" decoding=\"async\" border=\"0\" height=\"320\" src=\"http:\/\/3.bp.blogspot.com\/-8AQKDYUwbtk\/T8fnDw23XUI\/AAAAAAAAALQ\/B9FsKTM8NrA\/s320\/P5180542.JPG\" width=\"240\" \/><\/a><\/td>\n<\/tr>\n<tr>\n<td class=\"tr-caption\" style=\"text-align: center\">El flamejant i senyorial Pi d&#8217;Agnon<\/td>\n<\/tr>\n<\/tbody>\n<\/table>\n<div class=\"separator\" style=\"clear: both;text-align: center\"><\/div>\n<table align=\"center\" cellpadding=\"0\" cellspacing=\"0\" class=\"tr-caption-container\" style=\"margin-left: auto;margin-right: auto;text-align: center\">\n<tbody>\n<tr>\n<td style=\"text-align: center\"><a href=\"http:\/\/3.bp.blogspot.com\/-3eJyQOVyIQA\/T8foR7ejPAI\/AAAAAAAAALg\/HnBPT7DTuYs\/s1600\/P5180555.JPG\"><img loading=\"lazy\" decoding=\"async\" border=\"0\" height=\"320\" src=\"http:\/\/3.bp.blogspot.com\/-3eJyQOVyIQA\/T8foR7ejPAI\/AAAAAAAAALg\/HnBPT7DTuYs\/s320\/P5180555.JPG\" width=\"240\" \/><\/a><\/td>\n<\/tr>\n<tr>\n<td class=\"tr-caption\" style=\"text-align: center\">Amagatall de vida, les seues branques s&#8217;enlairen vora 30 metres<\/td>\n<\/tr>\n<\/tbody>\n<\/table>\n<table align=\"center\" cellpadding=\"0\" cellspacing=\"0\" class=\"tr-caption-container\" style=\"margin-left: auto;margin-right: auto;text-align: center\">\n<tbody>\n<tr>\n<td style=\"text-align: center\"><a href=\"http:\/\/4.bp.blogspot.com\/-hdT2sQrH_Us\/T8fozmMzofI\/AAAAAAAAALo\/ULMmGdcb9ZM\/s1600\/P5180550.JPG\"><img loading=\"lazy\" decoding=\"async\" border=\"0\" height=\"320\" src=\"http:\/\/4.bp.blogspot.com\/-hdT2sQrH_Us\/T8fozmMzofI\/AAAAAAAAALo\/ULMmGdcb9ZM\/s320\/P5180550.JPG\" width=\"240\" \/><\/a><\/td>\n<\/tr>\n<tr>\n<td class=\"tr-caption\" style=\"text-align: center\">Un sorprenent creixement en espiral el fa, si cap, m\u00e9s encisador<\/td>\n<\/tr>\n<\/tbody>\n<\/table>\n<p><\/p>\n<table align=\"center\" cellpadding=\"0\" cellspacing=\"0\" class=\"tr-caption-container\" style=\"margin-left: auto;margin-right: auto;text-align: center\">\n<tbody>\n<tr>\n<td style=\"text-align: center\"><a href=\"http:\/\/3.bp.blogspot.com\/-M6wh114WFIw\/T8fo2jvDI3I\/AAAAAAAAALw\/obu0TVoOZU0\/s1600\/P5180541.JPG\"><img loading=\"lazy\" decoding=\"async\" border=\"0\" height=\"240\" src=\"http:\/\/3.bp.blogspot.com\/-M6wh114WFIw\/T8fo2jvDI3I\/AAAAAAAAALw\/obu0TVoOZU0\/s320\/P5180541.JPG\" width=\"320\" \/><\/a><\/td>\n<\/tr>\n<tr>\n<td class=\"tr-caption\" style=\"text-align: center\">Hui, recollit per un frond\u00f3s i jove pinar de pi blanc, ha sobreviscut molts incendis i ha contemplat el canvi del paisatge de la Serra d&#8217;Aitana en pocs segles.<\/td>\n<\/tr>\n<\/tbody>\n<\/table>\n<div style=\"text-align: justify\">El P\u00ed d&#8217;Agnon, \u00e9s un pi pinyer (<i>Pinus pinea<\/i>) monumental i vell. Tan vell \u00e9s que est\u00e0 morint com moren els grans arbres: a poc a poc. I de la seua edat ens deixa const\u00e0ncia una fotografia de Leopoldo Soler y P\u00e9rez, el seu propietari, que pot datar-se de finals del segle XIX. All\u00ed estava el gran pi, assenyalat com una fita d&#8217;Aitana, en el n\u00famero pertanyent al 24 de setembre de 1927 de la revista <i>La Esfera <\/i>(Madrid). La seua grand\u00e0ria ja era com l&#8217;actual; per\u00f2 l&#8217;arbre, solitari, es mostrava amb tota la seua lluor. Quina pot ser, doncs, la seua edat?<\/div>\n<p><\/p>\n<table align=\"center\" cellpadding=\"0\" cellspacing=\"0\" class=\"tr-caption-container\" style=\"margin-left: auto;margin-right: auto;text-align: center\">\n<tbody>\n<tr>\n<td style=\"text-align: center\"><a href=\"http:\/\/1.bp.blogspot.com\/-HiMUmD3F-18\/T8fsOZZmfGI\/AAAAAAAAAMA\/oydxeRpGdFU\/s1600\/Pi+d%27Agnon.JPG\"><img loading=\"lazy\" decoding=\"async\" border=\"0\" height=\"370\" src=\"http:\/\/1.bp.blogspot.com\/-HiMUmD3F-18\/T8fsOZZmfGI\/AAAAAAAAAMA\/oydxeRpGdFU\/s400\/Pi+d%27Agnon.JPG\" width=\"400\" \/><\/a><\/td>\n<\/tr>\n<tr>\n<td class=\"tr-caption\" style=\"text-align: center\"><i>La Esfera<\/i>&nbsp;n\u00ba 716 (1927). Per altres fonts, sabem que la fotograf\u00eda \u00e9s anterior a 1900. Fotografia dels germans Soler y P\u00e9rez. Aleshores era un pi solitari, ja la pres\u00e8ncia d&#8217;arbres en&nbsp; la serra era molt puntual.<\/td>\n<\/tr>\n<\/tbody>\n<\/table>\n<div style=\"text-align: justify\">Localitzar aquell arbre fotografiat fa m\u00e9s de 120 anys enrere era una tasca molt dif\u00edcil. Per\u00f2 ho vam aconseguir!!! Trobar-lo encara viu, fou un regal que va omplir l&#8217;\u00e0nima dels excursionistes.<\/div>\n<p><\/p>\n<table align=\"center\" cellpadding=\"0\" cellspacing=\"0\" class=\"tr-caption-container\" style=\"margin-left: auto;margin-right: auto;text-align: center\">\n<tbody>\n<tr>\n<td style=\"text-align: center\"><a href=\"http:\/\/3.bp.blogspot.com\/-Kc66fMf5tT0\/T8fq7IbZwjI\/AAAAAAAAAL4\/Q6eUOf9AKbY\/s1600\/P5180547.JPG\"><img loading=\"lazy\" decoding=\"async\" border=\"0\" height=\"320\" src=\"http:\/\/3.bp.blogspot.com\/-Kc66fMf5tT0\/T8fq7IbZwjI\/AAAAAAAAAL4\/Q6eUOf9AKbY\/s320\/P5180547.JPG\" width=\"240\" \/><\/a><\/td>\n<\/tr>\n<tr>\n<td class=\"tr-caption\" style=\"text-align: center\">Testimoni del passat, monument a la vida<\/td>\n<\/tr>\n<\/tbody>\n<\/table>\n<div style=\"text-align: justify\">Abans parl\u00e0vem d&#8217;<i>exploraci\u00f3<\/i>. I a\u00e7\u00f2 no pret\u00e9n ser gens pretenci\u00f3s, sin\u00f3 que volem utilitzar la paraula <i>explorar<\/i> en la seua concepci\u00f3 m\u00e9s pura: <i>examinar minuciosament per trobar-hi el que hom desconeix<\/i>. I aix\u00f2 vam fer, omplir buits en el nostre mapa personal per descobrir noves meravelles d&#8217;Aitana.<\/div>\n<div style=\"text-align: justify\"><\/div>\n<div class=\"separator\" style=\"clear: both;text-align: center\"><a href=\"http:\/\/4.bp.blogspot.com\/-eTUxQ2Lr57Y\/T8ftPBza3GI\/AAAAAAAAAMI\/eyjVsM0pCMI\/s1600\/P5180554.JPG\"><img loading=\"lazy\" decoding=\"async\" border=\"0\" height=\"300\" src=\"http:\/\/4.bp.blogspot.com\/-eTUxQ2Lr57Y\/T8ftPBza3GI\/AAAAAAAAAMI\/eyjVsM0pCMI\/s400\/P5180554.JPG\" width=\"400\" \/><\/a><\/div>\n<div style=\"text-align: justify\"><\/div>\n<div style=\"text-align: justify\"><\/div>\n<div style=\"text-align: right\">P. Gim\u00e9nez<\/div>\n","protected":false},"excerpt":{"rendered":"<p>Recentment f\u00e9rem una exploraci\u00f3 al mas d&#8217;Agnon, un espai molt especial del vessant sud d&#8217;Aitana on conflueixen, junt a les<\/p>\n","protected":false},"author":6,"featured_media":0,"comment_status":"open","ping_status":"open","sticky":false,"template":"","format":"standard","meta":{"_exactmetrics_skip_tracking":false,"_exactmetrics_sitenote_active":false,"_exactmetrics_sitenote_note":"","_exactmetrics_sitenote_category":0,"footnotes":""},"categories":[1],"tags":[],"class_list":["post-68","post","type-post","status-publish","format-standard","hentry","category-sin-categoria"],"aioseo_notices":[],"_links":{"self":[{"href":"https:\/\/elcabilo.com\/larxiu\/wp-json\/wp\/v2\/posts\/68","targetHints":{"allow":["GET"]}}],"collection":[{"href":"https:\/\/elcabilo.com\/larxiu\/wp-json\/wp\/v2\/posts"}],"about":[{"href":"https:\/\/elcabilo.com\/larxiu\/wp-json\/wp\/v2\/types\/post"}],"author":[{"embeddable":true,"href":"https:\/\/elcabilo.com\/larxiu\/wp-json\/wp\/v2\/users\/6"}],"replies":[{"embeddable":true,"href":"https:\/\/elcabilo.com\/larxiu\/wp-json\/wp\/v2\/comments?post=68"}],"version-history":[{"count":0,"href":"https:\/\/elcabilo.com\/larxiu\/wp-json\/wp\/v2\/posts\/68\/revisions"}],"wp:attachment":[{"href":"https:\/\/elcabilo.com\/larxiu\/wp-json\/wp\/v2\/media?parent=68"}],"wp:term":[{"taxonomy":"category","embeddable":true,"href":"https:\/\/elcabilo.com\/larxiu\/wp-json\/wp\/v2\/categories?post=68"},{"taxonomy":"post_tag","embeddable":true,"href":"https:\/\/elcabilo.com\/larxiu\/wp-json\/wp\/v2\/tags?post=68"}],"curies":[{"name":"wp","href":"https:\/\/api.w.org\/{rel}","templated":true}]}}