{"id":70,"date":"2012-05-21T07:25:00","date_gmt":"2012-05-21T07:25:00","guid":{"rendered":"http:\/\/elcabilo.com\/larxiu\/2012\/05\/21\/larxiu-parroquial-de-sella-petita-historia-de-supervivencia\/"},"modified":"2012-05-21T07:25:00","modified_gmt":"2012-05-21T07:25:00","slug":"larxiu-parroquial-de-sella-petita-historia-de-supervivencia","status":"publish","type":"post","link":"https:\/\/elcabilo.com\/larxiu\/2012\/05\/21\/larxiu-parroquial-de-sella-petita-historia-de-supervivencia\/","title":{"rendered":"L\u2019Arxiu Parroquial de Sella: petita hist\u00f2ria de superviv\u00e8ncia"},"content":{"rendered":"<div class=\"separator\" style=\"clear: both;text-align: center\"><\/div>\n<p><\/p>\n<div style=\"text-align: justify\">\u00c9s una de les not\u00edcies de l\u2019any per al patrimoni de Sella i una vella aspiraci\u00f3 acomplida. Com ja anunci\u00e0rem, els <i>Quinque Libri<\/i> de l\u2019Arxiu Parroquial de Sella per fi s\u2019han digitalitzat, gr\u00e0cies a la tasca de l\u2019associaci\u00f3 <b>Ra\u00edces del Reino de Val\u00e8ncia <\/b>(RRV), dins d\u2019un projecte de les <i>Di\u00f3cesis de<\/i> <i>Valencia y Orihuela-Alicante<\/i> auspiciada per la UNESCO. Aix\u00f3 suposa la definitiva conservaci\u00f3 de les dades dels nostres avantpassats des de finals de 1623, els primers pobladors despr\u00e9s de l\u2019expulsi\u00f3 dels moriscos.&nbsp;<\/div>\n<p><\/p>\n<div style=\"text-align: justify\">En Not\u00edcies n\u00fam. 2 (novembre de 2011) ja vam apuntar l\u2019exist\u00e8ncia d\u2019aquesta associaci\u00f3 sense \u00e0nim de lucre i de la ingent tasca que estava portant a terme. Fet i fet, junt a Sella, els \u00faltims mesos han digitalitzat tamb\u00e9 Orxeta, Finestrat, Benimantell, la Vila Joiosa i un llarg etc. Cal recordar que RRV no cobra per les dades ni per la faena que desenvolupen. \u00danicament tenen una quota de soci, com totes les associacions que tenen unes despeses m\u00ednimes. Us recomanem visitar la seua p\u00e0gina <a href=\"http:\/\/www.raicesreinovalencia.com\/\" target=\"_blank\">web<\/a>.<\/div>\n<p><\/p>\n<table align=\"center\" cellpadding=\"0\" cellspacing=\"0\" class=\"tr-caption-container\" style=\"margin-left: auto;margin-right: auto;text-align: center\">\n<tbody>\n<tr>\n<td style=\"text-align: center\"><a href=\"http:\/\/2.bp.blogspot.com\/-_QNe-SUkfMU\/T7LDL5fkWJI\/AAAAAAAAAJs\/0odVo0_svGY\/s1600\/ELPAIS_noticia_normal.jpg\"><img loading=\"lazy\" decoding=\"async\" border=\"0\" height=\"170\" src=\"http:\/\/2.bp.blogspot.com\/-_QNe-SUkfMU\/T7LDL5fkWJI\/AAAAAAAAAJs\/0odVo0_svGY\/s320\/ELPAIS_noticia_normal.jpg\" width=\"320\" \/><\/a><\/td>\n<\/tr>\n<tr>\n<td class=\"tr-caption\" style=\"text-align: center\">Membres de RRV amb l&#8217;alcalde de Finestrat i el rector de Sella i Finestrat Guillermo Giner<br \/>Font: EL PAIS (15\/03\/2012) (enlla\u00e7 a la <a href=\"http:\/\/ccaa.elpais.com\/ccaa\/2012\/04\/15\/valencia\/1334517177_516051.html\" target=\"_blank\">not\u00edcia<\/a>)<\/td>\n<\/tr>\n<\/tbody>\n<\/table>\n<p><\/p>\n<div style=\"text-align: justify\"><span style=\"text-align: justify\">A Finestrat, la not\u00edcia ha tingut molt ress\u00f3, i l\u2019alcalde es va interessar personalment pel treball que estava fent RRV, tal i com va recollir la premsa. Ac\u00ed a Sella, no obstant, va passar prou desapercebut i per aix\u00f2 volem conscienciar (especialment les autoritats municipals) de la import\u00e0ncia d\u2019aquest fet. Realment es tracta d\u2019un esdeveniment molt rellevant per al poble, ja que aquests llibres baptismals, matrimonials i de defuncios recullen la informaci\u00f3 de generacions i generacions de sellards. Cada membre de les nostres fam\u00edlies hi ha quedat registrat durant quasi quatre segles!<\/span><\/div>\n<div style=\"text-align: justify\"><\/div>\n<table align=\"center\" cellpadding=\"0\" cellspacing=\"0\" class=\"tr-caption-container\" style=\"margin-left: auto;margin-right: auto;text-align: center\">\n<tbody>\n<tr>\n<td style=\"text-align: center\"><a href=\"http:\/\/4.bp.blogspot.com\/-E9WNBbUQ6Fw\/T7OPtnL82HI\/AAAAAAAAAJ4\/0PpeDos32ts\/s1600\/DSC_0059.JPG\"><img loading=\"lazy\" decoding=\"async\" border=\"0\" height=\"214\" src=\"http:\/\/4.bp.blogspot.com\/-E9WNBbUQ6Fw\/T7OPtnL82HI\/AAAAAAAAAJ4\/0PpeDos32ts\/s320\/DSC_0059.JPG\" width=\"320\" \/><\/a><\/td>\n<\/tr>\n<tr>\n<td class=\"tr-caption\" style=\"text-align: center\">Alguns dels <i>Quinque Libri <\/i>de l&#8217;Arxiu Parroquial de Sella<\/td>\n<\/tr>\n<\/tbody>\n<\/table>\n<p><\/p>\n<div style=\"text-align: justify\">Tot i aix\u00ed, la digitalitzaci\u00f3 dels <i>Quinque Libri<\/i> \u00e9s la culminaci\u00f3 d\u2019un llarg i pen\u00f3s viatge, per la qual cosa podem considerar aquests llibres centenaris com a veritables supervivents. Ac\u00ed us oferim, de forma resumida, els trets m\u00e9s importants de la seua traject\u00f2ria durant el segle XX: curiosament el segle m\u00e9s perill\u00f3s per a la conservaci\u00f3 dels llibres.<\/div>\n<p><\/p>\n<ul>\n<li>Sens dubte, la&nbsp;<b>Guerra Civil<\/b>&nbsp;fou l\u2019episodi m\u00e9s traum\u00e0tic per al patrimoni religi\u00f3s a Sella. L\u2019esgl\u00e9sia de Santa Anna i l\u2019ermita de Santa B\u00e0rbera foren cremades amb tot el que hi havia dins. Per\u00f2 els llibres se salvaren gr\u00e0cies a l\u2019acci\u00f3 d&#8217;alguns ve\u00efns de Sella. Sabem almenys d\u2019un d\u2019ells, Toni Vicent Garcia (el Moliner), que va passar la nit custodiant els llibres i altres documents.<\/li>\n<li>Despr\u00e9s de la Guerra, els llibres <b>estigueren uns anys a l\u2019Ajuntament<\/b>, que finalment sol\u2022licit\u00e0 a l\u2019esgl\u00e9sia que se\u2019ls emportara (1). Des de mitjans del segle XIX, el cens civil (on s\u2019apuntaven naixements, defuncions o matrimonis) havia redu\u00eft la funcionalitat d\u2019aquests llibres a un mer control de la parr\u00f2quia. A mesura que passaven els anys, els m\u00e9s antics perdien la seua utilitat i, a poc a poc, es convertiren en un document hist\u00f2ric que per a molts nom\u00e9s era \u201cpaper vell\u201d. Aquesta mentalitat \u00e9s la que subjau en la venda de 500 kilos de <i>papel viejo<\/i> al draper als anys 1950: l\u2019arxiu hist\u00f2ric del nostre poble convertit en pasta de cel\u2022lulosa&#8230;<\/li>\n<li>Afortunadament, els llibres parroquials se salvaren i, en un moment indeterminat, foren <b>traslladats al despatx rectoral, situat a la Casa Abadia<\/b>. A partir de la d\u00e8cada de 1970 comen\u00e7aren a desenvolupar-se, de forma sistem\u00e0tica i per tot l&#8217;Estat, els estudis de demografia hist\u00f2rica, que tenien com a base la informaci\u00f3 d\u2019aquests llibres. Ac\u00ed a Sella foren estudiats, que sapiguem, per professors com Jos\u00e9 Quereda o Primitivo Pla (2), que utilitzaren les dades per a estudis m\u00e9s amplis. Per\u00f2 la persona que veritablement va saber extraure tota la riquesa de dades que amagaven els llibres fou Natividad Mart\u00ednez Llorens. Durant anys els va llegir, anotant centenars de dades que li servirien per a escriure la fonamental obra \u201cSella, historia y costumbres\u201d (1987).&nbsp;Gr\u00e0cies a aquest llibre, molts de nosaltres ens assabent\u00e0rem de la import\u00e0ncia que tenien les seues dades: un veritable inventari dels nostres avantpassats.<\/li>\n<\/ul>\n<table align=\"center\" cellpadding=\"0\" cellspacing=\"0\" class=\"tr-caption-container\" style=\"margin-left: auto;margin-right: auto;text-align: center\">\n<tbody>\n<tr>\n<td style=\"text-align: center\"><a href=\"http:\/\/3.bp.blogspot.com\/-aXPupNTg8_g\/T7O6HbcPQsI\/AAAAAAAAAKY\/B-l5t-OzrJY\/s1600\/DSC_0001.JPG\"><img loading=\"lazy\" decoding=\"async\" border=\"0\" height=\"267\" src=\"http:\/\/3.bp.blogspot.com\/-aXPupNTg8_g\/T7O6HbcPQsI\/AAAAAAAAAKY\/B-l5t-OzrJY\/s400\/DSC_0001.JPG\" width=\"400\" \/>&nbsp;<\/a><\/td>\n<td style=\"text-align: center\"><\/td>\n<\/tr>\n<tr>\n<td class=\"tr-caption\" style=\"text-align: center\">Portada del primer llibre on apareixen els primers pobladors de Sella despr\u00e9s de l&#8217;expulsi\u00f3 dels moriscos<\/td>\n<\/tr>\n<\/tbody>\n<\/table>\n<ul>\n<li>Tot i aix\u00f2, les condicions de la Casa Abadia foren deteriorant-se amb els anys i els problemes d\u2019humitat i brut\u00edcia dispararen les alarmes. Un grup de joves de poble interessats pel patrimoni plantejaren, per primera vegada, la necessitat de rescatar els llibres i portar-los a una zona acondicionada. Amb l\u2019ajuda del rector Javier Vicens, es va presentar una proposta de conservaci\u00f3 i inventari dels llibres a la Junta Parroquial (3). Les negociacions no foren f\u00e0cils i fins i tot la proposta va arribar al bisbe d\u2019Oriola Rafael Palmero, a qui se li va plantejar personalment la q\u00fcesti\u00f3. Finalment, <b>en 2006 foren traslladats a la seua ubicaci\u00f3 actual<\/b>, tancats en un armari amb unes bones condicions de conservaci\u00f3.<\/li>\n<li>Aix\u00ed se\u2019ls ha trobat <b>Ra\u00edces del Reino de Valencia<\/b>, que finalment ha culminat la seua preservaci\u00f3 amb la <b>digitalitzaci\u00f3 i indexaci\u00f3<\/b> de cada una de les seues p\u00e0gines. El volum de dades \u00e9s sorprenent: 16 llibres, 85.000 imatges, 14.130 registres de batejos, etc. Igualment, <b>el primer volum, corresponent als anys que van de 1624 a 1696 est\u00e0 sent restaurat<\/b> <b>de forma altruista <\/b>per <b>Gl\u00f2ria Alemany<\/b> (<a href=\"http:\/\/elsotanodelasmaravillas.blogspot.com.es\/\" target=\"_blank\"><i>El Sotano de las Maravillas<\/i><\/a>), en un projecte que, a llarg termini, vol ajudar a la perfecta conservaci\u00f3 dels originals manuscrits. Tamb\u00e9 hem incorporat recentment uns documents pertanyents al rector Tom\u00e0s Giner (segle XIX) donats per Natividad Mart\u00ednez (4)&#8230; per\u00f2 de tot aix\u00f2 en parlarem pr\u00f2ximament.<\/li>\n<\/ul>\n<table align=\"center\" cellpadding=\"0\" cellspacing=\"0\" class=\"tr-caption-container\" style=\"margin-left: auto;margin-right: auto;text-align: center\">\n<tbody>\n<tr>\n<td style=\"text-align: center\"><a href=\"http:\/\/2.bp.blogspot.com\/-ZuZsG7VXqUw\/T7OQ4EFvRbI\/AAAAAAAAAKA\/0ukKPsINMJE\/s1600\/PICT0010.JPG\"><img loading=\"lazy\" decoding=\"async\" border=\"0\" height=\"240\" src=\"http:\/\/2.bp.blogspot.com\/-ZuZsG7VXqUw\/T7OQ4EFvRbI\/AAAAAAAAAKA\/0ukKPsINMJE\/s320\/PICT0010.JPG\" width=\"320\" \/><\/a><\/td>\n<\/tr>\n<tr>\n<td class=\"tr-caption\" style=\"text-align: center\">Restauraci\u00f3 de la portada del primer llibre: un acurat i pacient treball fet per les mans<br \/>professionals de la nostra companya de <i>l&#8217;Arxiu<\/i> Gl\u00f2ria Alemany Agull\u00f3<\/td>\n<td class=\"tr-caption\" style=\"text-align: center\"><\/td>\n<td class=\"tr-caption\" style=\"text-align: center\">&nbsp; <\/td>\n<\/tr>\n<\/tbody>\n<\/table>\n<table align=\"center\" cellpadding=\"0\" cellspacing=\"0\" class=\"tr-caption-container\" style=\"margin-left: auto;margin-right: auto;text-align: center\">\n<tbody>\n<tr>\n<td class=\"tr-caption\" style=\"text-align: center\"><\/td>\n<\/tr>\n<\/tbody>\n<\/table>\n<p><\/p>\n<div style=\"text-align: justify\">Molt han cambiat les coses, com veieu. I gr\u00e0cies a tot a\u00e7\u00f2 hui podem disfrutar de les sorpreses que amaga el nostre passat. Per exemple, dades com les que ens cedeix gentilment RRV: els cognoms apareguts a Sella entre 1623 i 1900. Quasi 280 antrop\u00f2nims! (veure Anex)<\/div>\n<p><\/p>\n<div style=\"text-align: right\"><i>Agra\u00efments especials a Mamen de RRV, Javier Vicens, Guillermo Giner i Gl\u00f2ria Alemany<\/i><\/div>\n<div style=\"text-align: right\"><\/div>\n<div style=\"text-align: right\">P. Gim\u00e9nez<\/div>\n<div style=\"text-align: justify\"><span style=\"font-size: x-small\">(1) Segons un document consultat&nbsp;<\/span><span style=\"font-size: x-small\">&nbsp;<\/span><span style=\"font-size: x-small\">l\u2019any 2004&nbsp;<\/span><span style=\"font-size: x-small\">a l\u2019Arxiu Municipal de Sella<\/span><\/div>\n<div style=\"text-align: justify\"><span style=\"font-size: x-small\">(2) Quereda, J. (1978): <i>Comarca de La Marina. Estudio de Geograf\u00eda Regional<\/i>, Alacant: Diputaci\u00f3 Provincial. El professor Pla ha publicat nombrossos estudis sobre la demografia de les comarques centrals. Vegeu per exemple&nbsp;\u201cDespoblaci\u00f3n y repoblaci\u00f3n. La crisis del XVII en el Cuartel de la Marina y las Monta\u00f1as\u201d, dins Nadal, J. (Coord.): <i>Evoluci\u00f3n&nbsp;<\/i><i>demogr\u00e1fica bajo los Austrias<\/i>, I.C. Juan Gil-Albert, Alacant, pp. 195-239.<\/span><\/div>\n<div style=\"text-align: justify\"><span style=\"font-size: x-small\">(3) Gim\u00e9nez, P. y P\u00e9rez Serrano, M.A. (2003): <i>Propuesta de un plan de inventariado y conservaci\u00f3n de los fondos parroquiales de Sella<\/i>. 12 pp. Agosto de 2003. Part de les conclusions del informe s\u2019arrepleguen a P\u00e9rez Serrano, M.A. (2005): \u201cEl Archivo parroquial de Sella: una herencia de nuestro pasado\u201d en <i>Llibre de Festes 2005<\/i>, pp. 49-52.<\/span><br \/><span style=\"font-size: x-small\">(4) <\/span><span style=\"font-size: x-small\">Gim\u00e9nez, P. (2010): &#8220;El fons Pare Tom\u00e0s de l&#8217;Arxiu Parroquial de Sella: una nova aportaci\u00f3 al patrimoni documental de la Marina&#8221; <i>Sarri\u00e0<\/i>, 4: 74-77. Aquest fons documental es troba digitalitzat en l&#8217;Arxiu i disponible per a tots. <\/span><\/div>\n<p><\/p>\n<div style=\"text-align: center\"><b>ANEX<\/b><\/div>\n<div style=\"text-align: center\"><b><br \/><\/b><\/div>\n<div style=\"text-align: center\"><span style=\"font-size: large\"><u>Cognoms de Sella (1623 i 1900)<\/u><\/span><\/div>\n<div style=\"text-align: center\">Gentilesa de <b>Ra\u00edces del Reino de Valencia<\/b>&nbsp;<\/div>\n<table border=\"0\" cellpadding=\"0\" cellspacing=\"0\" style=\"background-color: white;border-collapse: collapse;color: navy;font-family: Georgia;font-size: 13px;line-height: 17px;width: 586px\">\n<tbody>\n<tr style=\"height: 15pt\">\n<td height=\"20\" width=\"143\"><span style=\"font-family: Calibri;line-height: normal\">Abad<\/span><\/td>\n<td width=\"147\"><span style=\"font-family: Calibri;line-height: normal\">Escuder<\/span><\/td>\n<td width=\"164\"><span style=\"font-family: Calibri;line-height: normal\">Macia<\/span><\/td>\n<td width=\"132\"><span style=\"font-family: Calibri;line-height: normal\">Rafael<\/span><\/td>\n<\/tr>\n<tr style=\"height: 15pt\">\n<td height=\"20\"><span style=\"font-family: Calibri;line-height: normal\">Agull\u00f3<\/span><\/td>\n<td><span style=\"font-family: Calibri;line-height: normal\">Espada<\/span><\/td>\n<td><span style=\"font-family: Calibri;line-height: normal\">Mallebreres<\/span><\/td>\n<td><span style=\"font-family: Calibri;line-height: normal\">Reig<\/span><\/td>\n<\/tr>\n<tr style=\"height: 15pt\">\n<td height=\"20\"><span style=\"font-family: Calibri;line-height: normal\">Agustin<\/span><\/td>\n<td><span style=\"font-family: Calibri;line-height: normal\">Espinos<\/span><\/td>\n<td><span style=\"font-family: Calibri;line-height: normal\">Malonda<\/span><\/td>\n<td><span style=\"font-family: Calibri;line-height: normal\">Relleu<\/span><\/td>\n<\/tr>\n<tr style=\"height: 15pt\">\n<td height=\"20\"><span style=\"font-family: Calibri;line-height: normal\">Alberola<\/span><\/td>\n<td><span style=\"font-family: Calibri;line-height: normal\">Espinosa<\/span><\/td>\n<td><span style=\"font-family: Calibri;line-height: normal\">Margalit<\/span><\/td>\n<td><span style=\"font-family: Calibri;line-height: normal\">Ribes<\/span><\/td>\n<\/tr>\n<tr style=\"height: 15pt\">\n<td height=\"20\"><span style=\"font-family: Calibri;line-height: normal\">Alcazar<\/span><\/td>\n<td><span style=\"font-family: Calibri;line-height: normal\">Espuig<\/span><\/td>\n<td><span style=\"font-family: Calibri;line-height: normal\">Marin<\/span><\/td>\n<td><span style=\"font-family: Calibri;line-height: normal\">Ridaura<\/span><\/td>\n<\/tr>\n<tr style=\"height: 15pt\">\n<td height=\"20\"><span style=\"font-family: Calibri;line-height: normal\">Alemany<\/span><\/td>\n<td><span style=\"font-family: Calibri;line-height: normal\">Esquerdo<\/span><\/td>\n<td><span style=\"font-family: Calibri;line-height: normal\">Mariot<\/span><\/td>\n<td><span style=\"font-family: Calibri;line-height: normal\">Riera<\/span><\/td>\n<\/tr>\n<tr style=\"height: 15pt\">\n<td height=\"20\"><span style=\"font-family: Calibri;line-height: normal\">Alfi<\/span><\/td>\n<td><span style=\"font-family: Calibri;line-height: normal\">Esteve<\/span><\/td>\n<td><span style=\"font-family: Calibri;line-height: normal\">Marolles<\/span><\/td>\n<td><span style=\"font-family: Calibri;line-height: normal\">Ripoll<\/span><\/td>\n<\/tr>\n<tr style=\"height: 15pt\">\n<td height=\"20\"><span style=\"font-family: Calibri;line-height: normal\">Alpuente<\/span><\/td>\n<td><span style=\"font-family: Calibri;line-height: normal\">Eugenio<\/span><\/td>\n<td><span style=\"font-family: Calibri;line-height: normal\">Martinez<\/span><\/td>\n<td><span style=\"font-family: Calibri;line-height: normal\">Rodenes<\/span><\/td>\n<\/tr>\n<tr style=\"height: 15pt\">\n<td height=\"20\"><span style=\"font-family: Calibri;line-height: normal\">Andr\u00e9s<\/span><\/td>\n<td><span style=\"font-family: Calibri;line-height: normal\">Eulogio<\/span><\/td>\n<td><span style=\"font-family: Calibri;line-height: normal\">Martorell<\/span><\/td>\n<td><span style=\"font-family: Calibri;line-height: normal\">Rodriguez<\/span><\/td>\n<\/tr>\n<tr style=\"height: 15pt\">\n<td height=\"20\"><span style=\"font-family: Calibri;line-height: normal\">Andreu<\/span><\/td>\n<td><span style=\"font-family: Calibri;line-height: normal\">Exposita<\/span><\/td>\n<td><span style=\"font-family: Calibri;line-height: normal\">Mas<\/span><\/td>\n<td><span style=\"font-family: Calibri;line-height: normal\">Rom\u00e1<\/span><\/td>\n<\/tr>\n<tr style=\"height: 15pt\">\n<td height=\"20\"><span style=\"font-family: Calibri;line-height: normal\">Antequera<\/span><\/td>\n<td><span style=\"font-family: Calibri;line-height: normal\">Exposito<\/span><\/td>\n<td><span style=\"font-family: Calibri;line-height: normal\">Mateu<\/span><\/td>\n<td><span style=\"font-family: Calibri;line-height: normal\">Romero<\/span><\/td>\n<\/tr>\n<tr style=\"height: 15pt\">\n<td height=\"20\"><span style=\"font-family: Calibri;line-height: normal\">Arnau<\/span><\/td>\n<td><span style=\"font-family: Calibri;line-height: normal\">Felanitx<\/span><\/td>\n<td><span style=\"font-family: Calibri;line-height: normal\">Mayor<\/span><\/td>\n<td><span style=\"font-family: Calibri;line-height: normal\">Roque<\/span><\/td>\n<\/tr>\n<tr style=\"height: 15pt\">\n<td height=\"20\"><span style=\"font-family: Calibri;line-height: normal\">Arqu\u00e9s<\/span><\/td>\n<td><span style=\"font-family: Calibri;line-height: normal\">Fenollar<\/span><\/td>\n<td><span style=\"font-family: Calibri;line-height: normal\">Mico<\/span><\/td>\n<td><span style=\"font-family: Calibri;line-height: normal\">Ros<\/span><\/td>\n<\/tr>\n<tr style=\"height: 15pt\">\n<td height=\"20\"><span style=\"font-family: Calibri;line-height: normal\">Asensi<\/span><\/td>\n<td><span style=\"font-family: Calibri;line-height: normal\">Ferrandis<\/span><\/td>\n<td><span style=\"font-family: Calibri;line-height: normal\">Miguel<\/span><\/td>\n<td><span style=\"font-family: Calibri;line-height: normal\">Rubio<\/span><\/td>\n<\/tr>\n<tr style=\"height: 15pt\">\n<td height=\"20\"><span style=\"font-family: Calibri;line-height: normal\">Asnar<\/span><\/td>\n<td><span style=\"font-family: Calibri;line-height: normal\">Ferrer<\/span><\/td>\n<td><span style=\"font-family: Calibri;line-height: normal\">Mingot<\/span><\/td>\n<td><span style=\"font-family: Calibri;line-height: normal\">Ruiz<\/span><\/td>\n<\/tr>\n<tr style=\"height: 15pt\">\n<td height=\"20\"><span style=\"font-family: Calibri;line-height: normal\">Baena<\/span><\/td>\n<td><span style=\"font-family: Calibri;line-height: normal\">Finestrat<\/span><\/td>\n<td><span style=\"font-family: Calibri;line-height: normal\">Mira<\/span><\/td>\n<td><span style=\"font-family: Calibri;line-height: normal\">Ruvio<\/span><\/td>\n<\/tr>\n<tr style=\"height: 15pt\">\n<td height=\"20\"><span style=\"font-family: Calibri;line-height: normal\">Baeza<\/span><\/td>\n<td><span style=\"font-family: Calibri;line-height: normal\">Fiter<\/span><\/td>\n<td><span style=\"font-family: Calibri;line-height: normal\">Miralles<\/span><\/td>\n<td><span style=\"font-family: Calibri;line-height: normal\">Sais<\/span><\/td>\n<\/tr>\n<tr style=\"height: 15pt\">\n<td height=\"20\"><span style=\"font-family: Calibri;line-height: normal\">Balaguer<\/span><\/td>\n<td><span style=\"font-family: Calibri;line-height: normal\">Fitor<\/span><\/td>\n<td><span style=\"font-family: Calibri;line-height: normal\">Moll\u00e1<\/span><\/td>\n<td><span style=\"font-family: Calibri;line-height: normal\">Saiz<span style=\"line-height: 17px\">&nbsp;<\/span><\/span><\/td>\n<\/tr>\n<tr style=\"height: 15pt\">\n<td height=\"20\"><span style=\"font-family: Calibri;line-height: normal\">Bald\u00f3<\/span><\/td>\n<td><span style=\"font-family: Calibri;line-height: normal\">Fons<\/span><\/td>\n<td><span style=\"font-family: Calibri;line-height: normal\">Mollor<\/span><\/td>\n<td><span style=\"font-family: Calibri;line-height: normal\">Samper<\/span><\/td>\n<\/tr>\n<tr style=\"height: 15pt\">\n<td height=\"20\"><span style=\"font-family: Calibri;line-height: normal\">Barrachina<\/span><\/td>\n<td><span style=\"font-family: Calibri;line-height: normal\">Font<\/span><\/td>\n<td><span style=\"font-family: Calibri;line-height: normal\">Monerris<\/span><\/td>\n<td><span style=\"font-family: Calibri;line-height: normal\">San Francisco<\/span><\/td>\n<\/tr>\n<tr style=\"height: 15pt\">\n<td height=\"20\"><span style=\"font-family: Calibri;line-height: normal\">Barrio<\/span><\/td>\n<td><span style=\"font-family: Calibri;line-height: normal\">Fraces<\/span><\/td>\n<td><span style=\"font-family: Calibri;line-height: normal\">Monllor<\/span><\/td>\n<td><span style=\"font-family: Calibri;line-height: normal\">San Jaime<\/span><\/td>\n<\/tr>\n<tr style=\"height: 15pt\">\n<td height=\"20\"><span style=\"font-family: Calibri;line-height: normal\">Basilio<\/span><\/td>\n<td><span style=\"font-family: Calibri;line-height: normal\">Frances<\/span><\/td>\n<td><span style=\"font-family: Calibri;line-height: normal\">Montiel<\/span><\/td>\n<td><span style=\"font-family: Calibri;line-height: normal\">San Jos\u00e9<\/span><\/td>\n<\/tr>\n<tr style=\"height: 15pt\">\n<td height=\"20\"><span style=\"font-family: Calibri;line-height: normal\">Bataller<\/span><\/td>\n<td><span style=\"font-family: Calibri;line-height: normal\">Franses<\/span><\/td>\n<td><span style=\"font-family: Calibri;line-height: normal\">Mora<\/span><\/td>\n<td><span style=\"font-family: Calibri;line-height: normal\">Sanchis<\/span><\/td>\n<\/tr>\n<tr style=\"height: 15pt\">\n<td height=\"20\"><span style=\"font-family: Calibri;line-height: normal\">Benrrell<\/span><\/td>\n<td><span style=\"font-family: Calibri;line-height: normal\">Frias<span style=\"line-height: 17px\">&nbsp;<\/span><\/span><\/td>\n<td><span style=\"font-family: Calibri;line-height: normal\">Moragu\u00e9s<\/span><\/td>\n<td><span style=\"font-family: Calibri;line-height: normal\">Santa Ana<\/span><\/td>\n<\/tr>\n<tr style=\"height: 15pt\">\n<td height=\"20\"><span style=\"font-family: Calibri;line-height: normal\">Berenguer<\/span><\/td>\n<td><span style=\"font-family: Calibri;line-height: normal\">Gadea<\/span><\/td>\n<td><span style=\"font-family: Calibri;line-height: normal\">Morales<\/span><\/td>\n<td><span style=\"font-family: Calibri;line-height: normal\">Santacreu<\/span><\/td>\n<\/tr>\n<tr style=\"height: 15pt\">\n<td height=\"20\"><span style=\"font-family: Calibri;line-height: normal\">Bernabeu<\/span><\/td>\n<td><span style=\"font-family: Calibri;line-height: normal\">Galiana<\/span><\/td>\n<td><span style=\"font-family: Calibri;line-height: normal\">Mor\u00e7al<\/span><\/td>\n<td><span style=\"font-family: Calibri;line-height: normal\">Santacruz<\/span><\/td>\n<\/tr>\n<tr style=\"height: 15pt\">\n<td height=\"20\"><span style=\"font-family: Calibri;line-height: normal\">Beti<\/span><\/td>\n<td><span style=\"font-family: Calibri;line-height: normal\">Garc\u00eda<\/span><\/td>\n<td><span style=\"font-family: Calibri;line-height: normal\">Mosqueruelo<\/span><\/td>\n<td><span style=\"font-family: Calibri;line-height: normal\">Santamaria<\/span><\/td>\n<\/tr>\n<tr style=\"height: 15pt\">\n<td height=\"20\"><span style=\"font-family: Calibri;line-height: normal\">Blanes<\/span><\/td>\n<td><span style=\"font-family: Calibri;line-height: normal\">Garrigos<\/span><\/td>\n<td><span style=\"font-family: Calibri;line-height: normal\">Mullor<\/span><\/td>\n<td><span style=\"font-family: Calibri;line-height: normal\">Santo<\/span><\/td>\n<\/tr>\n<tr style=\"height: 15pt\">\n<td height=\"20\"><span style=\"font-family: Calibri;line-height: normal\">Blat<\/span><\/td>\n<td><span style=\"font-family: Calibri;line-height: normal\">Genoves<\/span><\/td>\n<td><span style=\"font-family: Calibri;line-height: normal\">Nadal<\/span><\/td>\n<td><span style=\"font-family: Calibri;line-height: normal\">Santonja<\/span><\/td>\n<\/tr>\n<tr style=\"height: 15pt\">\n<td height=\"20\"><span style=\"font-family: Calibri;line-height: normal\">Blau<\/span><\/td>\n<td><span style=\"font-family: Calibri;line-height: normal\">Giner<\/span><\/td>\n<td><span style=\"font-family: Calibri;line-height: normal\">Navarro<\/span><\/td>\n<td><span style=\"font-family: Calibri;line-height: normal\">Sanz<\/span><\/td>\n<\/tr>\n<tr style=\"height: 15pt\">\n<td height=\"20\"><span style=\"font-family: Calibri;line-height: normal\">Borjas<\/span><\/td>\n<td><span style=\"font-family: Calibri;line-height: normal\">Gisbert<\/span><\/td>\n<td><span style=\"font-family: Calibri;line-height: normal\">Nicolas<\/span><\/td>\n<td><span style=\"font-family: Calibri;line-height: normal\">Sapena<\/span><\/td>\n<\/tr>\n<tr style=\"height: 15pt\">\n<td height=\"20\"><span style=\"font-family: Calibri;line-height: normal\">Botella<\/span><\/td>\n<td><span style=\"font-family: Calibri;line-height: normal\">Gomez<\/span><\/td>\n<td><span style=\"font-family: Calibri;line-height: normal\">Nicolau<\/span><\/td>\n<td><span style=\"font-family: Calibri;line-height: normal\">Sarri\u00f3<\/span><\/td>\n<\/tr>\n<tr style=\"height: 15pt\">\n<td height=\"20\"><span style=\"font-family: Calibri;line-height: normal\">Bou<\/span><\/td>\n<td><span style=\"font-family: Calibri;line-height: normal\">Gomis<\/span><\/td>\n<td><span style=\"font-family: Calibri;line-height: normal\">Noguerola<\/span><\/td>\n<td><span style=\"font-family: Calibri;line-height: normal\">Sastre<\/span><\/td>\n<\/tr>\n<tr style=\"height: 15pt\">\n<td height=\"20\"><span style=\"font-family: Calibri;line-height: normal\">Bravo<\/span><\/td>\n<td><span style=\"font-family: Calibri;line-height: normal\">Gonzalez<\/span><\/td>\n<td><span style=\"font-family: Calibri;line-height: normal\">Nogueroles<\/span><\/td>\n<td><span style=\"font-family: Calibri;line-height: normal\">Saval<\/span><\/td>\n<\/tr>\n<tr style=\"height: 15pt\">\n<td height=\"20\"><span style=\"font-family: Calibri;line-height: normal\">Brotons<\/span><\/td>\n<td><span style=\"font-family: Calibri;line-height: normal\">Gosalbes<\/span><\/td>\n<td><span style=\"font-family: Calibri;line-height: normal\">Olcina<\/span><\/td>\n<td><span style=\"font-family: Calibri;line-height: normal\">Sebastia<\/span><\/td>\n<\/tr>\n<tr style=\"height: 15pt\">\n<td height=\"20\"><span style=\"font-family: Calibri;line-height: normal\">Buades<\/span><\/td>\n<td><span style=\"font-family: Calibri;line-height: normal\">Gozalbes<\/span><\/td>\n<td><span style=\"font-family: Calibri;line-height: normal\">Olmedo<\/span><\/td>\n<td><span style=\"font-family: Calibri;line-height: normal\">Segui<\/span><\/td>\n<\/tr>\n<tr style=\"height: 15pt\">\n<td height=\"20\"><span style=\"font-family: Calibri;line-height: normal\">Cabot<\/span><\/td>\n<td><span style=\"font-family: Calibri;line-height: normal\">Grau<\/span><\/td>\n<td><span style=\"font-family: Calibri;line-height: normal\">Oriola<\/span><\/td>\n<td><span style=\"font-family: Calibri;line-height: normal\">Sella<\/span><\/td>\n<\/tr>\n<tr style=\"height: 15pt\">\n<td height=\"20\"><span style=\"font-family: Calibri;line-height: normal\">Cabrera<\/span><\/td>\n<td><span style=\"font-family: Calibri;line-height: normal\">Guardiola<\/span><\/td>\n<td><span style=\"font-family: Calibri;line-height: normal\">Orquin<\/span><\/td>\n<td><span style=\"font-family: Calibri;line-height: normal\">Sell\u00e9s<\/span><\/td>\n<\/tr>\n<tr style=\"height: 15pt\">\n<td height=\"20\"><span style=\"font-family: Calibri;line-height: normal\">Cabrero<\/span><\/td>\n<td><span style=\"font-family: Calibri;line-height: normal\">Gueroles<\/span><\/td>\n<td><span style=\"font-family: Calibri;line-height: normal\">Ortiz<\/span><\/td>\n<td><span style=\"font-family: Calibri;line-height: normal\">Senabre<\/span><\/td>\n<\/tr>\n<tr style=\"height: 15pt\">\n<td height=\"20\"><span style=\"font-family: Calibri;line-height: normal\">Calbo<\/span><\/td>\n<td><span style=\"font-family: Calibri;line-height: normal\">Guerrero<\/span><\/td>\n<td><span style=\"font-family: Calibri;line-height: normal\">Ortola<\/span><\/td>\n<td><span style=\"font-family: Calibri;line-height: normal\">Serra<\/span><\/td>\n<\/tr>\n<tr style=\"height: 15pt\">\n<td height=\"20\"><span style=\"font-family: Calibri;line-height: normal\">Camarasa<\/span><\/td>\n<td><span style=\"font-family: Calibri;line-height: normal\">Guillem<\/span><\/td>\n<td><span style=\"font-family: Calibri;line-height: normal\">Orts<\/span><\/td>\n<td><span style=\"font-family: Calibri;line-height: normal\">Serralta<\/span><\/td>\n<\/tr>\n<tr style=\"height: 15pt\">\n<td height=\"20\"><span style=\"font-family: Calibri;line-height: normal\">Cambra<\/span><\/td>\n<td><span style=\"font-family: Calibri;line-height: normal\">Hellin<\/span><\/td>\n<td><span style=\"font-family: Calibri;line-height: normal\">Ortu\u00f1o<\/span><\/td>\n<td><span style=\"font-family: Calibri;line-height: normal\">Seva<\/span><\/td>\n<\/tr>\n<tr style=\"height: 15pt\">\n<td height=\"20\"><span style=\"font-family: Calibri;line-height: normal\">Candela<\/span><\/td>\n<td><span style=\"font-family: Calibri;line-height: normal\">Herrero<\/span><\/td>\n<td><span style=\"font-family: Calibri;line-height: normal\">Palas\u00ed<\/span><\/td>\n<td><span style=\"font-family: Calibri;line-height: normal\">Signes<\/span><\/td>\n<\/tr>\n<tr style=\"height: 15pt\">\n<td height=\"20\"><span style=\"font-family: Calibri;line-height: normal\">Cant\u00f3<\/span><\/td>\n<td><span style=\"font-family: Calibri;line-height: normal\">Horra<\/span><\/td>\n<td><span style=\"font-family: Calibri;line-height: normal\">Pallares<\/span><\/td>\n<td><span style=\"font-family: Calibri;line-height: normal\">Simo<\/span><\/td>\n<\/tr>\n<tr style=\"height: 15pt\">\n<td height=\"20\"><span style=\"font-family: Calibri;line-height: normal\">Carbonell<\/span><\/td>\n<td><span style=\"font-family: Calibri;line-height: normal\">Iborra<\/span><\/td>\n<td><span style=\"font-family: Calibri;line-height: normal\">Pascual<\/span><\/td>\n<td><span style=\"font-family: Calibri;line-height: normal\">Simon<\/span><\/td>\n<\/tr>\n<tr style=\"height: 15pt\">\n<td height=\"20\"><span style=\"font-family: Calibri;line-height: normal\">Carchano<\/span><\/td>\n<td><span style=\"font-family: Calibri;line-height: normal\">Iva\u00f1ez<\/span><\/td>\n<td><span style=\"font-family: Calibri;line-height: normal\">Pastor<\/span><\/td>\n<td><span style=\"font-family: Calibri;line-height: normal\">Solbes<\/span><\/td>\n<\/tr>\n<tr style=\"height: 15pt\">\n<td height=\"20\"><span style=\"font-family: Calibri;line-height: normal\">Cardona<\/span><\/td>\n<td><span style=\"font-family: Calibri;line-height: normal\">Ivorra<\/span><\/td>\n<td><span style=\"font-family: Calibri;line-height: normal\">Paya<\/span><\/td>\n<td><span style=\"font-family: Calibri;line-height: normal\">Soler<\/span><\/td>\n<\/tr>\n<tr style=\"height: 15pt\">\n<td height=\"20\"><span style=\"font-family: Calibri;line-height: normal\">Cardrano<\/span><\/td>\n<td><span style=\"font-family: Calibri;line-height: normal\">Jacarilla<\/span><\/td>\n<td><span style=\"font-family: Calibri;line-height: normal\">Pellicer<\/span><\/td>\n<td><span style=\"font-family: Calibri;line-height: normal\">Soriano<\/span><\/td>\n<\/tr>\n<tr style=\"height: 15pt\">\n<td height=\"20\"><span style=\"font-family: Calibri;line-height: normal\">Carpe<\/span><\/td>\n<td><span style=\"font-family: Calibri;line-height: normal\">Jaime<\/span><\/td>\n<td><span style=\"font-family: Calibri;line-height: normal\">Pe\u00f1a<\/span><\/td>\n<td><span style=\"font-family: Calibri;line-height: normal\">Terol<\/span><\/td>\n<\/tr>\n<tr style=\"height: 15pt\">\n<td height=\"20\"><span style=\"font-family: Calibri;line-height: normal\">Casanova<\/span><\/td>\n<td><span style=\"font-family: Calibri;line-height: normal\">Jalon<\/span><\/td>\n<td><span style=\"font-family: Calibri;line-height: normal\">P\u00e9rez<\/span><\/td>\n<td><span style=\"font-family: Calibri;line-height: normal\">Tomas<\/span><\/td>\n<\/tr>\n<tr style=\"height: 15pt\">\n<td height=\"20\"><span style=\"font-family: Calibri;line-height: normal\">Castello<\/span><\/td>\n<td><span style=\"font-family: Calibri;line-height: normal\">Jerez<\/span><\/td>\n<td><span style=\"font-family: Calibri;line-height: normal\">Peris<\/span><\/td>\n<td><span style=\"font-family: Calibri;line-height: normal\">Torregrossa<\/span><\/td>\n<\/tr>\n<tr style=\"height: 15pt\">\n<td height=\"20\"><span style=\"font-family: Calibri;line-height: normal\">Castro<\/span><\/td>\n<td><span style=\"font-family: Calibri;line-height: normal\">Jord\u00e1<\/span><\/td>\n<td><span style=\"font-family: Calibri;line-height: normal\">Pic\u00f3<\/span><\/td>\n<td><span style=\"font-family: Calibri;line-height: normal\">Torres<\/span><\/td>\n<\/tr>\n<tr style=\"height: 15pt\">\n<td height=\"20\"><span style=\"font-family: Calibri;line-height: normal\">Catal\u00e1<\/span><\/td>\n<td><span style=\"font-family: Calibri;line-height: normal\">Jordan<\/span><\/td>\n<td><span style=\"font-family: Calibri;line-height: normal\">Picornell<\/span><\/td>\n<td><span style=\"font-family: Calibri;line-height: normal\">Torrosella<\/span><\/td>\n<\/tr>\n<tr style=\"height: 15pt\">\n<td height=\"20\"><span style=\"font-family: Calibri;line-height: normal\">Cerd\u00e1<\/span><\/td>\n<td><span style=\"font-family: Calibri;line-height: normal\">Juan<span style=\"line-height: 17px\">&nbsp;<\/span><\/span><\/td>\n<td><span style=\"font-family: Calibri;line-height: normal\">Pinoso<\/span><\/td>\n<td><span style=\"font-family: Calibri;line-height: normal\">Tous<\/span><\/td>\n<\/tr>\n<tr style=\"height: 15pt\">\n<td height=\"20\"><span style=\"font-family: Calibri;line-height: normal\">Chapuli<\/span><\/td>\n<td><span style=\"font-family: Calibri;line-height: normal\">Julia<\/span><\/td>\n<td><span style=\"font-family: Calibri;line-height: normal\">Pisarreta<\/span><\/td>\n<td><span style=\"font-family: Calibri;line-height: normal\">Ubeda<\/span><\/td>\n<\/tr>\n<tr style=\"height: 15pt\">\n<td height=\"20\"><span style=\"font-family: Calibri;line-height: normal\">Claner<\/span><\/td>\n<td><span style=\"font-family: Calibri;line-height: normal\">La Cruz<\/span><\/td>\n<td><span style=\"font-family: Calibri;line-height: normal\">Piscueta<\/span><\/td>\n<td><span style=\"font-family: Calibri;line-height: normal\">Vadillo<\/span><\/td>\n<\/tr>\n<tr style=\"height: 15pt\">\n<td height=\"20\"><span style=\"font-family: Calibri;line-height: normal\">Climent<\/span><\/td>\n<td><span style=\"font-family: Calibri;line-height: normal\">Lanuza<\/span><\/td>\n<td><span style=\"font-family: Calibri;line-height: normal\">Pisenchi<\/span><\/td>\n<td><span style=\"font-family: Calibri;line-height: normal\">Valor<\/span><\/td>\n<\/tr>\n<tr style=\"height: 15pt\">\n<td height=\"20\"><span style=\"font-family: Calibri;line-height: normal\">Coloma<\/span><\/td>\n<td><span style=\"font-family: Calibri;line-height: normal\">Latiera<\/span><\/td>\n<td><span style=\"font-family: Calibri;line-height: normal\">Pisqueta<\/span><\/td>\n<td><span style=\"font-family: Calibri;line-height: normal\">Va\u00f1o<\/span><\/td>\n<\/tr>\n<tr style=\"height: 15pt\">\n<td height=\"20\"><span style=\"font-family: Calibri;line-height: normal\">Company<\/span><\/td>\n<td><span style=\"font-family: Calibri;line-height: normal\">Latyera<\/span><\/td>\n<td><span style=\"font-family: Calibri;line-height: normal\">Pla<span style=\"line-height: 17px\">&nbsp;<\/span><\/span><\/td>\n<td><span style=\"font-family: Calibri;line-height: normal\">Venrell<\/span><\/td>\n<\/tr>\n<tr style=\"height: 15pt\">\n<td height=\"20\"><span style=\"font-family: Calibri;line-height: normal\">Corielo<\/span><\/td>\n<td><span style=\"font-family: Calibri;line-height: normal\">Ledon<\/span><\/td>\n<td><span style=\"font-family: Calibri;line-height: normal\">Plana<\/span><\/td>\n<td><span style=\"font-family: Calibri;line-height: normal\">Ventura<\/span><\/td>\n<\/tr>\n<tr style=\"height: 15pt\">\n<td height=\"20\"><span style=\"font-family: Calibri;line-height: normal\">Cortes<\/span><\/td>\n<td><span style=\"font-family: Calibri;line-height: normal\">Leon<\/span><\/td>\n<td><span style=\"font-family: Calibri;line-height: normal\">Planelles<\/span><\/td>\n<td><span style=\"font-family: Calibri;line-height: normal\">Verd\u00fa<\/span><\/td>\n<\/tr>\n<tr style=\"height: 15pt\">\n<td height=\"20\"><span style=\"font-family: Calibri;line-height: normal\">Cruz<span style=\"line-height: 17px\">&nbsp;<\/span><\/span><\/td>\n<td><span style=\"font-family: Calibri;line-height: normal\">Lician<\/span><\/td>\n<td><span style=\"font-family: Calibri;line-height: normal\">Planes<\/span><\/td>\n<td><span style=\"font-family: Calibri;line-height: normal\">Vicent<\/span><\/td>\n<\/tr>\n<tr style=\"height: 15pt\">\n<td height=\"20\"><span style=\"font-family: Calibri;line-height: normal\">de la Cruz<\/span><\/td>\n<td><span style=\"font-family: Calibri;line-height: normal\">Lled\u00f3<\/span><\/td>\n<td><span style=\"font-family: Calibri;line-height: normal\">Pons<\/span><\/td>\n<td><span style=\"font-family: Calibri;line-height: normal\">Vidal<\/span><\/td>\n<\/tr>\n<tr style=\"height: 15pt\">\n<td height=\"20\"><span style=\"font-family: Calibri;line-height: normal\">Denia<\/span><\/td>\n<td><span style=\"font-family: Calibri;line-height: normal\">Llinares<\/span><\/td>\n<td><span style=\"font-family: Calibri;line-height: normal\">Ponsoda<\/span><\/td>\n<td><span style=\"font-family: Calibri;line-height: normal\">Vila<\/span><\/td>\n<\/tr>\n<tr style=\"height: 15pt\">\n<td height=\"20\"><span style=\"font-family: Calibri;line-height: normal\">Descals<\/span><\/td>\n<td><span style=\"font-family: Calibri;line-height: normal\">Llopis<\/span><\/td>\n<td><span style=\"font-family: Calibri;line-height: normal\">Pont<\/span><\/td>\n<td><span style=\"font-family: Calibri;line-height: normal\">Vilaplana<\/span><\/td>\n<\/tr>\n<tr style=\"height: 15pt\">\n<td height=\"20\"><span style=\"font-family: Calibri;line-height: normal\">Devesa<\/span><\/td>\n<td><span style=\"font-family: Calibri;line-height: normal\">Llorca<\/span><\/td>\n<td><span style=\"font-family: Calibri;line-height: normal\">Poveda<\/span><\/td>\n<td><span style=\"font-family: Calibri;line-height: normal\">Viscay<\/span><\/td>\n<\/tr>\n<tr style=\"height: 15pt\">\n<td height=\"20\"><span style=\"font-family: Calibri;line-height: normal\">Domenech<\/span><\/td>\n<td><span style=\"font-family: Calibri;line-height: normal\">Llorens<\/span><\/td>\n<td><span style=\"font-family: Calibri;line-height: normal\">Poza<\/span><\/td>\n<td><span style=\"font-family: Calibri;line-height: normal\">Vito<\/span><\/td>\n<\/tr>\n<tr style=\"height: 15pt\">\n<td height=\"20\"><span style=\"font-family: Calibri;line-height: normal\">Enova<\/span><\/td>\n<td><span style=\"font-family: Calibri;line-height: normal\">Lloret<\/span><\/td>\n<td><span style=\"font-family: Calibri;line-height: normal\">Prats<\/span><\/td>\n<td><span style=\"font-family: Calibri;line-height: normal\">Vives<\/span><\/td>\n<\/tr>\n<tr style=\"height: 15pt\">\n<td height=\"20\"><span style=\"font-family: Calibri;line-height: normal\">Escoda<\/span><\/td>\n<td><span style=\"font-family: Calibri;line-height: normal\">Lopez<span style=\"line-height: 17px\">&nbsp;<\/span><\/span><\/td>\n<td><span style=\"font-family: Calibri;line-height: normal\">Puerto<\/span><\/td>\n<td><span style=\"font-family: Calibri;line-height: normal\">Zaragosi<\/span><\/td>\n<\/tr>\n<tr style=\"height: 15pt\">\n<td height=\"20\"><span style=\"font-family: Calibri;line-height: normal\">Escortell<\/span><\/td>\n<td><span style=\"font-family: Calibri;line-height: normal\">Macastre<\/span><\/td>\n<td><span style=\"font-family: Calibri;line-height: normal\">Rabasa<\/span><\/td>\n<td><span style=\"font-family: Calibri;line-height: normal\">Zaragoza<\/span><\/td>\n<\/tr>\n<\/tbody>\n<\/table>\n","protected":false},"excerpt":{"rendered":"<p>\u00c9s una de les not\u00edcies de l\u2019any per al patrimoni de Sella i una vella aspiraci\u00f3 acomplida. Com ja anunci\u00e0rem,<\/p>\n","protected":false},"author":6,"featured_media":0,"comment_status":"open","ping_status":"open","sticky":false,"template":"","format":"standard","meta":{"_exactmetrics_skip_tracking":false,"_exactmetrics_sitenote_active":false,"_exactmetrics_sitenote_note":"","_exactmetrics_sitenote_category":0,"footnotes":""},"categories":[1],"tags":[],"class_list":["post-70","post","type-post","status-publish","format-standard","hentry","category-sin-categoria"],"aioseo_notices":[],"_links":{"self":[{"href":"https:\/\/elcabilo.com\/larxiu\/wp-json\/wp\/v2\/posts\/70","targetHints":{"allow":["GET"]}}],"collection":[{"href":"https:\/\/elcabilo.com\/larxiu\/wp-json\/wp\/v2\/posts"}],"about":[{"href":"https:\/\/elcabilo.com\/larxiu\/wp-json\/wp\/v2\/types\/post"}],"author":[{"embeddable":true,"href":"https:\/\/elcabilo.com\/larxiu\/wp-json\/wp\/v2\/users\/6"}],"replies":[{"embeddable":true,"href":"https:\/\/elcabilo.com\/larxiu\/wp-json\/wp\/v2\/comments?post=70"}],"version-history":[{"count":0,"href":"https:\/\/elcabilo.com\/larxiu\/wp-json\/wp\/v2\/posts\/70\/revisions"}],"wp:attachment":[{"href":"https:\/\/elcabilo.com\/larxiu\/wp-json\/wp\/v2\/media?parent=70"}],"wp:term":[{"taxonomy":"category","embeddable":true,"href":"https:\/\/elcabilo.com\/larxiu\/wp-json\/wp\/v2\/categories?post=70"},{"taxonomy":"post_tag","embeddable":true,"href":"https:\/\/elcabilo.com\/larxiu\/wp-json\/wp\/v2\/tags?post=70"}],"curies":[{"name":"wp","href":"https:\/\/api.w.org\/{rel}","templated":true}]}}