{"id":800,"date":"2015-01-24T00:55:56","date_gmt":"2015-01-23T23:55:56","guid":{"rendered":"http:\/\/elcabilo.com\/larxiu\/?p=800"},"modified":"2015-01-24T00:55:56","modified_gmt":"2015-01-23T23:55:56","slug":"una-lletra-alternativa-de-laurora-1906","status":"publish","type":"post","link":"https:\/\/elcabilo.com\/larxiu\/2015\/01\/24\/una-lletra-alternativa-de-laurora-1906\/","title":{"rendered":"Una lletra alternativa de l&#8217;Aurora (1906)"},"content":{"rendered":"<p>Tot i que encara \u00e9s coneguda per molta gent gran i que est\u00e0 arreplegada per Natividad Mart\u00ednez Llorens en <em>l&#8217;Antigor a Sella<\/em> (1), aquesta lletra alternativa i jocosa del cant de l&#8217;Aurora no es conservava en la seua totalitat, el que no permetia entendre b\u00e9 el context de la hist\u00f2ria que es canta.<\/p>\n<p>Ara, gr\u00e0cies a una donaci\u00f3, us presentem el text sencer que va ser recopilat per <a href=\"http:\/\/ca.wikipedia.org\/wiki\/Joaquim_Mart%C3%AD_Gadea\" target=\"_blank\">Joaquim Mart\u00ed i Gadea<\/a> (Balones, 1837-1920) al seu recull\u00a0<em>Trossos i mossos, o retalls de la nostra terra<\/em>, de 1906<\/p>\n<p>Cal llegir-la amb l&#8217;entonaci\u00f3 de l&#8217;Aurora!<\/p>\n<p><a href=\"https:\/\/elcabilo.com\/larxiu\/files\/2015\/01\/marti_gadea_aurora.jpg\"><img loading=\"lazy\" decoding=\"async\" class=\"aligncenter wp-image-819\" src=\"https:\/\/elcabilo.com\/larxiu\/files\/2015\/01\/marti_gadea_aurora-337x1024.jpg\" alt=\"marti_gadea_aurora\" width=\"390\" height=\"1185\" srcset=\"https:\/\/elcabilo.com\/larxiu\/files\/2015\/01\/marti_gadea_aurora-337x1024.jpg 337w, https:\/\/elcabilo.com\/larxiu\/files\/2015\/01\/marti_gadea_aurora-99x300.jpg 99w, https:\/\/elcabilo.com\/larxiu\/files\/2015\/01\/marti_gadea_aurora.jpg 378w\" sizes=\"auto, (max-width: 390px) 100vw, 390px\" \/><\/a><\/p>\n<p>L&#8217;\u00faltim fragment \u00e9s una sent\u00e8ncia escrita pel mateix Mart\u00ed i Gadea. No \u00e9s l&#8217;\u00fanica vegada que l&#8217;autor va escriure sobre Sella: al seu conegut llibre\u00a0<em>Tipos, Modismes y C\u00f2ses Rares y Curioses de la t\u00e8rra del G\u00e8<\/em>. <em>Arreplegades y ordenades per un aficionat molt entusiasmat de tot lo d\u2019ella<\/em>, escriu sobre la Font de l&#8217;Arc o sobre la gent de Sella, i no parla precisament b\u00e9 de nosaltres (2) &#8230;<\/p>\n<p>En tot cas, la lletra -basada en fets reals o no- cont\u00e9 un valor inq\u00fcestionable, doncs demostra la rellev\u00e0ncia -ja a les primeries del segle XX- de la nostra Aurora i les conegudes baralles entre joves dels pobles ve\u00edns, tan t\u00edpiques dels dies de pasqua i de Festes.<\/p>\n<p style=\"text-align: right\">Antonio P\u00e9rez i Pablo Gim\u00e9nez<\/p>\n<hr \/>\n<p>Notes:<\/p>\n<p>(1) Mart\u00ednez Llorens, N. (2007): <em>De l&#8217;Antigor a Sella<\/em>. Alacant: Ajuntament de Sella<\/p>\n<p>(2) Gim\u00e9nez Font, P. (2008): &#8220;Mart\u00ed i Gadea (1908), un &#8216;amic&#8217; de Sella&#8221;, <em>El Cabil\u00f3<\/em><\/p>\n","protected":false},"excerpt":{"rendered":"<p>Tot i que encara \u00e9s coneguda per molta gent gran i que est\u00e0 arreplegada per Natividad Mart\u00ednez Llorens en l&#8217;Antigor<\/p>\n","protected":false},"author":218,"featured_media":819,"comment_status":"open","ping_status":"open","sticky":false,"template":"","format":"standard","meta":{"_exactmetrics_skip_tracking":false,"_exactmetrics_sitenote_active":false,"_exactmetrics_sitenote_note":"","_exactmetrics_sitenote_category":0,"footnotes":""},"categories":[1],"tags":[],"class_list":["post-800","post","type-post","status-publish","format-standard","has-post-thumbnail","hentry","category-sin-categoria","comments-off"],"aioseo_notices":[],"_links":{"self":[{"href":"https:\/\/elcabilo.com\/larxiu\/wp-json\/wp\/v2\/posts\/800","targetHints":{"allow":["GET"]}}],"collection":[{"href":"https:\/\/elcabilo.com\/larxiu\/wp-json\/wp\/v2\/posts"}],"about":[{"href":"https:\/\/elcabilo.com\/larxiu\/wp-json\/wp\/v2\/types\/post"}],"author":[{"embeddable":true,"href":"https:\/\/elcabilo.com\/larxiu\/wp-json\/wp\/v2\/users\/218"}],"replies":[{"embeddable":true,"href":"https:\/\/elcabilo.com\/larxiu\/wp-json\/wp\/v2\/comments?post=800"}],"version-history":[{"count":5,"href":"https:\/\/elcabilo.com\/larxiu\/wp-json\/wp\/v2\/posts\/800\/revisions"}],"predecessor-version":[{"id":823,"href":"https:\/\/elcabilo.com\/larxiu\/wp-json\/wp\/v2\/posts\/800\/revisions\/823"}],"wp:featuredmedia":[{"embeddable":true,"href":"https:\/\/elcabilo.com\/larxiu\/wp-json\/wp\/v2\/media\/819"}],"wp:attachment":[{"href":"https:\/\/elcabilo.com\/larxiu\/wp-json\/wp\/v2\/media?parent=800"}],"wp:term":[{"taxonomy":"category","embeddable":true,"href":"https:\/\/elcabilo.com\/larxiu\/wp-json\/wp\/v2\/categories?post=800"},{"taxonomy":"post_tag","embeddable":true,"href":"https:\/\/elcabilo.com\/larxiu\/wp-json\/wp\/v2\/tags?post=800"}],"curies":[{"name":"wp","href":"https:\/\/api.w.org\/{rel}","templated":true}]}}