{"id":190,"date":"2009-04-05T13:46:17","date_gmt":"2009-04-05T12:46:17","guid":{"rendered":"http:\/\/elcabilo.com\/oloralapluja\/?p=190"},"modified":"2009-04-05T18:01:28","modified_gmt":"2009-04-05T17:01:28","slug":"leducacio-de-los-legionarios-de-cristo","status":"publish","type":"post","link":"https:\/\/elcabilo.com\/oloralapluja\/2009\/04\/05\/leducacio-de-los-legionarios-de-cristo\/","title":{"rendered":"L&#8217;educaci\u00f3 de Los Legionarios de Cristo"},"content":{"rendered":"<p class=\"MsoNormal\" style=\"margin: 0cm 0cm 10pt\"><span lang=\"CA\"><span style=\"font-size: small;font-family: Calibri\">\u00a0\u00a0 Cada dia estic m\u00e9s segura que llegir aporta molt, sobretot molt sobre la realitat i la veritat, ens ajuda a afirmar que les coses s\u00f3n com ja sab\u00edem o a descobrir coses noves. Hui m\u2019ha passat una barreja d\u2019aix\u00f2: he descobert una cosa nova que m\u2019ha ajudat a reafirmar un fet que creia vertader. I \u00e9s que llegint, me n\u2019he assabentat d\u2019una m\u00e9s de les bestieses de l&#8217;Esgl\u00e9sia. <\/span><\/span><\/p>\n<p class=\"MsoNormal\" style=\"margin: 0cm 0cm 10pt\"><span lang=\"CA\"><span style=\"font-size: small;font-family: Calibri\">\u00a0\u00a0 El 1941 el mexic\u00e0 Marcial Maciel va fundar Los Legionarios de Cristo, una ordre religiosa, i pocs anys despr\u00e9s es va fer sacerdot. Actualment pertanyen a aquesta ordre 800 sacerdots i 2500 seminaristes, alguns dels quals han estat formats i \u201ceducats\u201d per Maciel, si al que feia ell se li pot dir educaci\u00f3. No hi ha dubte que segurament els introdu\u00efa el valors de l\u2019Esgl\u00e9sia i els ensenyava a ser bons cristians, amb les variants pr\u00f2pies de l\u2019ordre. El que si que es dubta \u00e9s una part m\u00e9s fosca d\u2019aquesta educaci\u00f3, que no se sap\u00a0ni es donaria com a mat\u00e8ria t\u00edpica de Los Legionarios o \u00e9s mat\u00e8ria comuna per a totes les ordres: abusos sexuals i peder\u00e0stia. I \u00e9s que el bon cat\u00f2lic Marcial Maciel, que va estar a punt de ser nomenat sant, mantenia relacions amb molts dels seminaristes, alguns d\u2019ells menors d\u2019edat. <\/span><\/span><\/p>\n<p class=\"MsoNormal\" style=\"margin: 0cm 0cm 10pt\"><span lang=\"CA\"><span style=\"font-size: small;font-family: Calibri\">\u00a0\u00a0 No massa anys despr\u00e9s de la fundaci\u00f3 de l\u2019ordre, l\u2019any 1956, ja es sabia alguna cosa sobre els actes del sacerdot, doncs es van fer algunes investigacions. Fins 1959 a Maciel se li va negar el\u00a0c\u00e0rrec de\u00a0superior general i va ser expulsat de Roma, per\u00f2 no va tardar en tornar-hi. Anys despr\u00e9s, el 1999, quan molts dels abusos van eixir a la llum per part d\u2019algunes de les v\u00edctimes i tot i les evid\u00e8ncies, tampoc en va fer res el cardenal Ratzinger, al\u00b7legant que ell i Maciel eren molt amics i que no es podia procesar a un amic tan proper al Papa. Aquesta complicitat que trenca les lleis \u00e9s un error imperdonable a l\u2019Esgl\u00e9sia,\u00a0i a aquells que ho van permetre (si\u00a0es que hi havia alguna forma de evitar-ho).\u00a0Sembla que els sacerdots i els \u201cbons\u201d cat\u00f2lics estan per\u00a0damunt de qualsevol norma social o veritat indubtable, com per exemple l\u2019efectivitat dels anticonceptius. <\/span><\/span><\/p>\n<p class=\"MsoNormal\" style=\"margin: 0cm 0cm 10pt\"><span lang=\"CA\"><span style=\"font-size: small;font-family: Calibri\">Com la hist\u00f2ria de Marcial Maciel, estic ben segura que se n\u2019amaguen sota clau molt\u00edssimes m\u00e9s que no han eixit a la llum i que estan per sobre de tota moralitat i religi\u00f3.<\/span><\/span><\/p>\n<p class=\"MsoNormal\" style=\"margin: 0cm 0cm 10pt\"><span lang=\"CA\"><span style=\"font-size: small;font-family: Calibri\"><img decoding=\"async\" src=\"http:\/\/bp2.blogger.com\/_JP4AH4xAqdo\/R3VY5QciNLI\/AAAAAAAAAdk\/R8i-bZ1b4N4\/s400\/fisgon.jpg\" alt=\"\" \/><\/span><\/span><\/p>\n<p class=\"MsoNormal\" style=\"margin: 0cm 0cm 10pt\"><span lang=\"CA\"><span style=\"font-size: small;font-family: Calibri\">Quan he llegit l\u2019article m\u2019ha vingut al cap una pel\u00b7l\u00edcula que vaig veure fa poc, <em>Los Hijos del Diablo, <\/em>de Claude Timon Gaignaire, que es desenvolupa a un internat cat\u00f2lic mascul\u00ed a Irlanda sobre els anys 40. La hist\u00f2ria dels abusos i la tossuda costum de callar als que saben m\u00e9s del que l\u2019Esgl\u00e9sia vol saber es reflexa molt b\u00e9 i acaba amb un final ben trist, trist sobretot pel fet de pensar tot el\u00a0dolor que s&#8217;ha patit en nom de D\u00e9u. <\/span><\/span><\/p>\n<p class=\"MsoNormal\" style=\"margin: 0cm 0cm 10pt\">\u00a0<\/p>\n","protected":false},"excerpt":{"rendered":"<p>\u00a0\u00a0 Cada dia estic m\u00e9s segura que llegir aporta molt, sobretot molt sobre la realitat i la veritat, ens ajuda a afirmar que les coses s\u00f3n com ja sab\u00edem o a descobrir coses noves. Hui m\u2019ha passat una barreja d\u2019aix\u00f2: he descobert una cosa nova que m\u2019ha ajudat a reafirmar un fet que creia vertader. [&hellip;]<\/p>\n","protected":false},"author":196,"featured_media":0,"comment_status":"open","ping_status":"open","sticky":false,"template":"","format":"standard","meta":{"_exactmetrics_skip_tracking":false,"footnotes":""},"categories":[1868],"tags":[2084,2331,2329],"class_list":["post-190","post","type-post","status-publish","format-standard","hentry","category-articles","tag-injusticies","tag-pellicules","tag-societat"],"aioseo_notices":[],"aioseo_head":"\n\t\t<!-- All in One SEO 5.0.1 - aioseo.com -->\n\t<meta name=\"description\" content=\"Cada dia estic m\u00e9s segura que llegir aporta molt, sobretot molt sobre la realitat i la veritat, ens ajuda a afirmar que les coses s\u00f3n com ja sab\u00edem o a descobrir coses noves. Hui m\u2019ha passat una barreja d\u2019aix\u00f2: he descobert una cosa nova que m\u2019ha ajudat a reafirmar un fet que creia vertader.\" \/>\n\t<meta name=\"robots\" content=\"max-image-preview:large\" \/>\n\t<meta name=\"author\" content=\"laia\"\/>\n\t<link rel=\"canonical\" href=\"https:\/\/elcabilo.com\/oloralapluja\/2009\/04\/05\/leducacio-de-los-legionarios-de-cristo\/\" \/>\n\t<meta name=\"generator\" content=\"All in One SEO (AIOSEO) 5.0.1\" \/>\n\t\t<meta property=\"og:locale\" content=\"ca_ES\" \/>\n\t\t<meta property=\"og:site_name\" content=\"*olora la pluja* - opinions,pensaments,llibres,m\u00fasica,not\u00edcies...Jo\" \/>\n\t\t<meta property=\"og:type\" content=\"article\" \/>\n\t\t<meta property=\"og:title\" content=\"L\u2019educaci\u00f3 de Los Legionarios de Cristo - *olora la pluja*\" \/>\n\t\t<meta property=\"og:description\" content=\"Cada dia estic m\u00e9s segura que llegir aporta molt, sobretot molt sobre la realitat i la veritat, ens ajuda a afirmar que les coses s\u00f3n com ja sab\u00edem o a descobrir coses noves. Hui m\u2019ha passat una barreja d\u2019aix\u00f2: he descobert una cosa nova que m\u2019ha ajudat a reafirmar un fet que creia vertader.\" \/>\n\t\t<meta property=\"og:url\" content=\"https:\/\/elcabilo.com\/oloralapluja\/2009\/04\/05\/leducacio-de-los-legionarios-de-cristo\/\" \/>\n\t\t<meta property=\"article:published_time\" content=\"2009-04-05T12:46:17+00:00\" \/>\n\t\t<meta property=\"article:modified_time\" content=\"2009-04-05T17:01:28+00:00\" \/>\n\t\t<meta name=\"twitter:card\" content=\"summary_large_image\" \/>\n\t\t<meta name=\"twitter:title\" content=\"L\u2019educaci\u00f3 de Los Legionarios de Cristo - *olora la pluja*\" \/>\n\t\t<meta name=\"twitter:description\" content=\"Cada dia estic m\u00e9s segura que llegir aporta molt, sobretot molt sobre la realitat i la veritat, ens ajuda a afirmar que les coses s\u00f3n com ja sab\u00edem o a descobrir coses noves. Hui m\u2019ha passat una barreja d\u2019aix\u00f2: he descobert una cosa nova que m\u2019ha ajudat a reafirmar un fet que creia vertader.\" \/>\n\t\t<script type=\"application\/ld+json\" class=\"aioseo-schema\">\n\t\t\t{\"@context\":\"https:\\\/\\\/schema.org\",\"@graph\":[{\"@type\":\"BlogPosting\",\"@id\":\"https:\\\/\\\/elcabilo.com\\\/oloralapluja\\\/2009\\\/04\\\/05\\\/leducacio-de-los-legionarios-de-cristo\\\/#blogposting\",\"name\":\"L\\u2019educaci\\u00f3 de Los Legionarios de Cristo - *olora la pluja*\",\"headline\":\"L&#8217;educaci\\u00f3 de Los Legionarios de Cristo\",\"author\":{\"@id\":\"https:\\\/\\\/elcabilo.com\\\/oloralapluja\\\/author\\\/laia\\\/#author\"},\"publisher\":{\"@id\":\"https:\\\/\\\/elcabilo.com\\\/oloralapluja\\\/#organization\"},\"image\":{\"@type\":\"ImageObject\",\"url\":\"http:\\\/\\\/bp2.blogger.com\\\/_JP4AH4xAqdo\\\/R3VY5QciNLI\\\/AAAAAAAAAdk\\\/R8i-bZ1b4N4\\\/s400\\\/fisgon.jpg\",\"@id\":\"https:\\\/\\\/elcabilo.com\\\/oloralapluja\\\/2009\\\/04\\\/05\\\/leducacio-de-los-legionarios-de-cristo\\\/#articleImage\"},\"datePublished\":\"2009-04-05T13:46:17+01:00\",\"dateModified\":\"2009-04-05T18:01:28+01:00\",\"inLanguage\":\"ca-ES\",\"commentCount\":192,\"mainEntityOfPage\":{\"@id\":\"https:\\\/\\\/elcabilo.com\\\/oloralapluja\\\/2009\\\/04\\\/05\\\/leducacio-de-los-legionarios-de-cristo\\\/#webpage\"},\"isPartOf\":{\"@id\":\"https:\\\/\\\/elcabilo.com\\\/oloralapluja\\\/2009\\\/04\\\/05\\\/leducacio-de-los-legionarios-de-cristo\\\/#webpage\"},\"articleSection\":\"\\\"articles\\\", injust\\u00edcies, pel\\u00b7l\\u00edcules, societat\"},{\"@type\":\"BreadcrumbList\",\"@id\":\"https:\\\/\\\/elcabilo.com\\\/oloralapluja\\\/2009\\\/04\\\/05\\\/leducacio-de-los-legionarios-de-cristo\\\/#breadcrumblist\",\"itemListElement\":[{\"@type\":\"ListItem\",\"@id\":\"https:\\\/\\\/elcabilo.com\\\/oloralapluja#listItem\",\"position\":1,\"name\":\"Home\",\"item\":\"https:\\\/\\\/elcabilo.com\\\/oloralapluja\",\"nextItem\":{\"@type\":\"ListItem\",\"@id\":\"https:\\\/\\\/elcabilo.com\\\/oloralapluja\\\/category\\\/articles\\\/#listItem\",\"name\":\"\\\"articles\\\"\"}},{\"@type\":\"ListItem\",\"@id\":\"https:\\\/\\\/elcabilo.com\\\/oloralapluja\\\/category\\\/articles\\\/#listItem\",\"position\":2,\"name\":\"\\\"articles\\\"\",\"item\":\"https:\\\/\\\/elcabilo.com\\\/oloralapluja\\\/category\\\/articles\\\/\",\"nextItem\":{\"@type\":\"ListItem\",\"@id\":\"https:\\\/\\\/elcabilo.com\\\/oloralapluja\\\/2009\\\/04\\\/05\\\/leducacio-de-los-legionarios-de-cristo\\\/#listItem\",\"name\":\"L&#8217;educaci\\u00f3 de Los Legionarios de Cristo\"},\"previousItem\":{\"@type\":\"ListItem\",\"@id\":\"https:\\\/\\\/elcabilo.com\\\/oloralapluja#listItem\",\"name\":\"Home\"}},{\"@type\":\"ListItem\",\"@id\":\"https:\\\/\\\/elcabilo.com\\\/oloralapluja\\\/2009\\\/04\\\/05\\\/leducacio-de-los-legionarios-de-cristo\\\/#listItem\",\"position\":3,\"name\":\"L&#8217;educaci\\u00f3 de Los Legionarios de Cristo\",\"previousItem\":{\"@type\":\"ListItem\",\"@id\":\"https:\\\/\\\/elcabilo.com\\\/oloralapluja\\\/category\\\/articles\\\/#listItem\",\"name\":\"\\\"articles\\\"\"}}]},{\"@type\":\"Organization\",\"@id\":\"https:\\\/\\\/elcabilo.com\\\/oloralapluja\\\/#organization\",\"name\":\"*olora la pluja*\",\"description\":\"opinions,pensaments,llibres,m\\u00fasica,not\\u00edcies...Jo\",\"url\":\"https:\\\/\\\/elcabilo.com\\\/oloralapluja\\\/\"},{\"@type\":\"Person\",\"@id\":\"https:\\\/\\\/elcabilo.com\\\/oloralapluja\\\/author\\\/laia\\\/#author\",\"url\":\"https:\\\/\\\/elcabilo.com\\\/oloralapluja\\\/author\\\/laia\\\/\",\"name\":\"laia\",\"image\":{\"@type\":\"ImageObject\",\"@id\":\"https:\\\/\\\/elcabilo.com\\\/oloralapluja\\\/2009\\\/04\\\/05\\\/leducacio-de-los-legionarios-de-cristo\\\/#authorImage\",\"url\":\"https:\\\/\\\/secure.gravatar.com\\\/avatar\\\/c3a976653720816565737620bf836e058decb6a4bcb52766116c79e1859942b8?s=96&d=mm&r=g\",\"width\":96,\"height\":96,\"caption\":\"laia\"}},{\"@type\":\"WebPage\",\"@id\":\"https:\\\/\\\/elcabilo.com\\\/oloralapluja\\\/2009\\\/04\\\/05\\\/leducacio-de-los-legionarios-de-cristo\\\/#webpage\",\"url\":\"https:\\\/\\\/elcabilo.com\\\/oloralapluja\\\/2009\\\/04\\\/05\\\/leducacio-de-los-legionarios-de-cristo\\\/\",\"name\":\"L\\u2019educaci\\u00f3 de Los Legionarios de Cristo - *olora la pluja*\",\"description\":\"Cada dia estic m\\u00e9s segura que llegir aporta molt, sobretot molt sobre la realitat i la veritat, ens ajuda a afirmar que les coses s\\u00f3n com ja sab\\u00edem o a descobrir coses noves. Hui m\\u2019ha passat una barreja d\\u2019aix\\u00f2: he descobert una cosa nova que m\\u2019ha ajudat a reafirmar un fet que creia vertader.\",\"inLanguage\":\"ca-ES\",\"isPartOf\":{\"@id\":\"https:\\\/\\\/elcabilo.com\\\/oloralapluja\\\/#website\"},\"breadcrumb\":{\"@id\":\"https:\\\/\\\/elcabilo.com\\\/oloralapluja\\\/2009\\\/04\\\/05\\\/leducacio-de-los-legionarios-de-cristo\\\/#breadcrumblist\"},\"author\":{\"@id\":\"https:\\\/\\\/elcabilo.com\\\/oloralapluja\\\/author\\\/laia\\\/#author\"},\"creator\":{\"@id\":\"https:\\\/\\\/elcabilo.com\\\/oloralapluja\\\/author\\\/laia\\\/#author\"},\"datePublished\":\"2009-04-05T13:46:17+01:00\",\"dateModified\":\"2009-04-05T18:01:28+01:00\"},{\"@type\":\"WebSite\",\"@id\":\"https:\\\/\\\/elcabilo.com\\\/oloralapluja\\\/#website\",\"url\":\"https:\\\/\\\/elcabilo.com\\\/oloralapluja\\\/\",\"name\":\"*olora la pluja*\",\"description\":\"opinions,pensaments,llibres,m\\u00fasica,not\\u00edcies...Jo\",\"inLanguage\":\"ca-ES\",\"publisher\":{\"@id\":\"https:\\\/\\\/elcabilo.com\\\/oloralapluja\\\/#organization\"}}]}\n\t\t<\/script>\n\t\t<!-- All in One SEO -->\n\n","aioseo_head_json":{"title":"L\u2019educaci\u00f3 de Los Legionarios de Cristo - *olora la pluja*","description":"Cada dia estic m\u00e9s segura que llegir aporta molt, sobretot molt sobre la realitat i la veritat, ens ajuda a afirmar que les coses s\u00f3n com ja sab\u00edem o a descobrir coses noves. Hui m\u2019ha passat una barreja d\u2019aix\u00f2: he descobert una cosa nova que m\u2019ha ajudat a reafirmar un fet que creia vertader.","canonical_url":"https:\/\/elcabilo.com\/oloralapluja\/2009\/04\/05\/leducacio-de-los-legionarios-de-cristo\/","robots":"max-image-preview:large","keywords":"","webmasterTools":{"miscellaneous":""},"schema":{"@context":"https:\/\/schema.org","@graph":[{"@type":"BlogPosting","@id":"https:\/\/elcabilo.com\/oloralapluja\/2009\/04\/05\/leducacio-de-los-legionarios-de-cristo\/#blogposting","name":"L\u2019educaci\u00f3 de Los Legionarios de Cristo - *olora la pluja*","headline":"L&#8217;educaci\u00f3 de Los Legionarios de Cristo","author":{"@id":"https:\/\/elcabilo.com\/oloralapluja\/author\/laia\/#author"},"publisher":{"@id":"https:\/\/elcabilo.com\/oloralapluja\/#organization"},"image":{"@type":"ImageObject","url":"http:\/\/bp2.blogger.com\/_JP4AH4xAqdo\/R3VY5QciNLI\/AAAAAAAAAdk\/R8i-bZ1b4N4\/s400\/fisgon.jpg","@id":"https:\/\/elcabilo.com\/oloralapluja\/2009\/04\/05\/leducacio-de-los-legionarios-de-cristo\/#articleImage"},"datePublished":"2009-04-05T13:46:17+01:00","dateModified":"2009-04-05T18:01:28+01:00","inLanguage":"ca-ES","commentCount":192,"mainEntityOfPage":{"@id":"https:\/\/elcabilo.com\/oloralapluja\/2009\/04\/05\/leducacio-de-los-legionarios-de-cristo\/#webpage"},"isPartOf":{"@id":"https:\/\/elcabilo.com\/oloralapluja\/2009\/04\/05\/leducacio-de-los-legionarios-de-cristo\/#webpage"},"articleSection":"\"articles\", injust\u00edcies, pel\u00b7l\u00edcules, societat"},{"@type":"BreadcrumbList","@id":"https:\/\/elcabilo.com\/oloralapluja\/2009\/04\/05\/leducacio-de-los-legionarios-de-cristo\/#breadcrumblist","itemListElement":[{"@type":"ListItem","@id":"https:\/\/elcabilo.com\/oloralapluja#listItem","position":1,"name":"Home","item":"https:\/\/elcabilo.com\/oloralapluja","nextItem":{"@type":"ListItem","@id":"https:\/\/elcabilo.com\/oloralapluja\/category\/articles\/#listItem","name":"\"articles\""}},{"@type":"ListItem","@id":"https:\/\/elcabilo.com\/oloralapluja\/category\/articles\/#listItem","position":2,"name":"\"articles\"","item":"https:\/\/elcabilo.com\/oloralapluja\/category\/articles\/","nextItem":{"@type":"ListItem","@id":"https:\/\/elcabilo.com\/oloralapluja\/2009\/04\/05\/leducacio-de-los-legionarios-de-cristo\/#listItem","name":"L&#8217;educaci\u00f3 de Los Legionarios de Cristo"},"previousItem":{"@type":"ListItem","@id":"https:\/\/elcabilo.com\/oloralapluja#listItem","name":"Home"}},{"@type":"ListItem","@id":"https:\/\/elcabilo.com\/oloralapluja\/2009\/04\/05\/leducacio-de-los-legionarios-de-cristo\/#listItem","position":3,"name":"L&#8217;educaci\u00f3 de Los Legionarios de Cristo","previousItem":{"@type":"ListItem","@id":"https:\/\/elcabilo.com\/oloralapluja\/category\/articles\/#listItem","name":"\"articles\""}}]},{"@type":"Organization","@id":"https:\/\/elcabilo.com\/oloralapluja\/#organization","name":"*olora la pluja*","description":"opinions,pensaments,llibres,m\u00fasica,not\u00edcies...Jo","url":"https:\/\/elcabilo.com\/oloralapluja\/"},{"@type":"Person","@id":"https:\/\/elcabilo.com\/oloralapluja\/author\/laia\/#author","url":"https:\/\/elcabilo.com\/oloralapluja\/author\/laia\/","name":"laia","image":{"@type":"ImageObject","@id":"https:\/\/elcabilo.com\/oloralapluja\/2009\/04\/05\/leducacio-de-los-legionarios-de-cristo\/#authorImage","url":"https:\/\/secure.gravatar.com\/avatar\/c3a976653720816565737620bf836e058decb6a4bcb52766116c79e1859942b8?s=96&d=mm&r=g","width":96,"height":96,"caption":"laia"}},{"@type":"WebPage","@id":"https:\/\/elcabilo.com\/oloralapluja\/2009\/04\/05\/leducacio-de-los-legionarios-de-cristo\/#webpage","url":"https:\/\/elcabilo.com\/oloralapluja\/2009\/04\/05\/leducacio-de-los-legionarios-de-cristo\/","name":"L\u2019educaci\u00f3 de Los Legionarios de Cristo - *olora la pluja*","description":"Cada dia estic m\u00e9s segura que llegir aporta molt, sobretot molt sobre la realitat i la veritat, ens ajuda a afirmar que les coses s\u00f3n com ja sab\u00edem o a descobrir coses noves. Hui m\u2019ha passat una barreja d\u2019aix\u00f2: he descobert una cosa nova que m\u2019ha ajudat a reafirmar un fet que creia vertader.","inLanguage":"ca-ES","isPartOf":{"@id":"https:\/\/elcabilo.com\/oloralapluja\/#website"},"breadcrumb":{"@id":"https:\/\/elcabilo.com\/oloralapluja\/2009\/04\/05\/leducacio-de-los-legionarios-de-cristo\/#breadcrumblist"},"author":{"@id":"https:\/\/elcabilo.com\/oloralapluja\/author\/laia\/#author"},"creator":{"@id":"https:\/\/elcabilo.com\/oloralapluja\/author\/laia\/#author"},"datePublished":"2009-04-05T13:46:17+01:00","dateModified":"2009-04-05T18:01:28+01:00"},{"@type":"WebSite","@id":"https:\/\/elcabilo.com\/oloralapluja\/#website","url":"https:\/\/elcabilo.com\/oloralapluja\/","name":"*olora la pluja*","description":"opinions,pensaments,llibres,m\u00fasica,not\u00edcies...Jo","inLanguage":"ca-ES","publisher":{"@id":"https:\/\/elcabilo.com\/oloralapluja\/#organization"}}]},"og:locale":"ca_ES","og:site_name":"*olora la pluja* - opinions,pensaments,llibres,m\u00fasica,not\u00edcies...Jo","og:type":"article","og:title":"L\u2019educaci\u00f3 de Los Legionarios de Cristo - *olora la pluja*","og:description":"Cada dia estic m\u00e9s segura que llegir aporta molt, sobretot molt sobre la realitat i la veritat, ens ajuda a afirmar que les coses s\u00f3n com ja sab\u00edem o a descobrir coses noves. Hui m\u2019ha passat una barreja d\u2019aix\u00f2: he descobert una cosa nova que m\u2019ha ajudat a reafirmar un fet que creia vertader.","og:url":"https:\/\/elcabilo.com\/oloralapluja\/2009\/04\/05\/leducacio-de-los-legionarios-de-cristo\/","article:published_time":"2009-04-05T12:46:17+00:00","article:modified_time":"2009-04-05T17:01:28+00:00","twitter:card":"summary_large_image","twitter:title":"L\u2019educaci\u00f3 de Los Legionarios de Cristo - *olora la pluja*","twitter:description":"Cada dia estic m\u00e9s segura que llegir aporta molt, sobretot molt sobre la realitat i la veritat, ens ajuda a afirmar que les coses s\u00f3n com ja sab\u00edem o a descobrir coses noves. Hui m\u2019ha passat una barreja d\u2019aix\u00f2: he descobert una cosa nova que m\u2019ha ajudat a reafirmar un fet que creia vertader."},"aioseo_meta_data":{"post_id":"190","title":null,"description":null,"keywords":null,"keyphrases":null,"primary_term":null,"canonical_url":null,"og_title":null,"og_description":null,"og_object_type":"default","og_image_type":"default","og_image_url":null,"og_image_width":null,"og_image_height":null,"og_image_custom_url":null,"og_image_custom_fields":null,"og_video":null,"og_custom_url":null,"og_article_section":null,"og_article_tags":null,"twitter_use_og":false,"twitter_card":"default","twitter_image_type":"default","twitter_image_url":null,"twitter_image_custom_url":null,"twitter_image_custom_fields":null,"twitter_title":null,"twitter_description":null,"schema":{"blockGraphs":[],"customGraphs":[],"default":{"data":{"Article":[],"Course":[],"Dataset":[],"FAQPage":[],"Movie":[],"Person":[],"Product":[],"ProductReview":[],"Car":[],"Recipe":[],"Service":[],"SoftwareApplication":[],"WebPage":[]},"graphName":"","isEnabled":true},"graphs":[]},"schema_type":"default","schema_type_options":null,"pillar_content":false,"robots_default":true,"robots_noindex":false,"robots_noarchive":false,"robots_nosnippet":false,"robots_nofollow":false,"robots_noimageindex":false,"robots_noodp":false,"robots_notranslate":false,"robots_max_snippet":null,"robots_max_videopreview":null,"robots_max_imagepreview":"large","priority":null,"frequency":null,"local_seo":null,"breadcrumb_settings":null,"limit_modified_date":false,"ai":null,"created":"2023-02-19 11:39:01","updated":"2025-06-09 02:10:06","seo_analyzer_scan_date":null,"focus_keyword":null,"additional_keywords":null,"truseo_locale":null},"aioseo_breadcrumb":"<div class=\"aioseo-breadcrumbs\"><span class=\"aioseo-breadcrumb\">\n\t\t\t<a href=\"https:\/\/elcabilo.com\/oloralapluja\" title=\"Home\">Home<\/a>\n\t\t<\/span><span class=\"aioseo-breadcrumb-separator\">\u00bb<\/span><span class=\"aioseo-breadcrumb\">\n\t\t\t<a href=\"https:\/\/elcabilo.com\/oloralapluja\/category\/articles\/\" title=\"\">\"articles\"<\/a>\n\t\t<\/span><span class=\"aioseo-breadcrumb-separator\">\u00bb<\/span><span class=\"aioseo-breadcrumb\">\n\t\t\tL\u2019educaci\u00f3 de Los Legionarios de Cristo\n\t\t<\/span><\/div>","aioseo_breadcrumb_json":[{"label":"Home","link":"https:\/\/elcabilo.com\/oloralapluja"},{"label":"\"articles\"","link":"https:\/\/elcabilo.com\/oloralapluja\/category\/articles\/"},{"label":"L&#8217;educaci\u00f3 de Los Legionarios de Cristo","link":"https:\/\/elcabilo.com\/oloralapluja\/2009\/04\/05\/leducacio-de-los-legionarios-de-cristo\/"}],"_links":{"self":[{"href":"https:\/\/elcabilo.com\/oloralapluja\/wp-json\/wp\/v2\/posts\/190","targetHints":{"allow":["GET"]}}],"collection":[{"href":"https:\/\/elcabilo.com\/oloralapluja\/wp-json\/wp\/v2\/posts"}],"about":[{"href":"https:\/\/elcabilo.com\/oloralapluja\/wp-json\/wp\/v2\/types\/post"}],"author":[{"embeddable":true,"href":"https:\/\/elcabilo.com\/oloralapluja\/wp-json\/wp\/v2\/users\/196"}],"replies":[{"embeddable":true,"href":"https:\/\/elcabilo.com\/oloralapluja\/wp-json\/wp\/v2\/comments?post=190"}],"version-history":[{"count":5,"href":"https:\/\/elcabilo.com\/oloralapluja\/wp-json\/wp\/v2\/posts\/190\/revisions"}],"predecessor-version":[{"id":192,"href":"https:\/\/elcabilo.com\/oloralapluja\/wp-json\/wp\/v2\/posts\/190\/revisions\/192"}],"wp:attachment":[{"href":"https:\/\/elcabilo.com\/oloralapluja\/wp-json\/wp\/v2\/media?parent=190"}],"wp:term":[{"taxonomy":"category","embeddable":true,"href":"https:\/\/elcabilo.com\/oloralapluja\/wp-json\/wp\/v2\/categories?post=190"},{"taxonomy":"post_tag","embeddable":true,"href":"https:\/\/elcabilo.com\/oloralapluja\/wp-json\/wp\/v2\/tags?post=190"}],"curies":[{"name":"wp","href":"https:\/\/api.w.org\/{rel}","templated":true}]}}