{"id":232,"date":"2009-06-06T14:36:23","date_gmt":"2009-06-06T13:36:23","guid":{"rendered":"http:\/\/elcabilo.com\/oloralapluja\/?p=232"},"modified":"2009-06-06T14:36:23","modified_gmt":"2009-06-06T13:36:23","slug":"la-gran-cadena-el-selectiu","status":"publish","type":"post","link":"https:\/\/elcabilo.com\/oloralapluja\/2009\/06\/06\/la-gran-cadena-el-selectiu\/","title":{"rendered":"La gran cadena, el selectiu."},"content":{"rendered":"<p class=\"MsoNormal\" style=\"margin: 0cm 0cm 10pt\"><span style=\"font-size: 12pt\" lang=\"CA\"><span style=\"font-family: Calibri\">\u201cVinga, vinga, \u00faltim esfor\u00e7!! Ja quasi toques la cadena que t\u2019obrir\u00e0 la porta a la vida universit\u00e0ria. \u00c0nims!! I recorda: per amunt.\u201d<\/span><\/span><\/p>\n<p class=\"MsoNormal\" style=\"margin: 0cm 0cm 10pt\"><span style=\"font-size: 12pt\" lang=\"CA\"><span style=\"font-family: Calibri\">M\u2019has fet reflexionar, i la veritat \u00e9s que tot va comen\u00e7ar als estudis d\u2019una manera molt semblant a l\u2019inici en l\u2019escalada. No sabia ni quin era el nus huit, ni qu\u00e8 era un arn\u00e9s, ni per on havia de passar la corda, per\u00f2 poc a poc, professors i companys em van ensenyar a palpar la roca, a moure els peus d\u2019un en un, a buscar els bons agarres que em portarien, a trav\u00e9s de la paci\u00e8ncia, la tranquil\u00b7litat i la t\u00e8cnica, al final de la via, on m\u2019esperava la prova final: fer la reuni\u00f3, o en paraules estudiantils, la selectivitat. <\/span><\/span><\/p>\n<p class=\"MsoNormal\" style=\"margin: 0cm 0cm 10pt\"><span style=\"font-size: 12pt\" lang=\"CA\"><span style=\"font-family: Calibri\">Des del principi, la m\u00e0xima fita era pujar de primer, tocar la cadena i fer la reuni\u00f3, per\u00f2 costa aconseguir-ho. Pel cam\u00ed, m\u2019he trobat amb mil obstacles que m\u2019han dificultat la pujada, per\u00f2 que alhora m\u2019han enfortit i m\u2019han fet gaudir d\u2019una \u00e0mplia gamma de recursos eficients per a noves dificultats. Aquests obstacles, de vegades procedents de la mateixa via, de vegades derivats dels que m\u2019envoltaven en el moment de la pujada i altres del medi natural, com una bufada de vent o una mosca en un moment cr\u00edtic, han quedat compensats pels bons moments, en qu\u00e8 he vist que l\u2019esfor\u00e7 dona fruits, i que confiant amb els que em recolzen des de l\u2019altra banda de la corda, movent poc a poc primer els peus i despr\u00e9s les mans i sobretot, amb molta const\u00e0ncia i esfor\u00e7 , podr\u00e9 arribar tan lluny com em propose, fins i tot m\u00e9s enll\u00e0 de la cadena. <\/span><\/span><\/p>\n<p class=\"MsoNormal\" style=\"margin: 0cm 0cm 10pt\"><span style=\"font-size: 12pt\" lang=\"CA\"><span style=\"font-family: Calibri\">Per\u00f2 encara no ho he comprovat. Dins de tres dies comen\u00e7ar\u00e9 la recta final de la via m\u00e9s dif\u00edcil que he fet en la meua vida, 2on de batxiller, i tractar\u00e9 de tocar amb la punta dels dits la part m\u00e9s alta de la cadena, la m\u00e9s dif\u00edcil d\u2019abastar; potser ho aconseguisc, o potser em conforme amb tocar el mosquet\u00f3 rovellat que hi ha a la part baixa de la cadena, per\u00f2 el que s\u00e9 segur \u00e9s que arribar\u00e9 i far\u00e9 la reuni\u00f3 de la millor manera que puga, per poder descendir tranquil\u00b7lament a trav\u00e9s de l\u2019estiu mentre enlaire els peus com a mi m\u2019agrada fins arribar a terra, on m\u2019espera una altra realitat, tamb\u00e9 dura, per\u00f2 distinta: la universitat. Mentrestant, seguir\u00e9 entrenant i esperant que arribe el moment de la gran pujada. Espere no caure en l\u2019\u00faltim moment i no poder sentir el soroll de la cadena que desitge escoltar durant tot l\u2019any. <\/span><\/span><\/p>\n","protected":false},"excerpt":{"rendered":"<p>\u201cVinga, vinga, \u00faltim esfor\u00e7!! Ja quasi toques la cadena que t\u2019obrir\u00e0 la porta a la vida universit\u00e0ria. \u00c0nims!! I recorda: per amunt.\u201d M\u2019has fet reflexionar, i la veritat \u00e9s que tot va comen\u00e7ar als estudis d\u2019una manera molt semblant a l\u2019inici en l\u2019escalada. No sabia ni quin era el nus huit, ni qu\u00e8 era un [&hellip;]<\/p>\n","protected":false},"author":196,"featured_media":0,"comment_status":"open","ping_status":"open","sticky":false,"template":"","format":"standard","meta":{"_exactmetrics_skip_tracking":false,"footnotes":""},"categories":[2264],"tags":[2285,2266],"class_list":["post-232","post","type-post","status-publish","format-standard","hentry","category-el-meu-cap-el-meu-cor","tag-escalada","tag-institut"],"aioseo_notices":[],"aioseo_head":"\n\t\t<!-- All in One SEO 5.0.1 - aioseo.com -->\n\t<meta name=\"description\" content=\"\u201cVinga, vinga, \u00faltim esfor\u00e7!! Ja quasi toques la cadena que t\u2019obrir\u00e0 la porta a la vida universit\u00e0ria. \u00c0nims!! I recorda: per amunt.\u201d M\u2019has fet reflexionar, i la veritat \u00e9s que tot va comen\u00e7ar als estudis d\u2019una manera molt semblant a l\u2019inici en l\u2019escalada. No sabia ni quin era el nus huit, ni qu\u00e8 era un\" \/>\n\t<meta name=\"robots\" content=\"max-image-preview:large\" \/>\n\t<meta name=\"author\" content=\"laia\"\/>\n\t<link rel=\"canonical\" href=\"https:\/\/elcabilo.com\/oloralapluja\/2009\/06\/06\/la-gran-cadena-el-selectiu\/\" \/>\n\t<meta name=\"generator\" content=\"All in One SEO (AIOSEO) 5.0.1\" \/>\n\t\t<meta property=\"og:locale\" content=\"ca_ES\" \/>\n\t\t<meta property=\"og:site_name\" content=\"*olora la pluja* - opinions,pensaments,llibres,m\u00fasica,not\u00edcies...Jo\" \/>\n\t\t<meta property=\"og:type\" content=\"article\" \/>\n\t\t<meta property=\"og:title\" content=\"La gran cadena, el selectiu. - *olora la pluja*\" \/>\n\t\t<meta property=\"og:description\" content=\"\u201cVinga, vinga, \u00faltim esfor\u00e7!! Ja quasi toques la cadena que t\u2019obrir\u00e0 la porta a la vida universit\u00e0ria. \u00c0nims!! I recorda: per amunt.\u201d M\u2019has fet reflexionar, i la veritat \u00e9s que tot va comen\u00e7ar als estudis d\u2019una manera molt semblant a l\u2019inici en l\u2019escalada. No sabia ni quin era el nus huit, ni qu\u00e8 era un\" \/>\n\t\t<meta property=\"og:url\" content=\"https:\/\/elcabilo.com\/oloralapluja\/2009\/06\/06\/la-gran-cadena-el-selectiu\/\" \/>\n\t\t<meta property=\"article:published_time\" content=\"2009-06-06T13:36:23+00:00\" \/>\n\t\t<meta property=\"article:modified_time\" content=\"2009-06-06T13:36:23+00:00\" \/>\n\t\t<meta name=\"twitter:card\" content=\"summary_large_image\" \/>\n\t\t<meta name=\"twitter:title\" content=\"La gran cadena, el selectiu. - *olora la pluja*\" \/>\n\t\t<meta name=\"twitter:description\" content=\"\u201cVinga, vinga, \u00faltim esfor\u00e7!! Ja quasi toques la cadena que t\u2019obrir\u00e0 la porta a la vida universit\u00e0ria. \u00c0nims!! I recorda: per amunt.\u201d M\u2019has fet reflexionar, i la veritat \u00e9s que tot va comen\u00e7ar als estudis d\u2019una manera molt semblant a l\u2019inici en l\u2019escalada. No sabia ni quin era el nus huit, ni qu\u00e8 era un\" \/>\n\t\t<script type=\"application\/ld+json\" class=\"aioseo-schema\">\n\t\t\t{\"@context\":\"https:\\\/\\\/schema.org\",\"@graph\":[{\"@type\":\"BlogPosting\",\"@id\":\"https:\\\/\\\/elcabilo.com\\\/oloralapluja\\\/2009\\\/06\\\/06\\\/la-gran-cadena-el-selectiu\\\/#blogposting\",\"name\":\"La gran cadena, el selectiu. - *olora la pluja*\",\"headline\":\"La gran cadena, el selectiu.\",\"author\":{\"@id\":\"https:\\\/\\\/elcabilo.com\\\/oloralapluja\\\/author\\\/laia\\\/#author\"},\"publisher\":{\"@id\":\"https:\\\/\\\/elcabilo.com\\\/oloralapluja\\\/#organization\"},\"datePublished\":\"2009-06-06T14:36:23+01:00\",\"dateModified\":\"2009-06-06T14:36:23+01:00\",\"inLanguage\":\"ca-ES\",\"commentCount\":10,\"mainEntityOfPage\":{\"@id\":\"https:\\\/\\\/elcabilo.com\\\/oloralapluja\\\/2009\\\/06\\\/06\\\/la-gran-cadena-el-selectiu\\\/#webpage\"},\"isPartOf\":{\"@id\":\"https:\\\/\\\/elcabilo.com\\\/oloralapluja\\\/2009\\\/06\\\/06\\\/la-gran-cadena-el-selectiu\\\/#webpage\"},\"articleSection\":\"el meu cap, el meu cor, escalada, institut\"},{\"@type\":\"BreadcrumbList\",\"@id\":\"https:\\\/\\\/elcabilo.com\\\/oloralapluja\\\/2009\\\/06\\\/06\\\/la-gran-cadena-el-selectiu\\\/#breadcrumblist\",\"itemListElement\":[{\"@type\":\"ListItem\",\"@id\":\"https:\\\/\\\/elcabilo.com\\\/oloralapluja#listItem\",\"position\":1,\"name\":\"Home\",\"item\":\"https:\\\/\\\/elcabilo.com\\\/oloralapluja\",\"nextItem\":{\"@type\":\"ListItem\",\"@id\":\"https:\\\/\\\/elcabilo.com\\\/oloralapluja\\\/category\\\/el-meu-cap-el-meu-cor\\\/#listItem\",\"name\":\"el meu cap, el meu cor\"}},{\"@type\":\"ListItem\",\"@id\":\"https:\\\/\\\/elcabilo.com\\\/oloralapluja\\\/category\\\/el-meu-cap-el-meu-cor\\\/#listItem\",\"position\":2,\"name\":\"el meu cap, el meu cor\",\"item\":\"https:\\\/\\\/elcabilo.com\\\/oloralapluja\\\/category\\\/el-meu-cap-el-meu-cor\\\/\",\"nextItem\":{\"@type\":\"ListItem\",\"@id\":\"https:\\\/\\\/elcabilo.com\\\/oloralapluja\\\/2009\\\/06\\\/06\\\/la-gran-cadena-el-selectiu\\\/#listItem\",\"name\":\"La gran cadena, el selectiu.\"},\"previousItem\":{\"@type\":\"ListItem\",\"@id\":\"https:\\\/\\\/elcabilo.com\\\/oloralapluja#listItem\",\"name\":\"Home\"}},{\"@type\":\"ListItem\",\"@id\":\"https:\\\/\\\/elcabilo.com\\\/oloralapluja\\\/2009\\\/06\\\/06\\\/la-gran-cadena-el-selectiu\\\/#listItem\",\"position\":3,\"name\":\"La gran cadena, el selectiu.\",\"previousItem\":{\"@type\":\"ListItem\",\"@id\":\"https:\\\/\\\/elcabilo.com\\\/oloralapluja\\\/category\\\/el-meu-cap-el-meu-cor\\\/#listItem\",\"name\":\"el meu cap, el meu cor\"}}]},{\"@type\":\"Organization\",\"@id\":\"https:\\\/\\\/elcabilo.com\\\/oloralapluja\\\/#organization\",\"name\":\"*olora la pluja*\",\"description\":\"opinions,pensaments,llibres,m\\u00fasica,not\\u00edcies...Jo\",\"url\":\"https:\\\/\\\/elcabilo.com\\\/oloralapluja\\\/\"},{\"@type\":\"Person\",\"@id\":\"https:\\\/\\\/elcabilo.com\\\/oloralapluja\\\/author\\\/laia\\\/#author\",\"url\":\"https:\\\/\\\/elcabilo.com\\\/oloralapluja\\\/author\\\/laia\\\/\",\"name\":\"laia\",\"image\":{\"@type\":\"ImageObject\",\"@id\":\"https:\\\/\\\/elcabilo.com\\\/oloralapluja\\\/2009\\\/06\\\/06\\\/la-gran-cadena-el-selectiu\\\/#authorImage\",\"url\":\"https:\\\/\\\/secure.gravatar.com\\\/avatar\\\/c3a976653720816565737620bf836e058decb6a4bcb52766116c79e1859942b8?s=96&d=mm&r=g\",\"width\":96,\"height\":96,\"caption\":\"laia\"}},{\"@type\":\"WebPage\",\"@id\":\"https:\\\/\\\/elcabilo.com\\\/oloralapluja\\\/2009\\\/06\\\/06\\\/la-gran-cadena-el-selectiu\\\/#webpage\",\"url\":\"https:\\\/\\\/elcabilo.com\\\/oloralapluja\\\/2009\\\/06\\\/06\\\/la-gran-cadena-el-selectiu\\\/\",\"name\":\"La gran cadena, el selectiu. - *olora la pluja*\",\"description\":\"\\u201cVinga, vinga, \\u00faltim esfor\\u00e7!! Ja quasi toques la cadena que t\\u2019obrir\\u00e0 la porta a la vida universit\\u00e0ria. \\u00c0nims!! I recorda: per amunt.\\u201d M\\u2019has fet reflexionar, i la veritat \\u00e9s que tot va comen\\u00e7ar als estudis d\\u2019una manera molt semblant a l\\u2019inici en l\\u2019escalada. No sabia ni quin era el nus huit, ni qu\\u00e8 era un\",\"inLanguage\":\"ca-ES\",\"isPartOf\":{\"@id\":\"https:\\\/\\\/elcabilo.com\\\/oloralapluja\\\/#website\"},\"breadcrumb\":{\"@id\":\"https:\\\/\\\/elcabilo.com\\\/oloralapluja\\\/2009\\\/06\\\/06\\\/la-gran-cadena-el-selectiu\\\/#breadcrumblist\"},\"author\":{\"@id\":\"https:\\\/\\\/elcabilo.com\\\/oloralapluja\\\/author\\\/laia\\\/#author\"},\"creator\":{\"@id\":\"https:\\\/\\\/elcabilo.com\\\/oloralapluja\\\/author\\\/laia\\\/#author\"},\"datePublished\":\"2009-06-06T14:36:23+01:00\",\"dateModified\":\"2009-06-06T14:36:23+01:00\"},{\"@type\":\"WebSite\",\"@id\":\"https:\\\/\\\/elcabilo.com\\\/oloralapluja\\\/#website\",\"url\":\"https:\\\/\\\/elcabilo.com\\\/oloralapluja\\\/\",\"name\":\"*olora la pluja*\",\"description\":\"opinions,pensaments,llibres,m\\u00fasica,not\\u00edcies...Jo\",\"inLanguage\":\"ca-ES\",\"publisher\":{\"@id\":\"https:\\\/\\\/elcabilo.com\\\/oloralapluja\\\/#organization\"}}]}\n\t\t<\/script>\n\t\t<!-- All in One SEO -->\n\n","aioseo_head_json":{"title":"La gran cadena, el selectiu. - *olora la pluja*","description":"\u201cVinga, vinga, \u00faltim esfor\u00e7!! Ja quasi toques la cadena que t\u2019obrir\u00e0 la porta a la vida universit\u00e0ria. \u00c0nims!! I recorda: per amunt.\u201d M\u2019has fet reflexionar, i la veritat \u00e9s que tot va comen\u00e7ar als estudis d\u2019una manera molt semblant a l\u2019inici en l\u2019escalada. No sabia ni quin era el nus huit, ni qu\u00e8 era un","canonical_url":"https:\/\/elcabilo.com\/oloralapluja\/2009\/06\/06\/la-gran-cadena-el-selectiu\/","robots":"max-image-preview:large","keywords":"","webmasterTools":{"miscellaneous":""},"schema":{"@context":"https:\/\/schema.org","@graph":[{"@type":"BlogPosting","@id":"https:\/\/elcabilo.com\/oloralapluja\/2009\/06\/06\/la-gran-cadena-el-selectiu\/#blogposting","name":"La gran cadena, el selectiu. - *olora la pluja*","headline":"La gran cadena, el selectiu.","author":{"@id":"https:\/\/elcabilo.com\/oloralapluja\/author\/laia\/#author"},"publisher":{"@id":"https:\/\/elcabilo.com\/oloralapluja\/#organization"},"datePublished":"2009-06-06T14:36:23+01:00","dateModified":"2009-06-06T14:36:23+01:00","inLanguage":"ca-ES","commentCount":10,"mainEntityOfPage":{"@id":"https:\/\/elcabilo.com\/oloralapluja\/2009\/06\/06\/la-gran-cadena-el-selectiu\/#webpage"},"isPartOf":{"@id":"https:\/\/elcabilo.com\/oloralapluja\/2009\/06\/06\/la-gran-cadena-el-selectiu\/#webpage"},"articleSection":"el meu cap, el meu cor, escalada, institut"},{"@type":"BreadcrumbList","@id":"https:\/\/elcabilo.com\/oloralapluja\/2009\/06\/06\/la-gran-cadena-el-selectiu\/#breadcrumblist","itemListElement":[{"@type":"ListItem","@id":"https:\/\/elcabilo.com\/oloralapluja#listItem","position":1,"name":"Home","item":"https:\/\/elcabilo.com\/oloralapluja","nextItem":{"@type":"ListItem","@id":"https:\/\/elcabilo.com\/oloralapluja\/category\/el-meu-cap-el-meu-cor\/#listItem","name":"el meu cap, el meu cor"}},{"@type":"ListItem","@id":"https:\/\/elcabilo.com\/oloralapluja\/category\/el-meu-cap-el-meu-cor\/#listItem","position":2,"name":"el meu cap, el meu cor","item":"https:\/\/elcabilo.com\/oloralapluja\/category\/el-meu-cap-el-meu-cor\/","nextItem":{"@type":"ListItem","@id":"https:\/\/elcabilo.com\/oloralapluja\/2009\/06\/06\/la-gran-cadena-el-selectiu\/#listItem","name":"La gran cadena, el selectiu."},"previousItem":{"@type":"ListItem","@id":"https:\/\/elcabilo.com\/oloralapluja#listItem","name":"Home"}},{"@type":"ListItem","@id":"https:\/\/elcabilo.com\/oloralapluja\/2009\/06\/06\/la-gran-cadena-el-selectiu\/#listItem","position":3,"name":"La gran cadena, el selectiu.","previousItem":{"@type":"ListItem","@id":"https:\/\/elcabilo.com\/oloralapluja\/category\/el-meu-cap-el-meu-cor\/#listItem","name":"el meu cap, el meu cor"}}]},{"@type":"Organization","@id":"https:\/\/elcabilo.com\/oloralapluja\/#organization","name":"*olora la pluja*","description":"opinions,pensaments,llibres,m\u00fasica,not\u00edcies...Jo","url":"https:\/\/elcabilo.com\/oloralapluja\/"},{"@type":"Person","@id":"https:\/\/elcabilo.com\/oloralapluja\/author\/laia\/#author","url":"https:\/\/elcabilo.com\/oloralapluja\/author\/laia\/","name":"laia","image":{"@type":"ImageObject","@id":"https:\/\/elcabilo.com\/oloralapluja\/2009\/06\/06\/la-gran-cadena-el-selectiu\/#authorImage","url":"https:\/\/secure.gravatar.com\/avatar\/c3a976653720816565737620bf836e058decb6a4bcb52766116c79e1859942b8?s=96&d=mm&r=g","width":96,"height":96,"caption":"laia"}},{"@type":"WebPage","@id":"https:\/\/elcabilo.com\/oloralapluja\/2009\/06\/06\/la-gran-cadena-el-selectiu\/#webpage","url":"https:\/\/elcabilo.com\/oloralapluja\/2009\/06\/06\/la-gran-cadena-el-selectiu\/","name":"La gran cadena, el selectiu. - *olora la pluja*","description":"\u201cVinga, vinga, \u00faltim esfor\u00e7!! Ja quasi toques la cadena que t\u2019obrir\u00e0 la porta a la vida universit\u00e0ria. \u00c0nims!! I recorda: per amunt.\u201d M\u2019has fet reflexionar, i la veritat \u00e9s que tot va comen\u00e7ar als estudis d\u2019una manera molt semblant a l\u2019inici en l\u2019escalada. No sabia ni quin era el nus huit, ni qu\u00e8 era un","inLanguage":"ca-ES","isPartOf":{"@id":"https:\/\/elcabilo.com\/oloralapluja\/#website"},"breadcrumb":{"@id":"https:\/\/elcabilo.com\/oloralapluja\/2009\/06\/06\/la-gran-cadena-el-selectiu\/#breadcrumblist"},"author":{"@id":"https:\/\/elcabilo.com\/oloralapluja\/author\/laia\/#author"},"creator":{"@id":"https:\/\/elcabilo.com\/oloralapluja\/author\/laia\/#author"},"datePublished":"2009-06-06T14:36:23+01:00","dateModified":"2009-06-06T14:36:23+01:00"},{"@type":"WebSite","@id":"https:\/\/elcabilo.com\/oloralapluja\/#website","url":"https:\/\/elcabilo.com\/oloralapluja\/","name":"*olora la pluja*","description":"opinions,pensaments,llibres,m\u00fasica,not\u00edcies...Jo","inLanguage":"ca-ES","publisher":{"@id":"https:\/\/elcabilo.com\/oloralapluja\/#organization"}}]},"og:locale":"ca_ES","og:site_name":"*olora la pluja* - opinions,pensaments,llibres,m\u00fasica,not\u00edcies...Jo","og:type":"article","og:title":"La gran cadena, el selectiu. - *olora la pluja*","og:description":"\u201cVinga, vinga, \u00faltim esfor\u00e7!! Ja quasi toques la cadena que t\u2019obrir\u00e0 la porta a la vida universit\u00e0ria. \u00c0nims!! I recorda: per amunt.\u201d M\u2019has fet reflexionar, i la veritat \u00e9s que tot va comen\u00e7ar als estudis d\u2019una manera molt semblant a l\u2019inici en l\u2019escalada. No sabia ni quin era el nus huit, ni qu\u00e8 era un","og:url":"https:\/\/elcabilo.com\/oloralapluja\/2009\/06\/06\/la-gran-cadena-el-selectiu\/","article:published_time":"2009-06-06T13:36:23+00:00","article:modified_time":"2009-06-06T13:36:23+00:00","twitter:card":"summary_large_image","twitter:title":"La gran cadena, el selectiu. - *olora la pluja*","twitter:description":"\u201cVinga, vinga, \u00faltim esfor\u00e7!! Ja quasi toques la cadena que t\u2019obrir\u00e0 la porta a la vida universit\u00e0ria. \u00c0nims!! I recorda: per amunt.\u201d M\u2019has fet reflexionar, i la veritat \u00e9s que tot va comen\u00e7ar als estudis d\u2019una manera molt semblant a l\u2019inici en l\u2019escalada. No sabia ni quin era el nus huit, ni qu\u00e8 era un"},"aioseo_meta_data":{"post_id":"232","title":null,"description":null,"keywords":null,"keyphrases":null,"primary_term":null,"canonical_url":null,"og_title":null,"og_description":null,"og_object_type":"default","og_image_type":"default","og_image_url":null,"og_image_width":null,"og_image_height":null,"og_image_custom_url":null,"og_image_custom_fields":null,"og_video":null,"og_custom_url":null,"og_article_section":null,"og_article_tags":null,"twitter_use_og":false,"twitter_card":"default","twitter_image_type":"default","twitter_image_url":null,"twitter_image_custom_url":null,"twitter_image_custom_fields":null,"twitter_title":null,"twitter_description":null,"schema":{"blockGraphs":[],"customGraphs":[],"default":{"data":{"Article":[],"Course":[],"Dataset":[],"FAQPage":[],"Movie":[],"Person":[],"Product":[],"ProductReview":[],"Car":[],"Recipe":[],"Service":[],"SoftwareApplication":[],"WebPage":[]},"graphName":"","isEnabled":true},"graphs":[]},"schema_type":"default","schema_type_options":null,"pillar_content":false,"robots_default":true,"robots_noindex":false,"robots_noarchive":false,"robots_nosnippet":false,"robots_nofollow":false,"robots_noimageindex":false,"robots_noodp":false,"robots_notranslate":false,"robots_max_snippet":null,"robots_max_videopreview":null,"robots_max_imagepreview":"large","priority":null,"frequency":null,"local_seo":null,"breadcrumb_settings":null,"limit_modified_date":false,"ai":null,"created":"2023-02-19 11:59:58","updated":"2025-06-09 02:11:31","seo_analyzer_scan_date":null,"focus_keyword":null,"additional_keywords":null,"truseo_locale":null},"aioseo_breadcrumb":"<div class=\"aioseo-breadcrumbs\"><span class=\"aioseo-breadcrumb\">\n\t\t\t<a href=\"https:\/\/elcabilo.com\/oloralapluja\" title=\"Home\">Home<\/a>\n\t\t<\/span><span class=\"aioseo-breadcrumb-separator\">\u00bb<\/span><span class=\"aioseo-breadcrumb\">\n\t\t\t<a href=\"https:\/\/elcabilo.com\/oloralapluja\/category\/el-meu-cap-el-meu-cor\/\" title=\"el meu cap, el meu cor\">el meu cap, el meu cor<\/a>\n\t\t<\/span><span class=\"aioseo-breadcrumb-separator\">\u00bb<\/span><span class=\"aioseo-breadcrumb\">\n\t\t\tLa gran cadena, el selectiu.\n\t\t<\/span><\/div>","aioseo_breadcrumb_json":[{"label":"Home","link":"https:\/\/elcabilo.com\/oloralapluja"},{"label":"el meu cap, el meu cor","link":"https:\/\/elcabilo.com\/oloralapluja\/category\/el-meu-cap-el-meu-cor\/"},{"label":"La gran cadena, el selectiu.","link":"https:\/\/elcabilo.com\/oloralapluja\/2009\/06\/06\/la-gran-cadena-el-selectiu\/"}],"_links":{"self":[{"href":"https:\/\/elcabilo.com\/oloralapluja\/wp-json\/wp\/v2\/posts\/232","targetHints":{"allow":["GET"]}}],"collection":[{"href":"https:\/\/elcabilo.com\/oloralapluja\/wp-json\/wp\/v2\/posts"}],"about":[{"href":"https:\/\/elcabilo.com\/oloralapluja\/wp-json\/wp\/v2\/types\/post"}],"author":[{"embeddable":true,"href":"https:\/\/elcabilo.com\/oloralapluja\/wp-json\/wp\/v2\/users\/196"}],"replies":[{"embeddable":true,"href":"https:\/\/elcabilo.com\/oloralapluja\/wp-json\/wp\/v2\/comments?post=232"}],"version-history":[{"count":1,"href":"https:\/\/elcabilo.com\/oloralapluja\/wp-json\/wp\/v2\/posts\/232\/revisions"}],"predecessor-version":[{"id":233,"href":"https:\/\/elcabilo.com\/oloralapluja\/wp-json\/wp\/v2\/posts\/232\/revisions\/233"}],"wp:attachment":[{"href":"https:\/\/elcabilo.com\/oloralapluja\/wp-json\/wp\/v2\/media?parent=232"}],"wp:term":[{"taxonomy":"category","embeddable":true,"href":"https:\/\/elcabilo.com\/oloralapluja\/wp-json\/wp\/v2\/categories?post=232"},{"taxonomy":"post_tag","embeddable":true,"href":"https:\/\/elcabilo.com\/oloralapluja\/wp-json\/wp\/v2\/tags?post=232"}],"curies":[{"name":"wp","href":"https:\/\/api.w.org\/{rel}","templated":true}]}}