{"id":234,"date":"2009-06-13T11:43:52","date_gmt":"2009-06-13T10:43:52","guid":{"rendered":"http:\/\/elcabilo.com\/oloralapluja\/?p=234"},"modified":"2009-07-23T11:11:19","modified_gmt":"2009-07-23T10:11:19","slug":"als-meus-avis-paterns","status":"publish","type":"post","link":"https:\/\/elcabilo.com\/oloralapluja\/2009\/06\/13\/als-meus-avis-paterns\/","title":{"rendered":"Als meus avis paterns"},"content":{"rendered":"<p>Quan vaig llegir a &#8220;<a title=\"Oyendo el silencio\" href=\"http:\/\/zorro-oyendoelsilencio.blogspot.com\/\" target=\"_blank\">Oyendo el silencio<\/a>&#8221; les redaccions que Pep, el mestre de valenci\u00e0, ens demanava escriure constantment a 2on d&#8217;ESO, em van vindre ganes de retrobar-me amb els meus escrits, i buscant pels calaixos em vaig trobar amb, possiblement, el millor que vaig escriure aquell any, una poesia dedicada als meus avis paterns que feia temps havien faltat. All\u00e0 va:<\/p>\n<p style=\"text-align: center\"><em>Ja s\u00e9 que he passat pocs anys<\/em><\/p>\n<p style=\"text-align: center\"><em>amb cada \u00fa de vosaltres<\/em><\/p>\n<p style=\"text-align: center\"><em>per\u00f2 han sigut bons moments<\/em><\/p>\n<p style=\"text-align: center\"><em>per a mi inoblidables.<\/em><\/p>\n<p style=\"text-align: center\"><em><\/em><\/p>\n<p style=\"text-align: center\"><em><\/em><\/p>\n<p style=\"text-align: center\"><em><\/em><\/p>\n<p style=\"text-align: center\"><em>Primer vas ser, avi, tu,<\/em><\/p>\n<p style=\"text-align: center\"><em>aquell que ens va dir ad\u00e9u;<\/em><\/p>\n<p style=\"text-align: center\"><em>tan fumar no era bo<\/em><\/p>\n<p style=\"text-align: center\"><em>ja t&#8217;ho deia a tu la gent.<\/em><\/p>\n<p style=\"text-align: center\"><em><\/em><\/p>\n<p style=\"text-align: center\"><em><\/em><\/p>\n<p style=\"text-align: center\"><em><\/em><\/p>\n<p style=\"text-align: center\"><em>Envoltat de serps del camp<\/em><\/p>\n<p style=\"text-align: center\"><em>i entre bromes i bregues<\/em><\/p>\n<p style=\"text-align: center\"><em>has passat la teua vida<\/em><\/p>\n<p style=\"text-align: center\"><em>sense veure mai res negre;<\/em><\/p>\n<p style=\"text-align: center\"><em>tot en tu felicitat,<\/em><\/p>\n<p style=\"text-align: center\"><em>mai ets trist, sempre alegre.<\/em><\/p>\n<p style=\"text-align: center\"><em><\/em><\/p>\n<p style=\"text-align: center\"><em><\/em><\/p>\n<p style=\"text-align: center\"><em><\/em><\/p>\n<p style=\"text-align: center\"><em>Ja era jo un poc m\u00e9s gran<\/em><\/p>\n<p style=\"text-align: center\"><em>quan vas marxar d&#8217;aqu\u00ed, \u00e0via.<\/em><\/p>\n<p style=\"text-align: center\"><em>Llavors ja vaig &#8220;soltar&#8221; ll\u00e0grimes,<\/em><\/p>\n<p style=\"text-align: center\"><em>ja era m\u00e9s gran la r\u00e0bia.<\/em><\/p>\n<p style=\"text-align: center\"><em><\/em><\/p>\n<p style=\"text-align: center\"><em><\/em><\/p>\n<p style=\"text-align: center\"><em><\/em><\/p>\n<p style=\"text-align: center\"><em>Pensar que no tornaria a veure&#8217;t<\/em><\/p>\n<p style=\"text-align: center\"><em>ni a menjar aquell arr\u00f2s&#8230;<\/em><\/p>\n<p style=\"text-align: center\"><em>arr\u00f2s amb fesols i penques<\/em><\/p>\n<p style=\"text-align: center\"><em>que alimentava fins el cor.<\/em><\/p>\n<p style=\"text-align: center\">\u00a0<em>Heu sigut fant\u00e0stics avis,<\/em><\/p>\n<p style=\"text-align: center\"><em>mai us oblidar\u00e9;<\/em><\/p>\n<p style=\"text-align: center\"><em>per molt que el vostre cos s&#8217;allunye<\/em><\/p>\n<p style=\"text-align: center\"><em>dins del cor us portar\u00e9.<\/em><\/p>\n<address><\/address>\n<p style=\"text-align: left\">No es una poesia massa aconseguida, tenia 14 anys, i la vaig escriure per obligaci\u00f3, per com el mestre em va\u00a0apuntar al final de la p\u00e0gina, &#8220;\u00e9s un molt bon record pels teus avis&#8221;.<\/p>\n<p style=\"text-align: left\">Dos persones pobres, amb l&#8217;\u00fanica funci\u00f3 que la de cuidar els seus fills i tirar endavant, i sense cap acc\u00e9s a la cultura, per\u00f2 dos persones molt humils i, sobretot, dos bones persones. No vaig poder passar molt de temps amb ells, sobretot amb m&#8217;<em>auelo<\/em> Pep, que va faltar quan jo tenia 7 anys, per\u00f2 tot el que recorde amb ells s\u00f3n somriures i bons moments, mai ni un sol crit, mai una mala cara.<\/p>\n","protected":false},"excerpt":{"rendered":"<p>Quan vaig llegir a &#8220;Oyendo el silencio&#8221; les redaccions que Pep, el mestre de valenci\u00e0, ens demanava escriure constantment a 2on d&#8217;ESO, em van vindre ganes de retrobar-me amb els meus escrits, i buscant pels calaixos em vaig trobar amb, possiblement, el millor que vaig escriure aquell any, una poesia dedicada als meus avis paterns [&hellip;]<\/p>\n","protected":false},"author":196,"featured_media":0,"comment_status":"open","ping_status":"open","sticky":false,"template":"","format":"standard","meta":{"_exactmetrics_skip_tracking":false,"footnotes":""},"categories":[2264,2263],"tags":[2262,2343,2259,2006,1924],"class_list":["post-234","post","type-post","status-publish","format-standard","hentry","category-el-meu-cap-el-meu-cor","category-musica-i-poesia","tag-de-poble","tag-familia","tag-laia","tag-poesia","tag-sella"],"aioseo_notices":[],"aioseo_head":"\n\t\t<!-- All in One SEO 5.0.1 - aioseo.com -->\n\t<meta name=\"description\" content=\"Quan vaig llegir a &quot;Oyendo el silencio&quot; les redaccions que Pep, el mestre de valenci\u00e0, ens demanava escriure constantment a 2on d&#039;ESO, em van vindre ganes de retrobar-me amb els meus escrits, i buscant pels calaixos em vaig trobar amb, possiblement, el millor que vaig escriure aquell any, una poesia dedicada als meus avis paterns\" \/>\n\t<meta name=\"robots\" content=\"max-image-preview:large\" \/>\n\t<meta name=\"author\" content=\"laia\"\/>\n\t<link rel=\"canonical\" href=\"https:\/\/elcabilo.com\/oloralapluja\/2009\/06\/13\/als-meus-avis-paterns\/\" \/>\n\t<meta name=\"generator\" content=\"All in One SEO (AIOSEO) 5.0.1\" \/>\n\t\t<meta property=\"og:locale\" content=\"ca_ES\" \/>\n\t\t<meta property=\"og:site_name\" content=\"*olora la pluja* - opinions,pensaments,llibres,m\u00fasica,not\u00edcies...Jo\" \/>\n\t\t<meta property=\"og:type\" content=\"article\" \/>\n\t\t<meta property=\"og:title\" content=\"Als meus avis paterns - *olora la pluja*\" \/>\n\t\t<meta property=\"og:description\" content=\"Quan vaig llegir a &quot;Oyendo el silencio&quot; les redaccions que Pep, el mestre de valenci\u00e0, ens demanava escriure constantment a 2on d&#039;ESO, em van vindre ganes de retrobar-me amb els meus escrits, i buscant pels calaixos em vaig trobar amb, possiblement, el millor que vaig escriure aquell any, una poesia dedicada als meus avis paterns\" \/>\n\t\t<meta property=\"og:url\" content=\"https:\/\/elcabilo.com\/oloralapluja\/2009\/06\/13\/als-meus-avis-paterns\/\" \/>\n\t\t<meta property=\"article:published_time\" content=\"2009-06-13T10:43:52+00:00\" \/>\n\t\t<meta property=\"article:modified_time\" content=\"2009-07-23T10:11:19+00:00\" \/>\n\t\t<meta name=\"twitter:card\" content=\"summary_large_image\" \/>\n\t\t<meta name=\"twitter:title\" content=\"Als meus avis paterns - *olora la pluja*\" \/>\n\t\t<meta name=\"twitter:description\" content=\"Quan vaig llegir a &quot;Oyendo el silencio&quot; les redaccions que Pep, el mestre de valenci\u00e0, ens demanava escriure constantment a 2on d&#039;ESO, em van vindre ganes de retrobar-me amb els meus escrits, i buscant pels calaixos em vaig trobar amb, possiblement, el millor que vaig escriure aquell any, una poesia dedicada als meus avis paterns\" \/>\n\t\t<script type=\"application\/ld+json\" class=\"aioseo-schema\">\n\t\t\t{\"@context\":\"https:\\\/\\\/schema.org\",\"@graph\":[{\"@type\":\"BlogPosting\",\"@id\":\"https:\\\/\\\/elcabilo.com\\\/oloralapluja\\\/2009\\\/06\\\/13\\\/als-meus-avis-paterns\\\/#blogposting\",\"name\":\"Als meus avis paterns - *olora la pluja*\",\"headline\":\"Als meus avis paterns\",\"author\":{\"@id\":\"https:\\\/\\\/elcabilo.com\\\/oloralapluja\\\/author\\\/laia\\\/#author\"},\"publisher\":{\"@id\":\"https:\\\/\\\/elcabilo.com\\\/oloralapluja\\\/#organization\"},\"datePublished\":\"2009-06-13T11:43:52+01:00\",\"dateModified\":\"2009-07-23T11:11:19+01:00\",\"inLanguage\":\"ca-ES\",\"commentCount\":24,\"mainEntityOfPage\":{\"@id\":\"https:\\\/\\\/elcabilo.com\\\/oloralapluja\\\/2009\\\/06\\\/13\\\/als-meus-avis-paterns\\\/#webpage\"},\"isPartOf\":{\"@id\":\"https:\\\/\\\/elcabilo.com\\\/oloralapluja\\\/2009\\\/06\\\/13\\\/als-meus-avis-paterns\\\/#webpage\"},\"articleSection\":\"el meu cap, el meu cor, m\\u00fasica i poesia, de poble, fam\\u00edlia, LAIA, poesia, Sella\"},{\"@type\":\"BreadcrumbList\",\"@id\":\"https:\\\/\\\/elcabilo.com\\\/oloralapluja\\\/2009\\\/06\\\/13\\\/als-meus-avis-paterns\\\/#breadcrumblist\",\"itemListElement\":[{\"@type\":\"ListItem\",\"@id\":\"https:\\\/\\\/elcabilo.com\\\/oloralapluja#listItem\",\"position\":1,\"name\":\"Home\",\"item\":\"https:\\\/\\\/elcabilo.com\\\/oloralapluja\",\"nextItem\":{\"@type\":\"ListItem\",\"@id\":\"https:\\\/\\\/elcabilo.com\\\/oloralapluja\\\/category\\\/musica-i-poesia\\\/#listItem\",\"name\":\"m\\u00fasica i poesia\"}},{\"@type\":\"ListItem\",\"@id\":\"https:\\\/\\\/elcabilo.com\\\/oloralapluja\\\/category\\\/musica-i-poesia\\\/#listItem\",\"position\":2,\"name\":\"m\\u00fasica i poesia\",\"item\":\"https:\\\/\\\/elcabilo.com\\\/oloralapluja\\\/category\\\/musica-i-poesia\\\/\",\"nextItem\":{\"@type\":\"ListItem\",\"@id\":\"https:\\\/\\\/elcabilo.com\\\/oloralapluja\\\/2009\\\/06\\\/13\\\/als-meus-avis-paterns\\\/#listItem\",\"name\":\"Als meus avis paterns\"},\"previousItem\":{\"@type\":\"ListItem\",\"@id\":\"https:\\\/\\\/elcabilo.com\\\/oloralapluja#listItem\",\"name\":\"Home\"}},{\"@type\":\"ListItem\",\"@id\":\"https:\\\/\\\/elcabilo.com\\\/oloralapluja\\\/2009\\\/06\\\/13\\\/als-meus-avis-paterns\\\/#listItem\",\"position\":3,\"name\":\"Als meus avis paterns\",\"previousItem\":{\"@type\":\"ListItem\",\"@id\":\"https:\\\/\\\/elcabilo.com\\\/oloralapluja\\\/category\\\/musica-i-poesia\\\/#listItem\",\"name\":\"m\\u00fasica i poesia\"}}]},{\"@type\":\"Organization\",\"@id\":\"https:\\\/\\\/elcabilo.com\\\/oloralapluja\\\/#organization\",\"name\":\"*olora la pluja*\",\"description\":\"opinions,pensaments,llibres,m\\u00fasica,not\\u00edcies...Jo\",\"url\":\"https:\\\/\\\/elcabilo.com\\\/oloralapluja\\\/\"},{\"@type\":\"Person\",\"@id\":\"https:\\\/\\\/elcabilo.com\\\/oloralapluja\\\/author\\\/laia\\\/#author\",\"url\":\"https:\\\/\\\/elcabilo.com\\\/oloralapluja\\\/author\\\/laia\\\/\",\"name\":\"laia\",\"image\":{\"@type\":\"ImageObject\",\"@id\":\"https:\\\/\\\/elcabilo.com\\\/oloralapluja\\\/2009\\\/06\\\/13\\\/als-meus-avis-paterns\\\/#authorImage\",\"url\":\"https:\\\/\\\/secure.gravatar.com\\\/avatar\\\/c3a976653720816565737620bf836e058decb6a4bcb52766116c79e1859942b8?s=96&d=mm&r=g\",\"width\":96,\"height\":96,\"caption\":\"laia\"}},{\"@type\":\"WebPage\",\"@id\":\"https:\\\/\\\/elcabilo.com\\\/oloralapluja\\\/2009\\\/06\\\/13\\\/als-meus-avis-paterns\\\/#webpage\",\"url\":\"https:\\\/\\\/elcabilo.com\\\/oloralapluja\\\/2009\\\/06\\\/13\\\/als-meus-avis-paterns\\\/\",\"name\":\"Als meus avis paterns - *olora la pluja*\",\"description\":\"Quan vaig llegir a \\\"Oyendo el silencio\\\" les redaccions que Pep, el mestre de valenci\\u00e0, ens demanava escriure constantment a 2on d'ESO, em van vindre ganes de retrobar-me amb els meus escrits, i buscant pels calaixos em vaig trobar amb, possiblement, el millor que vaig escriure aquell any, una poesia dedicada als meus avis paterns\",\"inLanguage\":\"ca-ES\",\"isPartOf\":{\"@id\":\"https:\\\/\\\/elcabilo.com\\\/oloralapluja\\\/#website\"},\"breadcrumb\":{\"@id\":\"https:\\\/\\\/elcabilo.com\\\/oloralapluja\\\/2009\\\/06\\\/13\\\/als-meus-avis-paterns\\\/#breadcrumblist\"},\"author\":{\"@id\":\"https:\\\/\\\/elcabilo.com\\\/oloralapluja\\\/author\\\/laia\\\/#author\"},\"creator\":{\"@id\":\"https:\\\/\\\/elcabilo.com\\\/oloralapluja\\\/author\\\/laia\\\/#author\"},\"datePublished\":\"2009-06-13T11:43:52+01:00\",\"dateModified\":\"2009-07-23T11:11:19+01:00\"},{\"@type\":\"WebSite\",\"@id\":\"https:\\\/\\\/elcabilo.com\\\/oloralapluja\\\/#website\",\"url\":\"https:\\\/\\\/elcabilo.com\\\/oloralapluja\\\/\",\"name\":\"*olora la pluja*\",\"description\":\"opinions,pensaments,llibres,m\\u00fasica,not\\u00edcies...Jo\",\"inLanguage\":\"ca-ES\",\"publisher\":{\"@id\":\"https:\\\/\\\/elcabilo.com\\\/oloralapluja\\\/#organization\"}}]}\n\t\t<\/script>\n\t\t<!-- All in One SEO -->\n\n","aioseo_head_json":{"title":"Als meus avis paterns - *olora la pluja*","description":"Quan vaig llegir a \"Oyendo el silencio\" les redaccions que Pep, el mestre de valenci\u00e0, ens demanava escriure constantment a 2on d'ESO, em van vindre ganes de retrobar-me amb els meus escrits, i buscant pels calaixos em vaig trobar amb, possiblement, el millor que vaig escriure aquell any, una poesia dedicada als meus avis paterns","canonical_url":"https:\/\/elcabilo.com\/oloralapluja\/2009\/06\/13\/als-meus-avis-paterns\/","robots":"max-image-preview:large","keywords":"","webmasterTools":{"miscellaneous":""},"schema":{"@context":"https:\/\/schema.org","@graph":[{"@type":"BlogPosting","@id":"https:\/\/elcabilo.com\/oloralapluja\/2009\/06\/13\/als-meus-avis-paterns\/#blogposting","name":"Als meus avis paterns - *olora la pluja*","headline":"Als meus avis paterns","author":{"@id":"https:\/\/elcabilo.com\/oloralapluja\/author\/laia\/#author"},"publisher":{"@id":"https:\/\/elcabilo.com\/oloralapluja\/#organization"},"datePublished":"2009-06-13T11:43:52+01:00","dateModified":"2009-07-23T11:11:19+01:00","inLanguage":"ca-ES","commentCount":24,"mainEntityOfPage":{"@id":"https:\/\/elcabilo.com\/oloralapluja\/2009\/06\/13\/als-meus-avis-paterns\/#webpage"},"isPartOf":{"@id":"https:\/\/elcabilo.com\/oloralapluja\/2009\/06\/13\/als-meus-avis-paterns\/#webpage"},"articleSection":"el meu cap, el meu cor, m\u00fasica i poesia, de poble, fam\u00edlia, LAIA, poesia, Sella"},{"@type":"BreadcrumbList","@id":"https:\/\/elcabilo.com\/oloralapluja\/2009\/06\/13\/als-meus-avis-paterns\/#breadcrumblist","itemListElement":[{"@type":"ListItem","@id":"https:\/\/elcabilo.com\/oloralapluja#listItem","position":1,"name":"Home","item":"https:\/\/elcabilo.com\/oloralapluja","nextItem":{"@type":"ListItem","@id":"https:\/\/elcabilo.com\/oloralapluja\/category\/musica-i-poesia\/#listItem","name":"m\u00fasica i poesia"}},{"@type":"ListItem","@id":"https:\/\/elcabilo.com\/oloralapluja\/category\/musica-i-poesia\/#listItem","position":2,"name":"m\u00fasica i poesia","item":"https:\/\/elcabilo.com\/oloralapluja\/category\/musica-i-poesia\/","nextItem":{"@type":"ListItem","@id":"https:\/\/elcabilo.com\/oloralapluja\/2009\/06\/13\/als-meus-avis-paterns\/#listItem","name":"Als meus avis paterns"},"previousItem":{"@type":"ListItem","@id":"https:\/\/elcabilo.com\/oloralapluja#listItem","name":"Home"}},{"@type":"ListItem","@id":"https:\/\/elcabilo.com\/oloralapluja\/2009\/06\/13\/als-meus-avis-paterns\/#listItem","position":3,"name":"Als meus avis paterns","previousItem":{"@type":"ListItem","@id":"https:\/\/elcabilo.com\/oloralapluja\/category\/musica-i-poesia\/#listItem","name":"m\u00fasica i poesia"}}]},{"@type":"Organization","@id":"https:\/\/elcabilo.com\/oloralapluja\/#organization","name":"*olora la pluja*","description":"opinions,pensaments,llibres,m\u00fasica,not\u00edcies...Jo","url":"https:\/\/elcabilo.com\/oloralapluja\/"},{"@type":"Person","@id":"https:\/\/elcabilo.com\/oloralapluja\/author\/laia\/#author","url":"https:\/\/elcabilo.com\/oloralapluja\/author\/laia\/","name":"laia","image":{"@type":"ImageObject","@id":"https:\/\/elcabilo.com\/oloralapluja\/2009\/06\/13\/als-meus-avis-paterns\/#authorImage","url":"https:\/\/secure.gravatar.com\/avatar\/c3a976653720816565737620bf836e058decb6a4bcb52766116c79e1859942b8?s=96&d=mm&r=g","width":96,"height":96,"caption":"laia"}},{"@type":"WebPage","@id":"https:\/\/elcabilo.com\/oloralapluja\/2009\/06\/13\/als-meus-avis-paterns\/#webpage","url":"https:\/\/elcabilo.com\/oloralapluja\/2009\/06\/13\/als-meus-avis-paterns\/","name":"Als meus avis paterns - *olora la pluja*","description":"Quan vaig llegir a \"Oyendo el silencio\" les redaccions que Pep, el mestre de valenci\u00e0, ens demanava escriure constantment a 2on d'ESO, em van vindre ganes de retrobar-me amb els meus escrits, i buscant pels calaixos em vaig trobar amb, possiblement, el millor que vaig escriure aquell any, una poesia dedicada als meus avis paterns","inLanguage":"ca-ES","isPartOf":{"@id":"https:\/\/elcabilo.com\/oloralapluja\/#website"},"breadcrumb":{"@id":"https:\/\/elcabilo.com\/oloralapluja\/2009\/06\/13\/als-meus-avis-paterns\/#breadcrumblist"},"author":{"@id":"https:\/\/elcabilo.com\/oloralapluja\/author\/laia\/#author"},"creator":{"@id":"https:\/\/elcabilo.com\/oloralapluja\/author\/laia\/#author"},"datePublished":"2009-06-13T11:43:52+01:00","dateModified":"2009-07-23T11:11:19+01:00"},{"@type":"WebSite","@id":"https:\/\/elcabilo.com\/oloralapluja\/#website","url":"https:\/\/elcabilo.com\/oloralapluja\/","name":"*olora la pluja*","description":"opinions,pensaments,llibres,m\u00fasica,not\u00edcies...Jo","inLanguage":"ca-ES","publisher":{"@id":"https:\/\/elcabilo.com\/oloralapluja\/#organization"}}]},"og:locale":"ca_ES","og:site_name":"*olora la pluja* - opinions,pensaments,llibres,m\u00fasica,not\u00edcies...Jo","og:type":"article","og:title":"Als meus avis paterns - *olora la pluja*","og:description":"Quan vaig llegir a &quot;Oyendo el silencio&quot; les redaccions que Pep, el mestre de valenci\u00e0, ens demanava escriure constantment a 2on d'ESO, em van vindre ganes de retrobar-me amb els meus escrits, i buscant pels calaixos em vaig trobar amb, possiblement, el millor que vaig escriure aquell any, una poesia dedicada als meus avis paterns","og:url":"https:\/\/elcabilo.com\/oloralapluja\/2009\/06\/13\/als-meus-avis-paterns\/","article:published_time":"2009-06-13T10:43:52+00:00","article:modified_time":"2009-07-23T10:11:19+00:00","twitter:card":"summary_large_image","twitter:title":"Als meus avis paterns - *olora la pluja*","twitter:description":"Quan vaig llegir a &quot;Oyendo el silencio&quot; les redaccions que Pep, el mestre de valenci\u00e0, ens demanava escriure constantment a 2on d'ESO, em van vindre ganes de retrobar-me amb els meus escrits, i buscant pels calaixos em vaig trobar amb, possiblement, el millor que vaig escriure aquell any, una poesia dedicada als meus avis paterns"},"aioseo_meta_data":{"post_id":"234","title":null,"description":null,"keywords":null,"keyphrases":null,"primary_term":null,"canonical_url":null,"og_title":null,"og_description":null,"og_object_type":"default","og_image_type":"default","og_image_url":null,"og_image_width":null,"og_image_height":null,"og_image_custom_url":null,"og_image_custom_fields":null,"og_video":null,"og_custom_url":null,"og_article_section":null,"og_article_tags":null,"twitter_use_og":false,"twitter_card":"default","twitter_image_type":"default","twitter_image_url":null,"twitter_image_custom_url":null,"twitter_image_custom_fields":null,"twitter_title":null,"twitter_description":null,"schema":{"blockGraphs":[],"customGraphs":[],"default":{"data":{"Article":[],"Course":[],"Dataset":[],"FAQPage":[],"Movie":[],"Person":[],"Product":[],"ProductReview":[],"Car":[],"Recipe":[],"Service":[],"SoftwareApplication":[],"WebPage":[]},"graphName":"","isEnabled":true},"graphs":[]},"schema_type":"default","schema_type_options":null,"pillar_content":false,"robots_default":true,"robots_noindex":false,"robots_noarchive":false,"robots_nosnippet":false,"robots_nofollow":false,"robots_noimageindex":false,"robots_noodp":false,"robots_notranslate":false,"robots_max_snippet":null,"robots_max_videopreview":null,"robots_max_imagepreview":"large","priority":null,"frequency":null,"local_seo":null,"breadcrumb_settings":null,"limit_modified_date":false,"ai":null,"created":"2023-02-19 11:59:58","updated":"2025-06-09 02:11:32","seo_analyzer_scan_date":null,"focus_keyword":null,"additional_keywords":null,"truseo_locale":null},"aioseo_breadcrumb":"<div class=\"aioseo-breadcrumbs\"><span class=\"aioseo-breadcrumb\">\n\t\t\t<a href=\"https:\/\/elcabilo.com\/oloralapluja\" title=\"Home\">Home<\/a>\n\t\t<\/span><span class=\"aioseo-breadcrumb-separator\">\u00bb<\/span><span class=\"aioseo-breadcrumb\">\n\t\t\t<a href=\"https:\/\/elcabilo.com\/oloralapluja\/category\/musica-i-poesia\/\" title=\"m\u00fasica i poesia\">m\u00fasica i poesia<\/a>\n\t\t<\/span><span class=\"aioseo-breadcrumb-separator\">\u00bb<\/span><span class=\"aioseo-breadcrumb\">\n\t\t\tAls meus avis paterns\n\t\t<\/span><\/div>","aioseo_breadcrumb_json":[{"label":"Home","link":"https:\/\/elcabilo.com\/oloralapluja"},{"label":"m\u00fasica i poesia","link":"https:\/\/elcabilo.com\/oloralapluja\/category\/musica-i-poesia\/"},{"label":"Als meus avis paterns","link":"https:\/\/elcabilo.com\/oloralapluja\/2009\/06\/13\/als-meus-avis-paterns\/"}],"_links":{"self":[{"href":"https:\/\/elcabilo.com\/oloralapluja\/wp-json\/wp\/v2\/posts\/234","targetHints":{"allow":["GET"]}}],"collection":[{"href":"https:\/\/elcabilo.com\/oloralapluja\/wp-json\/wp\/v2\/posts"}],"about":[{"href":"https:\/\/elcabilo.com\/oloralapluja\/wp-json\/wp\/v2\/types\/post"}],"author":[{"embeddable":true,"href":"https:\/\/elcabilo.com\/oloralapluja\/wp-json\/wp\/v2\/users\/196"}],"replies":[{"embeddable":true,"href":"https:\/\/elcabilo.com\/oloralapluja\/wp-json\/wp\/v2\/comments?post=234"}],"version-history":[{"count":6,"href":"https:\/\/elcabilo.com\/oloralapluja\/wp-json\/wp\/v2\/posts\/234\/revisions"}],"predecessor-version":[{"id":266,"href":"https:\/\/elcabilo.com\/oloralapluja\/wp-json\/wp\/v2\/posts\/234\/revisions\/266"}],"wp:attachment":[{"href":"https:\/\/elcabilo.com\/oloralapluja\/wp-json\/wp\/v2\/media?parent=234"}],"wp:term":[{"taxonomy":"category","embeddable":true,"href":"https:\/\/elcabilo.com\/oloralapluja\/wp-json\/wp\/v2\/categories?post=234"},{"taxonomy":"post_tag","embeddable":true,"href":"https:\/\/elcabilo.com\/oloralapluja\/wp-json\/wp\/v2\/tags?post=234"}],"curies":[{"name":"wp","href":"https:\/\/api.w.org\/{rel}","templated":true}]}}