{"id":297,"date":"2009-08-08T12:44:51","date_gmt":"2009-08-08T11:44:51","guid":{"rendered":"http:\/\/elcabilo.com\/oloralapluja\/?p=297"},"modified":"2009-08-08T12:49:12","modified_gmt":"2009-08-08T11:49:12","slug":"vicent-andres-estelles","status":"publish","type":"post","link":"https:\/\/elcabilo.com\/oloralapluja\/2009\/08\/08\/vicent-andres-estelles\/","title":{"rendered":"Vicent Andr\u00e9s Estell\u00e9s"},"content":{"rendered":"<p style=\"margin-bottom: 0pt\"><span><em>Estava el mort dins el ta\u00fct, i feia<\/em><\/span><\/p>\n<p style=\"margin-bottom: 0pt\"><span><em>un fred de mil dimonis, diuen, i<\/em><\/span><\/p>\n<p style=\"margin-bottom: 0pt\"><span><em>tenia son i cansament, i veia<\/em><\/span><\/p>\n<p style=\"margin-bottom: 0pt\"><span><em>el mort a gust en el ta\u00fct i veia<\/em><\/span><\/p>\n<p style=\"margin-bottom: 0pt\"><span style=\"font-size: 10pt;color: black;font-family: &quot;Georgia&quot;,&quot;serif&#038;quot\">\u00a0<\/span><\/p>\n<p style=\"margin-bottom: 0pt\"><span><em>el funerari i vellutat confort,<\/em><\/span><\/p>\n<p style=\"margin-bottom: 0pt\"><span><em>i ja pensava, com unes vacances,<\/em><\/span><\/p>\n<p style=\"margin-bottom: 0pt\"><span><em>aquell futur de muntonet de cendra,<\/em><\/span><\/p>\n<p style=\"margin-bottom: 0pt\"><span><em>una tovor, i es delit\u00e0; i de sobte<\/em><\/span><\/p>\n<p style=\"margin-bottom: 0pt\"><span style=\"font-size: 10pt;color: black;font-family: &quot;Georgia&quot;,&quot;serif&#038;quot\">\u00a0<\/span><\/p>\n<p style=\"margin-bottom: 0pt\"><span><em>mir\u00e0 un costat i l&#8217;altre, i agaf\u00e0<\/em><\/span><\/p>\n<p style=\"margin-bottom: 0pt\"><span><em>el mort i l&#8217;amag\u00e0 sota la taula<\/em><\/span><\/p>\n<p style=\"margin-bottom: 0pt\"><span><em>i es va ficar en el ta\u00fct, feli\u00e7,<\/em><\/span><\/p>\n<p style=\"margin-bottom: 0pt\"><span style=\"font-size: 10pt;color: black;font-family: &quot;Georgia&quot;,&quot;serif&#038;quot\">\u00a0<\/span><\/p>\n<p style=\"margin-bottom: 0pt\"><span><em>i la felicitat li don\u00e0 al rostre<\/em><\/span><\/p>\n<p style=\"margin-bottom: 0pt\"><span><em>un complagut i arcaic color de cera<\/em><\/span><\/p>\n<p style=\"margin-bottom: 0pt\"><span><em>dins el caix\u00f3 individual i c\u00f2mode<\/em><\/span><\/p>\n<p>\u00a0<\/p>\n<address><\/address>\n<address>Vicent Andr\u00e9s Estell\u00e9s, 44<\/address>\n","protected":false},"excerpt":{"rendered":"<p>Estava el mort dins el ta\u00fct, i feia un fred de mil dimonis, diuen, i tenia son i cansament, i veia el mort a gust en el ta\u00fct i veia \u00a0 el funerari i vellutat confort, i ja pensava, com unes vacances, aquell futur de muntonet de cendra, una tovor, i es delit\u00e0; i de [&hellip;]<\/p>\n","protected":false},"author":196,"featured_media":0,"comment_status":"open","ping_status":"open","sticky":false,"template":"","format":"standard","meta":{"_exactmetrics_skip_tracking":false,"footnotes":""},"categories":[2263],"tags":[2323,2006],"class_list":["post-297","post","type-post","status-publish","format-standard","hentry","category-musica-i-poesia","tag-gracios","tag-poesia"],"aioseo_notices":[],"aioseo_head":"\n\t\t<!-- All in One SEO 5.0.1 - aioseo.com -->\n\t<meta name=\"description\" content=\"Estava el mort dins el ta\u00fct, i feia un fred de mil dimonis, diuen, i tenia son i cansament, i veia el mort a gust en el ta\u00fct i veia el funerari i vellutat confort, i ja pensava, com unes vacances, aquell futur de muntonet de cendra, una tovor, i es delit\u00e0; i de\" \/>\n\t<meta name=\"robots\" content=\"max-image-preview:large\" \/>\n\t<meta name=\"author\" content=\"laia\"\/>\n\t<link rel=\"canonical\" href=\"https:\/\/elcabilo.com\/oloralapluja\/2009\/08\/08\/vicent-andres-estelles\/\" \/>\n\t<meta name=\"generator\" content=\"All in One SEO (AIOSEO) 5.0.1\" \/>\n\t\t<meta property=\"og:locale\" content=\"ca_ES\" \/>\n\t\t<meta property=\"og:site_name\" content=\"*olora la pluja* - opinions,pensaments,llibres,m\u00fasica,not\u00edcies...Jo\" \/>\n\t\t<meta property=\"og:type\" content=\"article\" \/>\n\t\t<meta property=\"og:title\" content=\"Vicent Andr\u00e9s Estell\u00e9s - *olora la pluja*\" \/>\n\t\t<meta property=\"og:description\" content=\"Estava el mort dins el ta\u00fct, i feia un fred de mil dimonis, diuen, i tenia son i cansament, i veia el mort a gust en el ta\u00fct i veia el funerari i vellutat confort, i ja pensava, com unes vacances, aquell futur de muntonet de cendra, una tovor, i es delit\u00e0; i de\" \/>\n\t\t<meta property=\"og:url\" content=\"https:\/\/elcabilo.com\/oloralapluja\/2009\/08\/08\/vicent-andres-estelles\/\" \/>\n\t\t<meta property=\"article:published_time\" content=\"2009-08-08T11:44:51+00:00\" \/>\n\t\t<meta property=\"article:modified_time\" content=\"2009-08-08T11:49:12+00:00\" \/>\n\t\t<meta name=\"twitter:card\" content=\"summary_large_image\" \/>\n\t\t<meta name=\"twitter:title\" content=\"Vicent Andr\u00e9s Estell\u00e9s - *olora la pluja*\" \/>\n\t\t<meta name=\"twitter:description\" content=\"Estava el mort dins el ta\u00fct, i feia un fred de mil dimonis, diuen, i tenia son i cansament, i veia el mort a gust en el ta\u00fct i veia el funerari i vellutat confort, i ja pensava, com unes vacances, aquell futur de muntonet de cendra, una tovor, i es delit\u00e0; i de\" \/>\n\t\t<script type=\"application\/ld+json\" class=\"aioseo-schema\">\n\t\t\t{\"@context\":\"https:\\\/\\\/schema.org\",\"@graph\":[{\"@type\":\"BlogPosting\",\"@id\":\"https:\\\/\\\/elcabilo.com\\\/oloralapluja\\\/2009\\\/08\\\/08\\\/vicent-andres-estelles\\\/#blogposting\",\"name\":\"Vicent Andr\\u00e9s Estell\\u00e9s - *olora la pluja*\",\"headline\":\"Vicent Andr\\u00e9s Estell\\u00e9s\",\"author\":{\"@id\":\"https:\\\/\\\/elcabilo.com\\\/oloralapluja\\\/author\\\/laia\\\/#author\"},\"publisher\":{\"@id\":\"https:\\\/\\\/elcabilo.com\\\/oloralapluja\\\/#organization\"},\"datePublished\":\"2009-08-08T12:44:51+01:00\",\"dateModified\":\"2009-08-08T12:49:12+01:00\",\"inLanguage\":\"ca-ES\",\"commentCount\":6,\"mainEntityOfPage\":{\"@id\":\"https:\\\/\\\/elcabilo.com\\\/oloralapluja\\\/2009\\\/08\\\/08\\\/vicent-andres-estelles\\\/#webpage\"},\"isPartOf\":{\"@id\":\"https:\\\/\\\/elcabilo.com\\\/oloralapluja\\\/2009\\\/08\\\/08\\\/vicent-andres-estelles\\\/#webpage\"},\"articleSection\":\"m\\u00fasica i poesia, graci\\u00f3s, poesia\"},{\"@type\":\"BreadcrumbList\",\"@id\":\"https:\\\/\\\/elcabilo.com\\\/oloralapluja\\\/2009\\\/08\\\/08\\\/vicent-andres-estelles\\\/#breadcrumblist\",\"itemListElement\":[{\"@type\":\"ListItem\",\"@id\":\"https:\\\/\\\/elcabilo.com\\\/oloralapluja#listItem\",\"position\":1,\"name\":\"Home\",\"item\":\"https:\\\/\\\/elcabilo.com\\\/oloralapluja\",\"nextItem\":{\"@type\":\"ListItem\",\"@id\":\"https:\\\/\\\/elcabilo.com\\\/oloralapluja\\\/category\\\/musica-i-poesia\\\/#listItem\",\"name\":\"m\\u00fasica i poesia\"}},{\"@type\":\"ListItem\",\"@id\":\"https:\\\/\\\/elcabilo.com\\\/oloralapluja\\\/category\\\/musica-i-poesia\\\/#listItem\",\"position\":2,\"name\":\"m\\u00fasica i poesia\",\"item\":\"https:\\\/\\\/elcabilo.com\\\/oloralapluja\\\/category\\\/musica-i-poesia\\\/\",\"nextItem\":{\"@type\":\"ListItem\",\"@id\":\"https:\\\/\\\/elcabilo.com\\\/oloralapluja\\\/2009\\\/08\\\/08\\\/vicent-andres-estelles\\\/#listItem\",\"name\":\"Vicent Andr\\u00e9s Estell\\u00e9s\"},\"previousItem\":{\"@type\":\"ListItem\",\"@id\":\"https:\\\/\\\/elcabilo.com\\\/oloralapluja#listItem\",\"name\":\"Home\"}},{\"@type\":\"ListItem\",\"@id\":\"https:\\\/\\\/elcabilo.com\\\/oloralapluja\\\/2009\\\/08\\\/08\\\/vicent-andres-estelles\\\/#listItem\",\"position\":3,\"name\":\"Vicent Andr\\u00e9s Estell\\u00e9s\",\"previousItem\":{\"@type\":\"ListItem\",\"@id\":\"https:\\\/\\\/elcabilo.com\\\/oloralapluja\\\/category\\\/musica-i-poesia\\\/#listItem\",\"name\":\"m\\u00fasica i poesia\"}}]},{\"@type\":\"Organization\",\"@id\":\"https:\\\/\\\/elcabilo.com\\\/oloralapluja\\\/#organization\",\"name\":\"*olora la pluja*\",\"description\":\"opinions,pensaments,llibres,m\\u00fasica,not\\u00edcies...Jo\",\"url\":\"https:\\\/\\\/elcabilo.com\\\/oloralapluja\\\/\"},{\"@type\":\"Person\",\"@id\":\"https:\\\/\\\/elcabilo.com\\\/oloralapluja\\\/author\\\/laia\\\/#author\",\"url\":\"https:\\\/\\\/elcabilo.com\\\/oloralapluja\\\/author\\\/laia\\\/\",\"name\":\"laia\",\"image\":{\"@type\":\"ImageObject\",\"@id\":\"https:\\\/\\\/elcabilo.com\\\/oloralapluja\\\/2009\\\/08\\\/08\\\/vicent-andres-estelles\\\/#authorImage\",\"url\":\"https:\\\/\\\/secure.gravatar.com\\\/avatar\\\/c3a976653720816565737620bf836e058decb6a4bcb52766116c79e1859942b8?s=96&d=mm&r=g\",\"width\":96,\"height\":96,\"caption\":\"laia\"}},{\"@type\":\"WebPage\",\"@id\":\"https:\\\/\\\/elcabilo.com\\\/oloralapluja\\\/2009\\\/08\\\/08\\\/vicent-andres-estelles\\\/#webpage\",\"url\":\"https:\\\/\\\/elcabilo.com\\\/oloralapluja\\\/2009\\\/08\\\/08\\\/vicent-andres-estelles\\\/\",\"name\":\"Vicent Andr\\u00e9s Estell\\u00e9s - *olora la pluja*\",\"description\":\"Estava el mort dins el ta\\u00fct, i feia un fred de mil dimonis, diuen, i tenia son i cansament, i veia el mort a gust en el ta\\u00fct i veia el funerari i vellutat confort, i ja pensava, com unes vacances, aquell futur de muntonet de cendra, una tovor, i es delit\\u00e0; i de\",\"inLanguage\":\"ca-ES\",\"isPartOf\":{\"@id\":\"https:\\\/\\\/elcabilo.com\\\/oloralapluja\\\/#website\"},\"breadcrumb\":{\"@id\":\"https:\\\/\\\/elcabilo.com\\\/oloralapluja\\\/2009\\\/08\\\/08\\\/vicent-andres-estelles\\\/#breadcrumblist\"},\"author\":{\"@id\":\"https:\\\/\\\/elcabilo.com\\\/oloralapluja\\\/author\\\/laia\\\/#author\"},\"creator\":{\"@id\":\"https:\\\/\\\/elcabilo.com\\\/oloralapluja\\\/author\\\/laia\\\/#author\"},\"datePublished\":\"2009-08-08T12:44:51+01:00\",\"dateModified\":\"2009-08-08T12:49:12+01:00\"},{\"@type\":\"WebSite\",\"@id\":\"https:\\\/\\\/elcabilo.com\\\/oloralapluja\\\/#website\",\"url\":\"https:\\\/\\\/elcabilo.com\\\/oloralapluja\\\/\",\"name\":\"*olora la pluja*\",\"description\":\"opinions,pensaments,llibres,m\\u00fasica,not\\u00edcies...Jo\",\"inLanguage\":\"ca-ES\",\"publisher\":{\"@id\":\"https:\\\/\\\/elcabilo.com\\\/oloralapluja\\\/#organization\"}}]}\n\t\t<\/script>\n\t\t<!-- All in One SEO -->\n\n","aioseo_head_json":{"title":"Vicent Andr\u00e9s Estell\u00e9s - *olora la pluja*","description":"Estava el mort dins el ta\u00fct, i feia un fred de mil dimonis, diuen, i tenia son i cansament, i veia el mort a gust en el ta\u00fct i veia el funerari i vellutat confort, i ja pensava, com unes vacances, aquell futur de muntonet de cendra, una tovor, i es delit\u00e0; i de","canonical_url":"https:\/\/elcabilo.com\/oloralapluja\/2009\/08\/08\/vicent-andres-estelles\/","robots":"max-image-preview:large","keywords":"","webmasterTools":{"miscellaneous":""},"schema":{"@context":"https:\/\/schema.org","@graph":[{"@type":"BlogPosting","@id":"https:\/\/elcabilo.com\/oloralapluja\/2009\/08\/08\/vicent-andres-estelles\/#blogposting","name":"Vicent Andr\u00e9s Estell\u00e9s - *olora la pluja*","headline":"Vicent Andr\u00e9s Estell\u00e9s","author":{"@id":"https:\/\/elcabilo.com\/oloralapluja\/author\/laia\/#author"},"publisher":{"@id":"https:\/\/elcabilo.com\/oloralapluja\/#organization"},"datePublished":"2009-08-08T12:44:51+01:00","dateModified":"2009-08-08T12:49:12+01:00","inLanguage":"ca-ES","commentCount":6,"mainEntityOfPage":{"@id":"https:\/\/elcabilo.com\/oloralapluja\/2009\/08\/08\/vicent-andres-estelles\/#webpage"},"isPartOf":{"@id":"https:\/\/elcabilo.com\/oloralapluja\/2009\/08\/08\/vicent-andres-estelles\/#webpage"},"articleSection":"m\u00fasica i poesia, graci\u00f3s, poesia"},{"@type":"BreadcrumbList","@id":"https:\/\/elcabilo.com\/oloralapluja\/2009\/08\/08\/vicent-andres-estelles\/#breadcrumblist","itemListElement":[{"@type":"ListItem","@id":"https:\/\/elcabilo.com\/oloralapluja#listItem","position":1,"name":"Home","item":"https:\/\/elcabilo.com\/oloralapluja","nextItem":{"@type":"ListItem","@id":"https:\/\/elcabilo.com\/oloralapluja\/category\/musica-i-poesia\/#listItem","name":"m\u00fasica i poesia"}},{"@type":"ListItem","@id":"https:\/\/elcabilo.com\/oloralapluja\/category\/musica-i-poesia\/#listItem","position":2,"name":"m\u00fasica i poesia","item":"https:\/\/elcabilo.com\/oloralapluja\/category\/musica-i-poesia\/","nextItem":{"@type":"ListItem","@id":"https:\/\/elcabilo.com\/oloralapluja\/2009\/08\/08\/vicent-andres-estelles\/#listItem","name":"Vicent Andr\u00e9s Estell\u00e9s"},"previousItem":{"@type":"ListItem","@id":"https:\/\/elcabilo.com\/oloralapluja#listItem","name":"Home"}},{"@type":"ListItem","@id":"https:\/\/elcabilo.com\/oloralapluja\/2009\/08\/08\/vicent-andres-estelles\/#listItem","position":3,"name":"Vicent Andr\u00e9s Estell\u00e9s","previousItem":{"@type":"ListItem","@id":"https:\/\/elcabilo.com\/oloralapluja\/category\/musica-i-poesia\/#listItem","name":"m\u00fasica i poesia"}}]},{"@type":"Organization","@id":"https:\/\/elcabilo.com\/oloralapluja\/#organization","name":"*olora la pluja*","description":"opinions,pensaments,llibres,m\u00fasica,not\u00edcies...Jo","url":"https:\/\/elcabilo.com\/oloralapluja\/"},{"@type":"Person","@id":"https:\/\/elcabilo.com\/oloralapluja\/author\/laia\/#author","url":"https:\/\/elcabilo.com\/oloralapluja\/author\/laia\/","name":"laia","image":{"@type":"ImageObject","@id":"https:\/\/elcabilo.com\/oloralapluja\/2009\/08\/08\/vicent-andres-estelles\/#authorImage","url":"https:\/\/secure.gravatar.com\/avatar\/c3a976653720816565737620bf836e058decb6a4bcb52766116c79e1859942b8?s=96&d=mm&r=g","width":96,"height":96,"caption":"laia"}},{"@type":"WebPage","@id":"https:\/\/elcabilo.com\/oloralapluja\/2009\/08\/08\/vicent-andres-estelles\/#webpage","url":"https:\/\/elcabilo.com\/oloralapluja\/2009\/08\/08\/vicent-andres-estelles\/","name":"Vicent Andr\u00e9s Estell\u00e9s - *olora la pluja*","description":"Estava el mort dins el ta\u00fct, i feia un fred de mil dimonis, diuen, i tenia son i cansament, i veia el mort a gust en el ta\u00fct i veia el funerari i vellutat confort, i ja pensava, com unes vacances, aquell futur de muntonet de cendra, una tovor, i es delit\u00e0; i de","inLanguage":"ca-ES","isPartOf":{"@id":"https:\/\/elcabilo.com\/oloralapluja\/#website"},"breadcrumb":{"@id":"https:\/\/elcabilo.com\/oloralapluja\/2009\/08\/08\/vicent-andres-estelles\/#breadcrumblist"},"author":{"@id":"https:\/\/elcabilo.com\/oloralapluja\/author\/laia\/#author"},"creator":{"@id":"https:\/\/elcabilo.com\/oloralapluja\/author\/laia\/#author"},"datePublished":"2009-08-08T12:44:51+01:00","dateModified":"2009-08-08T12:49:12+01:00"},{"@type":"WebSite","@id":"https:\/\/elcabilo.com\/oloralapluja\/#website","url":"https:\/\/elcabilo.com\/oloralapluja\/","name":"*olora la pluja*","description":"opinions,pensaments,llibres,m\u00fasica,not\u00edcies...Jo","inLanguage":"ca-ES","publisher":{"@id":"https:\/\/elcabilo.com\/oloralapluja\/#organization"}}]},"og:locale":"ca_ES","og:site_name":"*olora la pluja* - opinions,pensaments,llibres,m\u00fasica,not\u00edcies...Jo","og:type":"article","og:title":"Vicent Andr\u00e9s Estell\u00e9s - *olora la pluja*","og:description":"Estava el mort dins el ta\u00fct, i feia un fred de mil dimonis, diuen, i tenia son i cansament, i veia el mort a gust en el ta\u00fct i veia el funerari i vellutat confort, i ja pensava, com unes vacances, aquell futur de muntonet de cendra, una tovor, i es delit\u00e0; i de","og:url":"https:\/\/elcabilo.com\/oloralapluja\/2009\/08\/08\/vicent-andres-estelles\/","article:published_time":"2009-08-08T11:44:51+00:00","article:modified_time":"2009-08-08T11:49:12+00:00","twitter:card":"summary_large_image","twitter:title":"Vicent Andr\u00e9s Estell\u00e9s - *olora la pluja*","twitter:description":"Estava el mort dins el ta\u00fct, i feia un fred de mil dimonis, diuen, i tenia son i cansament, i veia el mort a gust en el ta\u00fct i veia el funerari i vellutat confort, i ja pensava, com unes vacances, aquell futur de muntonet de cendra, una tovor, i es delit\u00e0; i de"},"aioseo_meta_data":{"post_id":"297","title":null,"description":null,"keywords":null,"keyphrases":null,"primary_term":null,"canonical_url":null,"og_title":null,"og_description":null,"og_object_type":"default","og_image_type":"default","og_image_url":null,"og_image_width":null,"og_image_height":null,"og_image_custom_url":null,"og_image_custom_fields":null,"og_video":null,"og_custom_url":null,"og_article_section":null,"og_article_tags":null,"twitter_use_og":false,"twitter_card":"default","twitter_image_type":"default","twitter_image_url":null,"twitter_image_custom_url":null,"twitter_image_custom_fields":null,"twitter_title":null,"twitter_description":null,"schema":{"blockGraphs":[],"customGraphs":[],"default":{"data":{"Article":[],"Course":[],"Dataset":[],"FAQPage":[],"Movie":[],"Person":[],"Product":[],"ProductReview":[],"Car":[],"Recipe":[],"Service":[],"SoftwareApplication":[],"WebPage":[]},"graphName":"","isEnabled":true},"graphs":[]},"schema_type":"default","schema_type_options":null,"pillar_content":false,"robots_default":true,"robots_noindex":false,"robots_noarchive":false,"robots_nosnippet":false,"robots_nofollow":false,"robots_noimageindex":false,"robots_noodp":false,"robots_notranslate":false,"robots_max_snippet":null,"robots_max_videopreview":null,"robots_max_imagepreview":"large","priority":null,"frequency":null,"local_seo":null,"breadcrumb_settings":null,"limit_modified_date":false,"ai":null,"created":"2023-02-20 05:33:23","updated":"2025-06-09 02:13:20","seo_analyzer_scan_date":null,"focus_keyword":null,"additional_keywords":null,"truseo_locale":null},"aioseo_breadcrumb":"<div class=\"aioseo-breadcrumbs\"><span class=\"aioseo-breadcrumb\">\n\t\t\t<a href=\"https:\/\/elcabilo.com\/oloralapluja\" title=\"Home\">Home<\/a>\n\t\t<\/span><span class=\"aioseo-breadcrumb-separator\">\u00bb<\/span><span class=\"aioseo-breadcrumb\">\n\t\t\t<a href=\"https:\/\/elcabilo.com\/oloralapluja\/category\/musica-i-poesia\/\" title=\"m\u00fasica i poesia\">m\u00fasica i poesia<\/a>\n\t\t<\/span><span class=\"aioseo-breadcrumb-separator\">\u00bb<\/span><span class=\"aioseo-breadcrumb\">\n\t\t\tVicent Andr\u00e9s Estell\u00e9s\n\t\t<\/span><\/div>","aioseo_breadcrumb_json":[{"label":"Home","link":"https:\/\/elcabilo.com\/oloralapluja"},{"label":"m\u00fasica i poesia","link":"https:\/\/elcabilo.com\/oloralapluja\/category\/musica-i-poesia\/"},{"label":"Vicent Andr\u00e9s Estell\u00e9s","link":"https:\/\/elcabilo.com\/oloralapluja\/2009\/08\/08\/vicent-andres-estelles\/"}],"_links":{"self":[{"href":"https:\/\/elcabilo.com\/oloralapluja\/wp-json\/wp\/v2\/posts\/297","targetHints":{"allow":["GET"]}}],"collection":[{"href":"https:\/\/elcabilo.com\/oloralapluja\/wp-json\/wp\/v2\/posts"}],"about":[{"href":"https:\/\/elcabilo.com\/oloralapluja\/wp-json\/wp\/v2\/types\/post"}],"author":[{"embeddable":true,"href":"https:\/\/elcabilo.com\/oloralapluja\/wp-json\/wp\/v2\/users\/196"}],"replies":[{"embeddable":true,"href":"https:\/\/elcabilo.com\/oloralapluja\/wp-json\/wp\/v2\/comments?post=297"}],"version-history":[{"count":3,"href":"https:\/\/elcabilo.com\/oloralapluja\/wp-json\/wp\/v2\/posts\/297\/revisions"}],"predecessor-version":[{"id":299,"href":"https:\/\/elcabilo.com\/oloralapluja\/wp-json\/wp\/v2\/posts\/297\/revisions\/299"}],"wp:attachment":[{"href":"https:\/\/elcabilo.com\/oloralapluja\/wp-json\/wp\/v2\/media?parent=297"}],"wp:term":[{"taxonomy":"category","embeddable":true,"href":"https:\/\/elcabilo.com\/oloralapluja\/wp-json\/wp\/v2\/categories?post=297"},{"taxonomy":"post_tag","embeddable":true,"href":"https:\/\/elcabilo.com\/oloralapluja\/wp-json\/wp\/v2\/tags?post=297"}],"curies":[{"name":"wp","href":"https:\/\/api.w.org\/{rel}","templated":true}]}}