{"id":101,"date":"2008-07-26T11:35:36","date_gmt":"2008-07-26T09:35:36","guid":{"rendered":"http:\/\/elcabilo.com\/pilota\/2008\/07\/26\/pablo-campio-del-caixa-popular-de-raspall\/"},"modified":"2008-07-26T11:35:36","modified_gmt":"2008-07-26T09:35:36","slug":"pablo-campio-del-caixa-popular-de-raspall","status":"publish","type":"post","link":"https:\/\/elcabilo.com\/pilota\/2008\/07\/26\/pablo-campio-del-caixa-popular-de-raspall\/","title":{"rendered":"Pablo, Campi\u00f3 del Caixa Popular de Raspall"},"content":{"rendered":"<p align=\"left\"><a href=\"https:\/\/elcabilo.com\/pilota\/files\/2008\/07\/3.jpg\" title=\"3.jpg\"><\/a>Ahir de vesprada l&#8217;equip de <strong>Xeraco<\/strong>, liderat pel nostre jugador de Sella, <font color=\"#ff0000\"><strong>Pablo<\/strong>,<\/font> \u00a0i acompanyat per Kike de Benifallim i Domingo de Llutxent, <strong>guanya la gran final de la V Lliga juvenil de raspal<\/strong>l, \u201cTrofeu Fundaci\u00f3 Ruralcaixa\u201d, davant de la formaci\u00f3 de la UPV (Rodrigo de Benidorm, Edu de Castell\u00f3 de la Ribera i Alex de Pedreguer).<\/p>\n<p>Les dos formacions arribaren a la final sense perdre cap partida, ni a la primer fase ni a les semifinals, per lo que s\u00f3n els dos equips m\u00e9s complets de la competici\u00f3 de tecnificaci\u00f3.\u00a0 Jugaren a un gran nivell tots dos equips, en jocs molt disputats i jugades de gran qualitat. El resultat fou de <strong><font color=\"#0000ff\">25 per 10<\/font><\/strong> per a l&#8217;equip del nostre jugador.<\/p>\n<p align=\"center\"><a href=\"https:\/\/elcabilo.com\/pilota\/files\/2008\/07\/3.jpg\" title=\"3.jpg\"><img decoding=\"async\" src=\"https:\/\/elcabilo.com\/pilota\/files\/2008\/07\/3.jpg\" alt=\"3.jpg\" \/><\/a><\/p>\n<p>Com b\u00e9 dien les cr\u00f2niques dels dies anteriors <font color=\"#ff6600\"><strong>la pegada de Pablo fou clau<\/strong><\/font> en la vict\u00f2ria. El seu car\u00e0cter guanyador, la seua intel\u00b7lig\u00e8ncia a l&#8217;hora de jugar la pilota i la seua contund\u00e8ncia en els colps fou decisisva per decantar la final cap al seu costat.<\/p>\n<p>Els aficionats de Sella que acudiren a acompanyar al nostre jugador, gaudiren de valent d&#8217;una gran partida.\u00a0Les seues paraules a l&#8217;hora de descriure la partida han sigut de: <strong>&#8220;partida \u00e9pica&#8221;,<\/strong> &#8221;\u00a0quinzes espectaculars&#8221;, &#8220;hist\u00f2ric&#8221;, &#8220;barbaritats&#8221;, &#8220;la mare que va&#8221;&#8230;<\/p>\n<p>Hem de destacar tamb\u00e9 el gran paper que ha fet <strong><font color=\"#0000ff\">Rodrigo,<\/font><\/strong> que ecara que juga a Benidorm, \u00e9s part de Sella. Aix\u00ed que enhorabona i \u00e0nim.\u00a0 De nou estos dos jugadors s&#8217;enfrontaran el dilluns <strong>28 de Juliol a les 11:00 al Trinquet de Alc\u00e0sser<\/strong> en la <strong>final <\/strong>del <strong>Individual Sub-16 de Escala i Corda<\/strong>. Esperem que de nou Pablo puga donar-ho tot i dur el trofeu cap a Sella.<\/p>\n<h2 align=\"center\"><font color=\"#339966\">Amunt!!!!!!!!!!!!!!!!!!!!!!!<\/font><\/h2>\n","protected":false},"excerpt":{"rendered":"<p>Ahir de vesprada l&#8217;equip de Xeraco, liderat pel nostre jugador de Sella, Pablo, \u00a0i acompanyat per Kike de Benifallim i Domingo de Llutxent, guanya la gran final de la V Lliga juvenil de raspall, \u201cTrofeu Fundaci\u00f3 Ruralcaixa\u201d, davant de la formaci\u00f3 de la UPV (Rodrigo de Benidorm, Edu de Castell\u00f3 de la Ribera i Alex [&hellip;]<\/p>\n","protected":false},"author":9,"featured_media":0,"comment_status":"open","ping_status":"open","sticky":false,"template":"","format":"standard","meta":{"_exactmetrics_skip_tracking":false,"_exactmetrics_sitenote_active":false,"_exactmetrics_sitenote_note":"","_exactmetrics_sitenote_category":0,"footnotes":""},"categories":[1913],"tags":[],"class_list":["post-101","post","type-post","status-publish","format-standard","hentry","category-escola-de-pilota"],"aioseo_notices":[],"_links":{"self":[{"href":"https:\/\/elcabilo.com\/pilota\/wp-json\/wp\/v2\/posts\/101","targetHints":{"allow":["GET"]}}],"collection":[{"href":"https:\/\/elcabilo.com\/pilota\/wp-json\/wp\/v2\/posts"}],"about":[{"href":"https:\/\/elcabilo.com\/pilota\/wp-json\/wp\/v2\/types\/post"}],"author":[{"embeddable":true,"href":"https:\/\/elcabilo.com\/pilota\/wp-json\/wp\/v2\/users\/9"}],"replies":[{"embeddable":true,"href":"https:\/\/elcabilo.com\/pilota\/wp-json\/wp\/v2\/comments?post=101"}],"version-history":[{"count":0,"href":"https:\/\/elcabilo.com\/pilota\/wp-json\/wp\/v2\/posts\/101\/revisions"}],"wp:attachment":[{"href":"https:\/\/elcabilo.com\/pilota\/wp-json\/wp\/v2\/media?parent=101"}],"wp:term":[{"taxonomy":"category","embeddable":true,"href":"https:\/\/elcabilo.com\/pilota\/wp-json\/wp\/v2\/categories?post=101"},{"taxonomy":"post_tag","embeddable":true,"href":"https:\/\/elcabilo.com\/pilota\/wp-json\/wp\/v2\/tags?post=101"}],"curies":[{"name":"wp","href":"https:\/\/api.w.org\/{rel}","templated":true}]}}