{"id":1331,"date":"2012-06-26T17:27:59","date_gmt":"2012-06-26T16:27:59","guid":{"rendered":"http:\/\/elcabilo.com\/pilota\/?p=1331"},"modified":"2012-06-26T17:27:59","modified_gmt":"2012-06-26T16:27:59","slug":"escola-de-pilota-i-lliga-de-llargues-i-palma","status":"publish","type":"post","link":"https:\/\/elcabilo.com\/pilota\/2012\/06\/26\/escola-de-pilota-i-lliga-de-llargues-i-palma\/","title":{"rendered":"Escola de Pilota i Lliga de Llargues i Palma&#8230;"},"content":{"rendered":"<p>El proper cap de setmana ser\u00e0 molt especial per al nostre Club de Pilota. D&#8217;una banda seguirem amb les <strong>semifinals de la Lliga de llargues i palma 2012.<\/strong> El dissabte vesprada en Sella el nostre equip de <strong>tercera de palma<\/strong> juga la tornada se semifinals davant Monforte (en l&#8217;anada va guanyar sella per 7-10). Per la seva banda, el nostre equip de <strong>primera de llargues<\/strong> jugar\u00e0 la tornada davant Parcent. Intentarem remuntar el resultat advers de 6-10.<\/p>\n<p>A m\u00e9s a m\u00e9s, ara que ja ha arribat l&#8217;estiu \u00e9s el moment de comen\u00e7ar amb les partides de <strong>Perxa<\/strong>. Enguany comen\u00e7ar\u00e0n amb una partida amistosa en Alcoi amb motiu de la inaguraci\u00f3 d&#8217;un carrer. Ser\u00e0 una partida que es jugar\u00e0 dissabte de vesprada i que contar\u00e0 amb la pres\u00e8ncia de jugadors de la Muntanya (Alcoi, Alcoleja, Benifallim&#8230;) i 3 jugadors de Sella que han sigut convidats a participar: Dani Mesa, Javi i Carlos.<\/p>\n<p>Per\u00f2 sens dubte podrem gaudir d&#8217;una gran jornada de dissabte amb la <strong>Clausura de l&#8217;Escola de Pilota<\/strong>. Farem partides de raspall en La Pla\u00e7a, dinar de germanor, entrega d&#8217;obsequis i material esportiu &#8230;..i moltes coses m\u00e9s. Vos esperem a tots per gaudir d&#8217;una gran jornada !!<\/p>\n<p><a href=\"https:\/\/elcabilo.com\/pilota\/files\/2012\/06\/cartell-cloenda-escola1.jpg\"><img loading=\"lazy\" decoding=\"async\" class=\"aligncenter size-full wp-image-1333\" title=\"cartell cloenda escola\" src=\"https:\/\/elcabilo.com\/pilota\/files\/2012\/06\/cartell-cloenda-escola1.jpg\" alt=\"\" width=\"960\" height=\"720\" srcset=\"https:\/\/elcabilo.com\/pilota\/files\/2012\/06\/cartell-cloenda-escola1.jpg 960w, https:\/\/elcabilo.com\/pilota\/files\/2012\/06\/cartell-cloenda-escola1-300x225.jpg 300w\" sizes=\"auto, (max-width: 960px) 100vw, 960px\" \/><\/a><\/p>\n<p>&nbsp;<\/p>\n","protected":false},"excerpt":{"rendered":"<p>El proper cap de setmana ser\u00e0 molt especial per al nostre Club de Pilota. D&#8217;una banda seguirem amb les semifinals de la Lliga de llargues i palma 2012. El dissabte vesprada en Sella el nostre equip de tercera de palma juga la tornada se semifinals davant Monforte (en l&#8217;anada va guanyar sella per 7-10). Per [&hellip;]<\/p>\n","protected":false},"author":20,"featured_media":0,"comment_status":"open","ping_status":"open","sticky":false,"template":"","format":"standard","meta":{"_exactmetrics_skip_tracking":false,"_exactmetrics_sitenote_active":false,"_exactmetrics_sitenote_note":"","_exactmetrics_sitenote_category":0,"footnotes":""},"categories":[1881,1913],"tags":[],"class_list":["post-1331","post","type-post","status-publish","format-standard","hentry","category-el-club","category-escola-de-pilota"],"aioseo_notices":[],"_links":{"self":[{"href":"https:\/\/elcabilo.com\/pilota\/wp-json\/wp\/v2\/posts\/1331","targetHints":{"allow":["GET"]}}],"collection":[{"href":"https:\/\/elcabilo.com\/pilota\/wp-json\/wp\/v2\/posts"}],"about":[{"href":"https:\/\/elcabilo.com\/pilota\/wp-json\/wp\/v2\/types\/post"}],"author":[{"embeddable":true,"href":"https:\/\/elcabilo.com\/pilota\/wp-json\/wp\/v2\/users\/20"}],"replies":[{"embeddable":true,"href":"https:\/\/elcabilo.com\/pilota\/wp-json\/wp\/v2\/comments?post=1331"}],"version-history":[{"count":0,"href":"https:\/\/elcabilo.com\/pilota\/wp-json\/wp\/v2\/posts\/1331\/revisions"}],"wp:attachment":[{"href":"https:\/\/elcabilo.com\/pilota\/wp-json\/wp\/v2\/media?parent=1331"}],"wp:term":[{"taxonomy":"category","embeddable":true,"href":"https:\/\/elcabilo.com\/pilota\/wp-json\/wp\/v2\/categories?post=1331"},{"taxonomy":"post_tag","embeddable":true,"href":"https:\/\/elcabilo.com\/pilota\/wp-json\/wp\/v2\/tags?post=1331"}],"curies":[{"name":"wp","href":"https:\/\/api.w.org\/{rel}","templated":true}]}}