{"id":135,"date":"2008-09-16T17:25:55","date_gmt":"2008-09-16T15:25:55","guid":{"rendered":"http:\/\/elcabilo.com\/pilota\/2008\/09\/16\/sella-club-amb-mes-lligues-juvenils\/"},"modified":"2008-09-16T17:25:55","modified_gmt":"2008-09-16T15:25:55","slug":"sella-club-amb-mes-lligues-juvenils","status":"publish","type":"post","link":"https:\/\/elcabilo.com\/pilota\/2008\/09\/16\/sella-club-amb-mes-lligues-juvenils\/","title":{"rendered":"Sella, club amb mes lligues juvenils"},"content":{"rendered":"<p>El <font color=\"#ff0000\">Club de Pilota<\/font> Sella es el club amb mes lligues juvenils guanyades dins la lliga provincial de llargues.<\/p>\n<p>A\u00e7\u00f2 demostra que es traballa i s&#8217;aposta, a difer\u00e8ncia d&#8217;altres clubs, per la gent jove i del poble.<\/p>\n<p>Aquest es el palmar\u00e9s: (primer apareix el nombre de campionats i despr\u00e9s el de subcampionats)<\/p>\n<p>\u00a0\u00a0\u00a0\u00a0\u00a0\u00a0\u00a0\u00a0\u00a0\u00a0 Camp.\u00a0\u00a0\u00a0\u00a0 Sub.<\/p>\n<p><font color=\"#ff0000\">Sella\u00a0<\/font>\u00a0\u00a0\u00a0\u00a0\u00a0\u00a0\u00a0\u00a0<font color=\"#ff0000\">\u00a05<\/font>\u00a0\u00a0\u00a0 <font color=\"#0000ff\">1<\/font><\/p>\n<p>Murla\u00a0\u00a0\u00a0\u00a0\u00a0\u00a0 4\u00a0\u00a0\u00a0 7<\/p>\n<p>Finestrat\u00a0 3\u00a0\u00a0 1<\/p>\n<p>Vall Laguar\u00a0\u00a0 3\u00a0\u00a0 1<\/p>\n<p>Altea\u00a0 2\u00a0\u00a0\u00a0 2<\/p>\n<p>Benidorm\u00a0 2\u00a0\u00a0\u00a0 1<\/p>\n<p>Orba\u00a0\u00a0 1\u00a0\u00a0\u00a0 1<\/p>\n<p>Campello\u00a0 &#8211;\u00a0\u00a0\u00a0 1<\/p>\n<p>Amb <font color=\"#ff0000\">5 lligues<\/font> estem per davant de Murla amb 4 o Laguar i Finestart amb 3.<\/p>\n<p>Auqestes dades ens fan vore com cada club o poble a guanyat quan ha tingut una bona generaci\u00f3 o un gran jugador que marcara la difer\u00e8ncia.\u00a0Altea va guanyar amb <font color=\"#ff6600\">Florencio<\/font>,\u00a0Murla amb <font color=\"#99cc00\">Angelet<\/font>\u00a0i al principi amb <font color=\"#33cccc\">Jan o\u00a0Mallol<\/font>. Vall Laguar ha tingut dos bones etapes: la de<font color=\"#808000\"> Malia<\/font>\u00a0i la de <font color=\"#00ccff\">Hector i Fageca<\/font>. A Finestrat van guanyar quan Santi era Juvenil. I en Sella, vam guanyar la primera lliga\u00a0\u00a0a l&#8217;any 1986:\u00a0<font color=\"#ff0000\"> Miguel, Vicente Juan, Rudi,<\/font> etc&#8230;\u00a0i despr\u00e9s hem guanyat 4 consecutives (05, 06, 07, 08)\u00a0coincidint amb varies bones generacions: la de <font color=\"#ff0000\">Adri i Julio<\/font>, despr\u00e9s amb <font color=\"#ff0000\">Jesus i Jord<\/font>i, per rematar amb <font color=\"#ff00ff\">Pablo, Quico o Pau<\/font> entre altres que encara tenen anys per davant. Ara cal seguir, i jovens com <font color=\"#339966\">Adolfo o Piripi<\/font> tenen que agafar partides per poder ajudar a Pablo, Pau, etc&#8230; i seguir gaudint de les partides de llargues en juvenils.<\/p>\n<p>I cal vore i tindre en conter que a\u00e7\u00f2, com tot, va per cicles, i cal seguir treballant per mantindre\u00a0l&#8217;actual nivell a la categoria juvenil al club de pilota sella.<\/p>\n<p>Que aix\u00ed siga !!<\/p>\n","protected":false},"excerpt":{"rendered":"<p>El Club de Pilota Sella es el club amb mes lligues juvenils guanyades dins la lliga provincial de llargues. A\u00e7\u00f2 demostra que es traballa i s&#8217;aposta, a difer\u00e8ncia d&#8217;altres clubs, per la gent jove i del poble. Aquest es el palmar\u00e9s: (primer apareix el nombre de campionats i despr\u00e9s el de subcampionats) \u00a0\u00a0\u00a0\u00a0\u00a0\u00a0\u00a0\u00a0\u00a0\u00a0 Camp.\u00a0\u00a0\u00a0\u00a0 Sub. [&hellip;]<\/p>\n","protected":false},"author":20,"featured_media":0,"comment_status":"open","ping_status":"open","sticky":false,"template":"","format":"standard","meta":{"_exactmetrics_skip_tracking":false,"_exactmetrics_sitenote_active":false,"_exactmetrics_sitenote_note":"","_exactmetrics_sitenote_category":0,"footnotes":""},"categories":[1],"tags":[],"class_list":["post-135","post","type-post","status-publish","format-standard","hentry","category-general"],"aioseo_notices":[],"_links":{"self":[{"href":"https:\/\/elcabilo.com\/pilota\/wp-json\/wp\/v2\/posts\/135","targetHints":{"allow":["GET"]}}],"collection":[{"href":"https:\/\/elcabilo.com\/pilota\/wp-json\/wp\/v2\/posts"}],"about":[{"href":"https:\/\/elcabilo.com\/pilota\/wp-json\/wp\/v2\/types\/post"}],"author":[{"embeddable":true,"href":"https:\/\/elcabilo.com\/pilota\/wp-json\/wp\/v2\/users\/20"}],"replies":[{"embeddable":true,"href":"https:\/\/elcabilo.com\/pilota\/wp-json\/wp\/v2\/comments?post=135"}],"version-history":[{"count":0,"href":"https:\/\/elcabilo.com\/pilota\/wp-json\/wp\/v2\/posts\/135\/revisions"}],"wp:attachment":[{"href":"https:\/\/elcabilo.com\/pilota\/wp-json\/wp\/v2\/media?parent=135"}],"wp:term":[{"taxonomy":"category","embeddable":true,"href":"https:\/\/elcabilo.com\/pilota\/wp-json\/wp\/v2\/categories?post=135"},{"taxonomy":"post_tag","embeddable":true,"href":"https:\/\/elcabilo.com\/pilota\/wp-json\/wp\/v2\/tags?post=135"}],"curies":[{"name":"wp","href":"https:\/\/api.w.org\/{rel}","templated":true}]}}