{"id":37,"date":"2008-04-21T16:38:02","date_gmt":"2008-04-21T14:38:02","guid":{"rendered":"http:\/\/elcabilo.com\/pilota\/2008\/04\/21\/la-cronica-2\/"},"modified":"2008-04-21T16:38:02","modified_gmt":"2008-04-21T14:38:02","slug":"la-cronica-2","status":"publish","type":"post","link":"https:\/\/elcabilo.com\/pilota\/2008\/04\/21\/la-cronica-2\/","title":{"rendered":"La Cr\u00f3nica"},"content":{"rendered":"<p>\u00a0<\/p>\n<p>Aquest cap de setmana ha servit per <strong>consolidar<\/strong> la gran temporada que alguns dels nostres equips est\u00e0n relitzant.<\/p>\n<p>El <strong>dissabte de vesprada<\/strong> va escomen\u00e7ar la jornada amb la partida de <strong>segona a palma Benimantell \u2013 Sella B<\/strong>. En joc el primer lloc de la classificaci\u00f3. Fins la localitat ve\u00efna ens varem despla\u00e7ar unes 10 persones per acompanyar als jugadors (vam anar d\u2019excursi\u00f3 pel Contaor&#8230;). La partida, jugada en un carrer complicat, va comen\u00e7ar igualada, pero a mitad benimantell va adquirir una perillosa renta de 6 a 4 i val, pero r\u00e1pidament Sella va igualr a 6 canviant el dest\u00ed de la partida, que va viure un altre moment clau amb el 8 a 6, que tamb\u00e9 van poder igualar a 8 tantos. Va arribar el momen de que Vicen (a traue mes que la banca rival Xato) i Jaume ( aterrant bones pilotes) junt a un encertat Xime i la gran actuaci\u00f3 de Dibu demostrant els seus reflexos com a punter donaren la <strong>important\u00edsima victoria<\/strong> per <strong>8 a 10<\/strong>.<\/p>\n<p>Tmb\u00e9 estava prevista per a eixa vesprada en Sella la partida de <strong>tercera a palma<\/strong> entre <strong>Sella i Crevillent<\/strong>, pero els visitants no es van presentar i Sella va guanyar per <strong>10-0<\/strong>. Amb esta victoria Sella C lluitar\u00e0 per les places altes de la classificci\u00f3 amb els pobles ve\u00efns com LaVila, Relleu o Finestrat. Partida clau la setmana que ve contra la Nucia. Es va aprofitar per jugar una partideta amistosa entre gent del poble i que va contar amb les novetats de Javi o de Jose Vicente (el de Pep la uni\u00f3)<\/p>\n<p>El <strong>diumenge de mat\u00ed<\/strong>, al <strong>trinquet de Manises<\/strong> es va jugar l\u2019anada de la <strong>semifinal del caixa Popular Juvenil<\/strong> entre Lliria i Quart de Poblet. En Lliria jug\u00e0ven <strong>Jes\u00fas i Pablo<\/strong> que van perdre per <strong>60 a 55<\/strong>. La partida va ser de un gran nivell i els jugadors van fer tots un gran esfor\u00e7. Ara, tot queda pendent de la partida que el dimecres jugar\u00e0 al trinquet de Pelayo. Cal guanyar per 2 jocs de diferencia per poder jugar la gran final del proper diumenge 27.<\/p>\n<p>Tamb\u00e9 <strong>de mat\u00ed<\/strong>, a la localitat de Tibi van juar els <strong>juvenils<\/strong>. Era el primer contra la revelci\u00f3 d la lliga com es Tibi. Prou expectaci\u00f3 al carrer per vore una partida on van jugar per part de sella Jordi, Pau, Dani i Quico que va ser la banca. La partida comen\u00e7\u00e0 igulada amb 2-2, per\u00f2 es va passar a un 2-7 i 3-8, i despr\u00e9s al definitiu <strong>3-10<\/strong>. Vadestacar <strong>Quico<\/strong> en el <strong>traurer<\/strong> demostrant que era capa\u00e7 de tirar-les amagades per guanayr les ratlles f\u00e0cils o al fons del carrer quan es tractava de fer el \u201cquince\u201d directe.<\/p>\n<p>Per a la <strong>vesprada<\/strong> rest\u00e0ven dos partides. En Sella <strong>segona de palma Sella A contra Alcoi<\/strong>. Va guanyar Alcoi per <strong>4-10.<\/strong> I en Murla <strong>primera a llargues Murla-Sella<\/strong>, on va guanyar Sella per <strong>1-10<\/strong>, amb una bona actuaci\u00f3 de tot l\u2019equip. La partida va tindre el alicient de vore jugar a <strong>Jan <\/strong>contra el seu poble. <strong>Victoria contundent<\/strong> i cal recon\u00e8ixer el esfor\u00e7 dels nostres jugadors que de mat\u00ed van jugar al trinquet (Pablo i Jes\u00fas) o al carrer (Jordi en Tibi) i de vesprada van jugar una gran partida.<\/p>\n<p>A la <strong>setmana que v\u00e9 m\u00e9s<\/strong> \u00a1!! <strong>El que ens espera<\/strong>:<\/p>\n<ul>\n<li>\n<p>Quarts de final d\u2019alacant dels <strong>jecv a raspall.<\/strong><\/p>\n<\/li>\n<li>\n<p><strong>Campello-Sella<\/strong> a llargues en juvenils i primera.<\/p>\n<\/li>\n<li>\n<p>El <strong>Caixa Popular<\/strong> Juvenil<\/p>\n<\/li>\n<li>\n<p>La lliga de <strong>palma<\/strong>&#8230;&#8230;&#8230;<\/p>\n<\/li>\n<\/ul>\n<p lang=\"es-ES\">&nbsp;<\/p>\n","protected":false},"excerpt":{"rendered":"<p>\u00a0 Aquest cap de setmana ha servit per consolidar la gran temporada que alguns dels nostres equips est\u00e0n relitzant. El dissabte de vesprada va escomen\u00e7ar la jornada amb la partida de segona a palma Benimantell \u2013 Sella B. En joc el primer lloc de la classificaci\u00f3. Fins la localitat ve\u00efna ens varem despla\u00e7ar unes 10 [&hellip;]<\/p>\n","protected":false},"author":20,"featured_media":0,"comment_status":"open","ping_status":"open","sticky":false,"template":"","format":"standard","meta":{"_exactmetrics_skip_tracking":false,"_exactmetrics_sitenote_active":false,"_exactmetrics_sitenote_note":"","_exactmetrics_sitenote_category":0,"footnotes":""},"categories":[1881],"tags":[],"class_list":["post-37","post","type-post","status-publish","format-standard","hentry","category-el-club"],"aioseo_notices":[],"_links":{"self":[{"href":"https:\/\/elcabilo.com\/pilota\/wp-json\/wp\/v2\/posts\/37","targetHints":{"allow":["GET"]}}],"collection":[{"href":"https:\/\/elcabilo.com\/pilota\/wp-json\/wp\/v2\/posts"}],"about":[{"href":"https:\/\/elcabilo.com\/pilota\/wp-json\/wp\/v2\/types\/post"}],"author":[{"embeddable":true,"href":"https:\/\/elcabilo.com\/pilota\/wp-json\/wp\/v2\/users\/20"}],"replies":[{"embeddable":true,"href":"https:\/\/elcabilo.com\/pilota\/wp-json\/wp\/v2\/comments?post=37"}],"version-history":[{"count":0,"href":"https:\/\/elcabilo.com\/pilota\/wp-json\/wp\/v2\/posts\/37\/revisions"}],"wp:attachment":[{"href":"https:\/\/elcabilo.com\/pilota\/wp-json\/wp\/v2\/media?parent=37"}],"wp:term":[{"taxonomy":"category","embeddable":true,"href":"https:\/\/elcabilo.com\/pilota\/wp-json\/wp\/v2\/categories?post=37"},{"taxonomy":"post_tag","embeddable":true,"href":"https:\/\/elcabilo.com\/pilota\/wp-json\/wp\/v2\/tags?post=37"}],"curies":[{"name":"wp","href":"https:\/\/api.w.org\/{rel}","templated":true}]}}