{"id":596,"date":"2010-02-25T14:12:17","date_gmt":"2010-02-25T13:12:17","guid":{"rendered":"http:\/\/elcabilo.com\/pilota\/?p=596"},"modified":"2010-02-26T00:02:20","modified_gmt":"2010-02-25T23:02:20","slug":"xxvi-lliga-de-llargues-i-la-xvii-lliga-de-palma","status":"publish","type":"post","link":"https:\/\/elcabilo.com\/pilota\/2010\/02\/25\/xxvi-lliga-de-llargues-i-la-xvii-lliga-de-palma\/","title":{"rendered":"XXVI Lliga de Llargues i la XVII Lliga de Palma"},"content":{"rendered":"<p class=\"MsoNormal\" style=\"text-align: justify;margin: 6pt 0cm\"><span style=\"font-family: &quot;Arial&quot;,&quot;sans-serif&quot;color: black\" lang=\"CA\"><span style=\"font-size: small\">Molts ja est\u00e0vem impacients: jugadors, aficionats&#8230;&#8230;&#8230; i fins i tot el campanar. Per\u00f2 ja esta ac\u00ed. Ahir oficialment comen\u00e7\u00e0 la <strong>XXVI Lliga de Llargues i la XVII Lliga de Palma<\/strong>.<\/span><\/span><\/p>\n<p class=\"MsoNormal\" style=\"text-align: justify;margin: 6pt 0cm\"><span style=\"font-family: &quot;Arial&quot;,&quot;sans-serif&quot;color: black\" lang=\"CA\"><span style=\"font-size: small\"><a href=\"https:\/\/elcabilo.com\/pilota\/files\/2010\/02\/marc1.jpg\"><img loading=\"lazy\" decoding=\"async\" class=\"alignleft size-thumbnail wp-image-597\" src=\"https:\/\/elcabilo.com\/pilota\/files\/2010\/02\/marc1-150x150.jpg\" alt=\"marc1\" width=\"150\" height=\"150\" \/><\/a>Com en anys anteriors, el sal\u00f3 d\u2019actes del <strong>Museu Arque\u00f2logic d\u2019Alacant<\/strong> va acollir al m\u00f3n de la pilota de llargues i palma. Una sala plena de pilotaris, els gran protagonistes de la lliga, directius i representants de clubs, autoritats de la Diputaci\u00f3 D\u2019Alacant i de la Federaci\u00f3 de Pilota Valenciana, amb el seu President al cap davant <strong>Ramon Sede\u00f1o<\/strong>, el President del Comit\u00e8 de Llargues <strong>Jaume Fern\u00e1ndez Crespo<\/strong> i tots dos flanquejant al Diputat d\u2019Esports, en <strong>Bernab\u00e9 Cano<\/strong>. La presentadora de l\u2019acte fou Bego\u00f1a, conductora del extingit programa Trinquet i secretaria de la Federaci\u00f3.<\/span><\/span><\/p>\n<p class=\"MsoNormal\" style=\"text-align: justify;margin: 6pt 0cm\"><span style=\"font-family: &quot;Arial&quot;,&quot;sans-serif&quot;color: black\" lang=\"CA\"><span style=\"font-size: small\"><a href=\"https:\/\/elcabilo.com\/pilota\/files\/2010\/02\/marc2.jpg\"><img loading=\"lazy\" decoding=\"async\" class=\"alignright size-thumbnail wp-image-598\" src=\"https:\/\/elcabilo.com\/pilota\/files\/2010\/02\/marc2-150x150.jpg\" alt=\"marc2\" width=\"150\" height=\"150\" \/><\/a>L\u2019acte fou breu. Amb parlaments de totes les autoritats presents que tenien un discurs com\u00fa: l\u2019agra\u00efment als equips, pobles i pilotaris participants d\u2019aquesta lliga. Ressaltant l\u2019esfor\u00e7 econ\u00f2mic que fa la Diputaci\u00f3 d\u2019Alacant any rere any, mantenint la subvenci\u00f3 de poc m\u00e9s de 50.000 euros. Encara que ens parega una xifra redu\u00efda comparant-la en les gran inversions realitzades pel govern valenci\u00e0 en la Formula 1, l\u2019Americas Cup\u2019s\u2026 des de el club de Sella nom\u00e9s podem agrair el suport que aquesta instituci\u00f3 ens dona. Si el inter\u00e9s de les institucions local i auton\u00f2mica foren iguals que les de la diputaci\u00f3, la pilota a Sella com a altres localitats tindria el lloc esportiu i cultural que es mereix.<\/span><\/span><\/p>\n<p class=\"MsoNormal\" style=\"text-align: justify;margin: 6pt 0cm\"><span style=\"font-family: &quot;Arial&quot;,&quot;sans-serif&quot;color: black\" lang=\"CA\"><span style=\"font-size: small\">D\u2019una altra banda, en l\u2019acte es posa molt enfasi en la import\u00e0ncia que tenia la lliga de llargues per a la conformaci\u00f3 de la <strong>Selecci\u00f3 Valenciana<\/strong> davant el proper <strong>Europilota que es celebrar\u00e0 a Val\u00e8ncia del 7 al 12 de setembre<\/strong>, amb una seu en La Nucia, i el <strong>Mundial 2011 en Holanda<\/strong>. Per\u00f2 la principal novetat de la nit fou l\u2019anunci per part del president de la FPV d\u2019una possible <strong>Champions League de Pilota<\/strong> amb els millor clubs europeus. El representant valenci\u00e0 seria el guanyador de la lliga de llargues del 2011, el que podria suposar que pobles i clubs de Val\u00e8ncia i Castell\u00f3 tamb\u00e9 comen\u00e7aren a jugar a la modalitat de llargues. Esperem que siga un al\u00b7licient per a que la pilota cresca i que per a que les autoritats, televisions, etc\u2026\u2026\u2026\u2026..es replantegen el tractament que se li dona al nostre esport.<\/span><\/span><\/p>\n<p class=\"MsoNormal\" style=\"text-align: justify;margin: 6pt 0cm\"><span style=\"font-family: &quot;Arial&quot;,&quot;sans-serif&quot;color: black\" lang=\"CA\"><span style=\"font-size: small\"><a href=\"https:\/\/elcabilo.com\/pilota\/files\/2010\/02\/marc3.jpg\"><img loading=\"lazy\" decoding=\"async\" class=\"alignright size-thumbnail wp-image-599\" src=\"https:\/\/elcabilo.com\/pilota\/files\/2010\/02\/marc3-150x150.jpg\" alt=\"marc3\" width=\"150\" height=\"150\" \/><\/a>Aix\u00ed que el dissabte <strong>6 de Mar\u00e7 comen\u00e7a la competici\u00f3<\/strong>. Tenim grans il\u00b7lusions en aquesta temporada, no soles amb la lliga de llargues i palma, sino en la resta de competicions de la FPV i la multitud de partides de trinquet que estan jugant els nostres pilotaris. Un any on s\u2019intentar\u00e0 aconseguir els \u00e8xits d\u2019anys anteriors, on el sacrifici, esfor\u00e7 i il\u00b7lusi\u00f3 dels jugadors ser\u00e0 el mateix que anys passats, on l\u2019espenta de l\u2019afici\u00f3 far\u00e0 de la pla\u00e7a un fort\u00ed i un any on tindrem sempre el record present del <strong>nostre marxador<\/strong>. <\/span><\/span><\/p>\n<p class=\"MsoNormal\" style=\"margin: 0cm 0cm 10pt\"><span style=\"font-family: &quot;Arial&quot;,&quot;sans-serif&quot;color: black\" lang=\"CA\"><span style=\"font-size: small\">Per\u00f2, principalment, \u00e9s <strong>un any per a gaudir de la Pilota<\/strong>.<\/span><\/span><\/p>\n<p class=\"MsoNormal\" style=\"text-align: justify;margin: 6pt 0cm\"><strong><span style=\"font-family: &quot;Arial&quot;,&quot;sans-serif&quot;color: black\" lang=\"CA\"><span style=\"font-size: small\">Cavallers, va de bo!!!!!!!!!!!!!<\/span><\/span><\/strong><\/p>\n<p class=\"MsoNormal\" style=\"text-align: justify;margin: 6pt 0cm\"><strong><\/strong><\/p>\n<p class=\"MsoNormal\" style=\"text-align: justify;margin: 6pt 0cm\"><strong><span style=\"font-family: &quot;Arial&quot;,&quot;sans-serif&quot;color: black\" lang=\"CA\"><span style=\"font-size: small\">P.D.: Els all\u00ed assistents ho passaren d&#8217;all\u00f2 m\u00e9s b\u00e9.<\/span><\/span><\/strong><\/p>\n<p class=\"MsoNormal\" style=\"text-align: justify;margin: 6pt 0cm\"><strong><span style=\"font-family: &quot;Arial&quot;,&quot;sans-serif&quot;color: black\" lang=\"CA\"><span style=\"font-size: small\">Pica ac\u00ed <a href=\"http:\/\/www.dailymotion.com\/video\/xcd7k8_a-la-pla\u00e7a_webcam\">http:\/\/www.dailymotion.com\/video\/xcd7k8_a-la-pla\u00e7a_webcam<\/a><\/span><\/span><\/strong><\/p>\n","protected":false},"excerpt":{"rendered":"<p>Molts ja est\u00e0vem impacients: jugadors, aficionats&#8230;&#8230;&#8230; i fins i tot el campanar. Per\u00f2 ja esta ac\u00ed. Ahir oficialment comen\u00e7\u00e0 la XXVI Lliga de Llargues i la XVII Lliga de Palma. Com en anys anteriors, el sal\u00f3 d\u2019actes del Museu Arque\u00f2logic d\u2019Alacant va acollir al m\u00f3n de la pilota de llargues i palma. Una sala plena [&hellip;]<\/p>\n","protected":false},"author":9,"featured_media":0,"comment_status":"open","ping_status":"open","sticky":false,"template":"","format":"standard","meta":{"_exactmetrics_skip_tracking":false,"_exactmetrics_sitenote_active":false,"_exactmetrics_sitenote_note":"","_exactmetrics_sitenote_category":0,"footnotes":""},"categories":[1882,1883],"tags":[],"class_list":["post-596","post","type-post","status-publish","format-standard","hentry","category-llargues","category-palma"],"aioseo_notices":[],"_links":{"self":[{"href":"https:\/\/elcabilo.com\/pilota\/wp-json\/wp\/v2\/posts\/596","targetHints":{"allow":["GET"]}}],"collection":[{"href":"https:\/\/elcabilo.com\/pilota\/wp-json\/wp\/v2\/posts"}],"about":[{"href":"https:\/\/elcabilo.com\/pilota\/wp-json\/wp\/v2\/types\/post"}],"author":[{"embeddable":true,"href":"https:\/\/elcabilo.com\/pilota\/wp-json\/wp\/v2\/users\/9"}],"replies":[{"embeddable":true,"href":"https:\/\/elcabilo.com\/pilota\/wp-json\/wp\/v2\/comments?post=596"}],"version-history":[{"count":0,"href":"https:\/\/elcabilo.com\/pilota\/wp-json\/wp\/v2\/posts\/596\/revisions"}],"wp:attachment":[{"href":"https:\/\/elcabilo.com\/pilota\/wp-json\/wp\/v2\/media?parent=596"}],"wp:term":[{"taxonomy":"category","embeddable":true,"href":"https:\/\/elcabilo.com\/pilota\/wp-json\/wp\/v2\/categories?post=596"},{"taxonomy":"post_tag","embeddable":true,"href":"https:\/\/elcabilo.com\/pilota\/wp-json\/wp\/v2\/tags?post=596"}],"curies":[{"name":"wp","href":"https:\/\/api.w.org\/{rel}","templated":true}]}}