{"id":60,"date":"2008-05-12T16:47:05","date_gmt":"2008-05-12T14:47:05","guid":{"rendered":"http:\/\/elcabilo.com\/pilota\/2008\/05\/12\/cronica-del-cap-de-setmana-de-les-paelles\/"},"modified":"2008-05-12T16:47:05","modified_gmt":"2008-05-12T14:47:05","slug":"cronica-del-cap-de-setmana-de-les-paelles","status":"publish","type":"post","link":"https:\/\/elcabilo.com\/pilota\/2008\/05\/12\/cronica-del-cap-de-setmana-de-les-paelles\/","title":{"rendered":"Cr\u00f2nica del cap de setmana de les paelles&#8230;."},"content":{"rendered":"<p>\u00a0<\/p>\n<p>Aquest cap de setmana, vam comen\u00e7ar a jugar partides des del divendres. Concretament al carrer artificial de Benidorm una partida de <strong>primera de llargues<\/strong> contra <strong>Agost<\/strong>. La partida, com s\u2019esperava, va ser\u00a0 guanyat prou c\u00f3moda i es va <strong>guanyar<\/strong> per un clar <strong>10-1<\/strong>. Agost va fer el seu joc quan Sella en portava 6. Bona partida de Sella que amb aquests tres punts deixa clar que lluitar\u00e0 a tope en els tres caps de setmana que resten ( un total de 5 partides) per acabar la lliga. Estem a pocs puns d\u2019assegurar matem\u00e0ticament la tercera posici\u00f3 de la lliga. Ser\u00eda un lloc hist\u00f2ric, ja que mai s\u2019ha aconseguit. Aixo s\u00ed, no renunciem a res&#8230;..plantarem cara al l\u00edder ( i futur campi\u00f2 salvo sorpressa) Campello i <strong>llu\u00eftarem amb Finestrat fins el final<\/strong> en busca que cotes mes elevades. La setmana que ve es clau amb dos partides coma a locals contra Campello i Laguar. Vos esperm a tots en la Pla\u00e7a \u00a1!<\/p>\n<p lang=\"es-ES\">La partida de tercera a palma Sella-Relleu ha estat apla\u00e7ada per indisposici\u00f3 del carrrer de Sella per \u201cLes paelles\u201d, i la partida de Segona a palma entre X\u00e0bia i Sella A s\u2019ha apla\u00e7at per la plutja.<\/p>\n<p lang=\"es-ES\">La setmana que ve juguen contra Benidorm, sempre un rival complicat en Sella. De guanyar estariem a punt de aconseguir el t\u00edtol de lliga matem\u00e0ticament.<\/p>\n<p lang=\"es-ES\">En segona a palma<strong> Sella B<\/strong> ha<strong> guanyat a \u00a0Polop per 10 a 0<\/strong>. Seguim l\u00edders i cam\u00ed de l\u2019ascens a primera de palma despr\u00e9s de 5 temporades sense tindre equip a la m\u00e1xima categor\u00eda de palma.<\/p>\n<p lang=\"es-ES\">A m\u00e9s, el dissabte mat\u00ed al trinquet d\u2019<strong>Orba<\/strong>, l\u2019escola de <strong>Sella<\/strong>, amb el seu monitor Ferm\u00edn al capdavant, va guanyar en categor\u00eda cadet els JECV de raspall de la provincia d\u2019alacant. La partida va ser <strong>contra Pedreguer<\/strong> i l\u2019equip de Sella format per Pablo, Pau i Dani va guanyar la final per <strong>10-25<\/strong>. Gran ambient de p\u00fablic (en aquest cas ten\u00edem el trinquet en contra per aix\u00f2 de ser de la Marina Baixa i Pedreguer de la Marina Alta) que unit al bon joc inicial dels rivals deixern el marcador en un empat a 2 jocs. Per\u00f2, Pablo va apretar la treta i Pau va rematar els quinzes de manera espectacular. El p\u00fablic va gaudir d\u2019una bona final i la mes igualada del mat\u00ed, perque en les altres categor\u00edes Orba (benjamins ialevins) i Murla (infantils) van guanyar sense cap dificultad. <strong>4\u00aa vegada consecutiva que la nostra escola guanya la fase provincial d\u2019Alacant en raspall.<\/strong> Ara, el d\u00eda 24 de maig buscarem, en la final auton\u00f3mica, el segon t\u00edtol auton\u00f2mic consecutiu. No ser\u00e0 f\u00e1cil i pase el que pase, aquesta generaci\u00f3 de jugadors haur\u00e0 marcat una \u00e8poca als jocs escolars de la comunitat valenciana.<strong> Enhorabona<\/strong> a tots \u00a1!<\/p>\n","protected":false},"excerpt":{"rendered":"<p>\u00a0 Aquest cap de setmana, vam comen\u00e7ar a jugar partides des del divendres. Concretament al carrer artificial de Benidorm una partida de primera de llargues contra Agost. La partida, com s\u2019esperava, va ser\u00a0 guanyat prou c\u00f3moda i es va guanyar per un clar 10-1. Agost va fer el seu joc quan Sella en portava 6. [&hellip;]<\/p>\n","protected":false},"author":20,"featured_media":0,"comment_status":"open","ping_status":"open","sticky":false,"template":"","format":"standard","meta":{"_exactmetrics_skip_tracking":false,"_exactmetrics_sitenote_active":false,"_exactmetrics_sitenote_note":"","_exactmetrics_sitenote_category":0,"footnotes":""},"categories":[1],"tags":[],"class_list":["post-60","post","type-post","status-publish","format-standard","hentry","category-general"],"aioseo_notices":[],"_links":{"self":[{"href":"https:\/\/elcabilo.com\/pilota\/wp-json\/wp\/v2\/posts\/60","targetHints":{"allow":["GET"]}}],"collection":[{"href":"https:\/\/elcabilo.com\/pilota\/wp-json\/wp\/v2\/posts"}],"about":[{"href":"https:\/\/elcabilo.com\/pilota\/wp-json\/wp\/v2\/types\/post"}],"author":[{"embeddable":true,"href":"https:\/\/elcabilo.com\/pilota\/wp-json\/wp\/v2\/users\/20"}],"replies":[{"embeddable":true,"href":"https:\/\/elcabilo.com\/pilota\/wp-json\/wp\/v2\/comments?post=60"}],"version-history":[{"count":0,"href":"https:\/\/elcabilo.com\/pilota\/wp-json\/wp\/v2\/posts\/60\/revisions"}],"wp:attachment":[{"href":"https:\/\/elcabilo.com\/pilota\/wp-json\/wp\/v2\/media?parent=60"}],"wp:term":[{"taxonomy":"category","embeddable":true,"href":"https:\/\/elcabilo.com\/pilota\/wp-json\/wp\/v2\/categories?post=60"},{"taxonomy":"post_tag","embeddable":true,"href":"https:\/\/elcabilo.com\/pilota\/wp-json\/wp\/v2\/tags?post=60"}],"curies":[{"name":"wp","href":"https:\/\/api.w.org\/{rel}","templated":true}]}}