{"id":603,"date":"2010-02-28T19:29:25","date_gmt":"2010-02-28T18:29:25","guid":{"rendered":"http:\/\/elcabilo.com\/pilota\/?p=603"},"modified":"2010-03-03T13:40:15","modified_gmt":"2010-03-03T12:40:15","slug":"sella-guanya-en-castells","status":"publish","type":"post","link":"https:\/\/elcabilo.com\/pilota\/2010\/02\/28\/sella-guanya-en-castells\/","title":{"rendered":"Sella guanya en Castells"},"content":{"rendered":"<p><span style=\"color: #ff6600\">Sella s&#8217;ha proclamat hui Campi\u00f3 del IV Torneig de Palma de Castells de Castells.<\/span><\/p>\n<p>De mat\u00ed s&#8217;han jugat les <span style=\"text-decoration: underline\">semifinals<\/span>. En la primera, <span style=\"color: #ff0000\">Sella 10 &#8211; Benifallim 3<\/span>. Han jugat per Sella: Jorge, Xime, Quico, Adri i Dani.\u00a0 La partida ha comen\u00e7at en 0-2 per a Benifallim per\u00f2 quan Sella ha entrat en partida ha sigut superior i ha jugat a bon nivell. Han hagut grans pilotades de Xime i Quico i bona tasca en la treta de Jorge.<\/p>\n<p><a href=\"https:\/\/elcabilo.com\/pilota\/files\/2010\/02\/gener-052.jpg\"><img loading=\"lazy\" decoding=\"async\" class=\"aligncenter size-full wp-image-606\" src=\"https:\/\/elcabilo.com\/pilota\/files\/2010\/02\/gener-052.jpg\" alt=\"gener-052\" width=\"400\" height=\"300\" srcset=\"https:\/\/elcabilo.com\/pilota\/files\/2010\/02\/gener-052.jpg 400w, https:\/\/elcabilo.com\/pilota\/files\/2010\/02\/gener-052-300x225.jpg 300w\" sizes=\"auto, (max-width: 400px) 100vw, 400px\" \/><\/a><\/p>\n<p>En la segona semifinal: Castells 10 &#8211; Benassau 4<\/p>\n<p>De vesprada tocava jugar la <span style=\"text-decoration: underline\">final del Torneig<\/span>. <span style=\"color: #ff0000\">Sella 10 &#8211; Castells 2<\/span>. Esta partida ha estat marcada per les grans tretes de Jorge, algunes de pot\u00e8ncia i altres de colocaci\u00f3. Quico ha tornat ha llan\u00e7ar moltes restades per damunt de la banca de Castells i ha fet molts quinzes.<\/p>\n<p><a href=\"https:\/\/elcabilo.com\/pilota\/files\/2010\/02\/gener-056.jpg\"><img loading=\"lazy\" decoding=\"async\" class=\"aligncenter size-full wp-image-609\" src=\"https:\/\/elcabilo.com\/pilota\/files\/2010\/02\/gener-056.jpg\" alt=\"gener-056\" width=\"400\" height=\"300\" srcset=\"https:\/\/elcabilo.com\/pilota\/files\/2010\/02\/gener-056.jpg 400w, https:\/\/elcabilo.com\/pilota\/files\/2010\/02\/gener-056-300x225.jpg 300w\" sizes=\"auto, (max-width: 400px) 100vw, 400px\" \/><\/a><\/p>\n<p>Nom\u00e9s quedava la entrega dels trofeus i les fotografies finals, etc&#8230; \u00b4<\/p>\n<p><a href=\"https:\/\/elcabilo.com\/pilota\/files\/2010\/02\/gener-0551.jpg\"><img loading=\"lazy\" decoding=\"async\" class=\"aligncenter size-full wp-image-610\" src=\"https:\/\/elcabilo.com\/pilota\/files\/2010\/02\/gener-0551.jpg\" alt=\"gener-0551\" width=\"400\" height=\"300\" srcset=\"https:\/\/elcabilo.com\/pilota\/files\/2010\/02\/gener-0551.jpg 400w, https:\/\/elcabilo.com\/pilota\/files\/2010\/02\/gener-0551-300x225.jpg 300w\" sizes=\"auto, (max-width: 400px) 100vw, 400px\" \/><\/a><\/p>\n<p><strong>Quadre del Torneig:<\/strong><\/p>\n<p><span style=\"color: #ff00ff\">Campi\u00f3: <strong>Sella<\/strong><\/span><\/p>\n<p><span style=\"color: #ff00ff\"><strong><a href=\"https:\/\/elcabilo.com\/pilota\/files\/2010\/02\/gener-063.jpg\"><img loading=\"lazy\" decoding=\"async\" class=\"aligncenter size-full wp-image-611\" src=\"https:\/\/elcabilo.com\/pilota\/files\/2010\/02\/gener-063.jpg\" alt=\"gener-063\" width=\"400\" height=\"300\" srcset=\"https:\/\/elcabilo.com\/pilota\/files\/2010\/02\/gener-063.jpg 400w, https:\/\/elcabilo.com\/pilota\/files\/2010\/02\/gener-063-300x225.jpg 300w\" sizes=\"auto, (max-width: 400px) 100vw, 400px\" \/><\/a><br \/>\n<\/strong><\/span>Subcampi\u00f3: Castells<\/p>\n<p><span style=\"text-decoration: underline\">Trofeu al millor jugador<\/span>: <span style=\"color: #ff00ff\">Quico de Sella<\/span><\/p>\n<p><span style=\"color: #ff00ff\"><a href=\"https:\/\/elcabilo.com\/pilota\/files\/2010\/02\/gener-064.jpg\"><img loading=\"lazy\" decoding=\"async\" class=\"aligncenter size-full wp-image-612\" src=\"https:\/\/elcabilo.com\/pilota\/files\/2010\/02\/gener-064.jpg\" alt=\"gener-064\" width=\"300\" height=\"400\" srcset=\"https:\/\/elcabilo.com\/pilota\/files\/2010\/02\/gener-064.jpg 300w, https:\/\/elcabilo.com\/pilota\/files\/2010\/02\/gener-064-225x300.jpg 225w\" sizes=\"auto, (max-width: 300px) 100vw, 300px\" \/><\/a><\/span><\/p>\n<p>Agrair a Castells el fnomenal dia que hem passat, amb 3 partides, dinar de germanor i bon ambient de pilota entre amics i coneguts. Gr\u00e0cies per tot !! i <span style=\"color: #008000\">enhorabona als Campions\u00a0<\/span>!!<\/p>\n<p>La seg\u00fcent partida que juguem a llargues i palma ser\u00e0 ja de la lliga de llargues&#8230;&#8230; Sort\u00a0 a tots els equips de Sella i a disfrutar de la pilota !!<\/p>\n<p>Fotografies: blog de castells<\/p>\n","protected":false},"excerpt":{"rendered":"<p>Sella s&#8217;ha proclamat hui Campi\u00f3 del IV Torneig de Palma de Castells de Castells. De mat\u00ed s&#8217;han jugat les semifinals. En la primera, Sella 10 &#8211; Benifallim 3. Han jugat per Sella: Jorge, Xime, Quico, Adri i Dani.\u00a0 La partida ha comen\u00e7at en 0-2 per a Benifallim per\u00f2 quan Sella ha entrat en partida ha [&hellip;]<\/p>\n","protected":false},"author":20,"featured_media":0,"comment_status":"open","ping_status":"open","sticky":false,"template":"","format":"standard","meta":{"_exactmetrics_skip_tracking":false,"_exactmetrics_sitenote_active":false,"_exactmetrics_sitenote_note":"","_exactmetrics_sitenote_category":0,"footnotes":""},"categories":[1],"tags":[],"class_list":["post-603","post","type-post","status-publish","format-standard","hentry","category-general"],"aioseo_notices":[],"_links":{"self":[{"href":"https:\/\/elcabilo.com\/pilota\/wp-json\/wp\/v2\/posts\/603","targetHints":{"allow":["GET"]}}],"collection":[{"href":"https:\/\/elcabilo.com\/pilota\/wp-json\/wp\/v2\/posts"}],"about":[{"href":"https:\/\/elcabilo.com\/pilota\/wp-json\/wp\/v2\/types\/post"}],"author":[{"embeddable":true,"href":"https:\/\/elcabilo.com\/pilota\/wp-json\/wp\/v2\/users\/20"}],"replies":[{"embeddable":true,"href":"https:\/\/elcabilo.com\/pilota\/wp-json\/wp\/v2\/comments?post=603"}],"version-history":[{"count":0,"href":"https:\/\/elcabilo.com\/pilota\/wp-json\/wp\/v2\/posts\/603\/revisions"}],"wp:attachment":[{"href":"https:\/\/elcabilo.com\/pilota\/wp-json\/wp\/v2\/media?parent=603"}],"wp:term":[{"taxonomy":"category","embeddable":true,"href":"https:\/\/elcabilo.com\/pilota\/wp-json\/wp\/v2\/categories?post=603"},{"taxonomy":"post_tag","embeddable":true,"href":"https:\/\/elcabilo.com\/pilota\/wp-json\/wp\/v2\/tags?post=603"}],"curies":[{"name":"wp","href":"https:\/\/api.w.org\/{rel}","templated":true}]}}