{"id":614,"date":"2010-03-08T18:30:48","date_gmt":"2010-03-08T17:30:48","guid":{"rendered":"http:\/\/elcabilo.com\/pilota\/?p=614"},"modified":"2010-03-08T18:30:48","modified_gmt":"2010-03-08T17:30:48","slug":"primera-jornada-primeres-victories","status":"publish","type":"post","link":"https:\/\/elcabilo.com\/pilota\/2010\/03\/08\/primera-jornada-primeres-victories\/","title":{"rendered":"Primera Jornada, primeres vict\u00f2ries"},"content":{"rendered":"<p class=\"MsoNormal\" style=\"text-align: justify;margin: 0cm 0cm 10pt\"><span style=\"font-family: &quot;Tw Cen MT&quot;,&quot;sans-serif&quot;font-size: 12pt\" lang=\"CA\"><a href=\"https:\/\/elcabilo.com\/pilota\/files\/2010\/03\/1.jpg\"><img loading=\"lazy\" decoding=\"async\" class=\"alignleft size-thumbnail wp-image-615\" src=\"https:\/\/elcabilo.com\/pilota\/files\/2010\/03\/1-150x150.jpg\" alt=\"1\" width=\"150\" height=\"150\" \/><\/a>La pilota ja ha comen\u00e7at a enlairar-se per molts carrer de la prov\u00edncia d\u2019Alacant. La Lliga de Llargues i Palma ha viscut aquest cap de setmana la seua primera jornada. I com tots heu pogut comprovar ha esta marcada per l\u2019apla\u00e7ament de moltes partides a causa de l\u2019aigua. A pesar del temps i de les obres de l\u2019esgl\u00e9sia, la pla\u00e7a va viure un gran dia de pilota. Des de bon mat\u00ed, els m\u00e9s menuts de Sella i Finestrat ens delectaren de grans partides de raspall, corresponent a la segona jornada del JECV. Encara que el mat\u00ed era molt gelat, els xiquets i xiquetes ho donaren tot i gaudiren i ens feren gaudir de la del joc de pilota m\u00e9s verge. <a href=\"https:\/\/elcabilo.com\/pilota\/files\/2010\/03\/2.jpg\"><img loading=\"lazy\" decoding=\"async\" class=\"alignright size-thumbnail wp-image-616\" src=\"https:\/\/elcabilo.com\/pilota\/files\/2010\/03\/2-150x150.jpg\" alt=\"2\" width=\"150\" height=\"150\" \/><\/a><\/span><\/p>\n<p class=\"MsoNormal\" style=\"text-align: justify;margin: 0cm 0cm 10pt\"><span style=\"font-family: &quot;Tw Cen MT&quot;,&quot;sans-serif&quot;font-size: 12pt\" lang=\"CA\">Els resultats foren els seg\u00fcents:<\/span><\/p>\n<p style=\"text-align: justify\"><strong><span style=\"font-family: &quot;Tw Cen MT&quot;,&quot;sans-serif&#038;quot\" lang=\"CA\"><span style=\"font-size: small\"><a href=\"https:\/\/elcabilo.com\/pilota\/files\/2010\/03\/1.jpg\"><\/a>BENJAMINS (Toni, Joan, Marc)<\/span><\/span><\/strong><\/p>\n<p style=\"text-align: justify;margin-left: 36pt\"><span style=\"font-family: &quot;Tw Cen MT&quot;,&quot;sans-serif&#038;quot\" lang=\"CA\"><span style=\"font-size: small\">Sella 25 &#8211; Finestrat A 5<\/span><\/span><\/p>\n<p style=\"text-align: justify;margin-left: 36pt\"><span style=\"font-family: &quot;Tw Cen MT&quot;,&quot;sans-serif&#038;quot\" lang=\"CA\"><span style=\"font-size: small\">Sella 25 &#8211; Finestrat B 5<\/span><\/span><\/p>\n<p style=\"text-align: justify\"><strong><span style=\"font-family: &quot;Tw Cen MT&quot;,&quot;sans-serif&#038;quot\" lang=\"CA\"><span style=\"font-size: small\"><a href=\"https:\/\/elcabilo.com\/pilota\/files\/2010\/03\/3.jpg\"><img loading=\"lazy\" decoding=\"async\" class=\"alignleft size-thumbnail wp-image-617\" src=\"https:\/\/elcabilo.com\/pilota\/files\/2010\/03\/3-150x150.jpg\" alt=\"3\" width=\"150\" height=\"150\" \/><\/a>ALEVINS A (Lloren\u00e7, Vicente, Javi) i ALEVINS B (Mar, Elena, Ana)<\/span><\/span><\/strong><\/p>\n<p style=\"text-align: justify;margin-left: 36pt\"><span style=\"font-family: &quot;Tw Cen MT&quot;,&quot;sans-serif&#038;quot\" lang=\"CA\"><span style=\"font-size: small\">Sella A 5 &#8211; Finestrat 25 <\/span><\/span><\/p>\n<p style=\"text-align: justify;margin-left: 36pt\"><span style=\"font-family: &quot;Tw Cen MT&quot;,&quot;sans-serif&#038;quot\" lang=\"CA\"><span style=\"font-size: small\">Sella B 10 &#8211; Finestrat 25<\/span><\/span><\/p>\n<p style=\"text-align: justify\"><strong><span style=\"font-family: &quot;Tw Cen MT&quot;,&quot;sans-serif&#038;quot\" lang=\"CA\"><\/span><\/strong><\/p>\n<p style=\"text-align: justify\"><strong><span style=\"font-family: &quot;Tw Cen MT&quot;,&quot;sans-serif&#038;quot\" lang=\"CA\"><span style=\"font-size: small\"><a href=\"https:\/\/elcabilo.com\/pilota\/files\/2010\/03\/4.jpg\"><img loading=\"lazy\" decoding=\"async\" class=\"alignright size-thumbnail wp-image-618\" src=\"https:\/\/elcabilo.com\/pilota\/files\/2010\/03\/4-150x150.jpg\" alt=\"4\" width=\"150\" height=\"150\" \/><\/a>INFANTILS (Bernat, Lloren\u00e7)<\/span><\/span><\/strong><\/p>\n<p style=\"text-align: justify;margin-left: 36pt\"><span style=\"font-family: &quot;Tw Cen MT&quot;,&quot;sans-serif&#038;quot\" lang=\"CA\"><span style=\"font-size: small\">Sella 15 &#8211; Finestrat 25<\/span><\/span><\/p>\n<p style=\"text-align: justify\"><strong><span style=\"font-family: &quot;Tw Cen MT&quot;,&quot;sans-serif&#038;quot\" lang=\"CA\"><span style=\"font-size: small\">CADETS (Patrick, Jaume, Bernat)<\/span><\/span><\/strong><\/p>\n<p style=\"text-align: justify;margin-left: 36pt\"><span style=\"font-family: &quot;Tw Cen MT&quot;,&quot;sans-serif&#038;quot\" lang=\"CA\"><span style=\"font-size: small\">Sella 5 &#8211; Finestrat 25<\/span><\/span><\/p>\n<p class=\"MsoNormal\" style=\"text-align: justify;margin: 0cm 0cm 10pt\"><span style=\"font-family: &quot;Tw Cen MT&quot;,&quot;sans-serif&quot;font-size: 12pt\" lang=\"CA\"><a href=\"https:\/\/elcabilo.com\/pilota\/files\/2010\/03\/5.jpg\"><img loading=\"lazy\" decoding=\"async\" class=\"alignleft size-thumbnail wp-image-619\" src=\"https:\/\/elcabilo.com\/pilota\/files\/2010\/03\/5-150x150.jpg\" alt=\"5\" width=\"150\" height=\"150\" \/><\/a>De vesprada, els temps ens va permetre veure les partides de llargues de Primera categoria i Juvenils contra Benidorm. Els <strong>juvenils (Carlos, Quico, Pau, Adolfo F., Bernat)<\/strong> guanyaren <strong>10-3<\/strong>. Estigueren tots b\u00e9, per\u00f2 sobretot cal destacar el gran paper al traure realitzat per Carlos, que dona molt bones sensacions cap a una lliga que es presenta molt competida. Despr\u00e9s, foren els equips de Primera els que ens oferiren una bona partida. Encara que Sella es posa en un clar i sorprenent 9 a 0 a favor, els jocs foren m\u00e9s disputats d\u2019all\u00f2 que reflecteix el marcador.<a href=\"https:\/\/elcabilo.com\/pilota\/files\/2010\/03\/6.jpg\"><img loading=\"lazy\" decoding=\"async\" class=\"alignright size-thumbnail wp-image-620\" src=\"https:\/\/elcabilo.com\/pilota\/files\/2010\/03\/6-150x150.jpg\" alt=\"6\" width=\"150\" height=\"150\" \/><\/a> La gran difer\u00e8ncia entre tots dos equips estigu\u00e9 al traure, en un primer moment, on Jan estigu\u00e9 millor que Dani, i en els restos, tots dos equips tenen jugadors amb gran bra\u00e7os, per\u00f2 els nostres van ser m\u00e9s guanyadors de ratlles. La partida finalitz\u00e0 amb un 10-3, que ens permet comen\u00e7ar amb bon peu la lliga i encap\u00e7alar la classificaci\u00f3 a l\u2019espera de la resta de partides de la jornada a pla\u00e7ades per la pluja. D\u2019una altra banda, <strong>l\u2019equip de tercera<\/strong> jugava la seua primera partida fora de casa i va aconseguir una <strong>contundent vict\u00f2ria<\/strong> contra els amics de <strong>La Vila 4-10.<\/strong> <\/span><\/p>\n<p class=\"MsoNormal\" style=\"text-align: justify;margin: 0cm 0cm 10pt\"><span style=\"font-family: &quot;Tw Cen MT&quot;,&quot;sans-serif&quot;font-size: 12pt\" lang=\"CA\">P.D. Com hem dit ja en moltes ocasions les partides a la pla\u00e7a ja no seran iguals, per\u00f2 sabem que sempre estar\u00e0 al nostre costat (amplieu l&#8217;\u00f9ltima imatge).<\/span><\/p>\n","protected":false},"excerpt":{"rendered":"<p>La pilota ja ha comen\u00e7at a enlairar-se per molts carrer de la prov\u00edncia d\u2019Alacant. La Lliga de Llargues i Palma ha viscut aquest cap de setmana la seua primera jornada. I com tots heu pogut comprovar ha esta marcada per l\u2019apla\u00e7ament de moltes partides a causa de l\u2019aigua. A pesar del temps i de les [&hellip;]<\/p>\n","protected":false},"author":9,"featured_media":0,"comment_status":"open","ping_status":"open","sticky":false,"template":"","format":"standard","meta":{"_exactmetrics_skip_tracking":false,"_exactmetrics_sitenote_active":false,"_exactmetrics_sitenote_note":"","_exactmetrics_sitenote_category":0,"footnotes":""},"categories":[1],"tags":[],"class_list":["post-614","post","type-post","status-publish","format-standard","hentry","category-general"],"aioseo_notices":[],"_links":{"self":[{"href":"https:\/\/elcabilo.com\/pilota\/wp-json\/wp\/v2\/posts\/614","targetHints":{"allow":["GET"]}}],"collection":[{"href":"https:\/\/elcabilo.com\/pilota\/wp-json\/wp\/v2\/posts"}],"about":[{"href":"https:\/\/elcabilo.com\/pilota\/wp-json\/wp\/v2\/types\/post"}],"author":[{"embeddable":true,"href":"https:\/\/elcabilo.com\/pilota\/wp-json\/wp\/v2\/users\/9"}],"replies":[{"embeddable":true,"href":"https:\/\/elcabilo.com\/pilota\/wp-json\/wp\/v2\/comments?post=614"}],"version-history":[{"count":0,"href":"https:\/\/elcabilo.com\/pilota\/wp-json\/wp\/v2\/posts\/614\/revisions"}],"wp:attachment":[{"href":"https:\/\/elcabilo.com\/pilota\/wp-json\/wp\/v2\/media?parent=614"}],"wp:term":[{"taxonomy":"category","embeddable":true,"href":"https:\/\/elcabilo.com\/pilota\/wp-json\/wp\/v2\/categories?post=614"},{"taxonomy":"post_tag","embeddable":true,"href":"https:\/\/elcabilo.com\/pilota\/wp-json\/wp\/v2\/tags?post=614"}],"curies":[{"name":"wp","href":"https:\/\/api.w.org\/{rel}","templated":true}]}}