{"id":628,"date":"2010-03-15T20:56:16","date_gmt":"2010-03-15T19:56:16","guid":{"rendered":"http:\/\/elcabilo.com\/pilota\/?p=628"},"modified":"2010-03-15T22:46:13","modified_gmt":"2010-03-15T21:46:13","slug":"resum-del-cap-de-setmana","status":"publish","type":"post","link":"https:\/\/elcabilo.com\/pilota\/2010\/03\/15\/resum-del-cap-de-setmana\/","title":{"rendered":"Resum del cap de setmana&#8230;"},"content":{"rendered":"<div><span style=\"color: red\"><span style=\"font-size: small\"><\/span><\/span><\/div>\n<p><span style=\"color: red\"><span style=\"font-size: small\"><span style=\"font-family: Calibri\"><\/p>\n<p class=\"MsoNormal\" style=\"text-align: justify;margin: 0cm 0cm 10pt\"><span style=\"font-family: &quot;Arial&quot;,&quot;sans-serif&quot;font-size: 10pt\" lang=\"CA\"><span style=\"color: #000000\"><strong><span style=\"color: #ff0000\">Resum de la 2\u00aa jornada de Lliga, dels Jocs Escolars i del Caixa Popular\u2026.<\/span><\/strong><\/span><\/span><\/p>\n<p class=\"MsoNormal\" style=\"text-align: justify;margin: 0cm 0cm 10pt\"><span style=\"font-family: &quot;Arial&quot;,&quot;sans-serif&quot;font-size: 10pt\" lang=\"CA\"><span style=\"color: #000000\">L\u2019equip de<strong> Pablo<\/strong> va jugar divendres la seva primera partida del <strong>caixa popular juvenil<\/strong>. Va traure 1 punt tot i <strong>perdre per 50-60<\/strong> davant l\u2019equip de Adri\u00e0 de Quart de Poblet. Al caixa popular juvenil l\u2019equip de <strong>Adolfo ha perdut per 60-55<\/strong> i nom\u00e9s ha pogut sumar 1 punt. Tot i aix\u00f2 t\u00e9 moltes possibilitats de classificar-se. <\/span><\/span><\/p>\n<p class=\"MsoNormal\" style=\"text-align: justify;margin: 0cm 0cm 10pt\"><span style=\"font-family: &quot;Arial&quot;,&quot;sans-serif&quot;font-size: 10pt\" lang=\"CA\"><span style=\"color: #000000\">Dissabte mat\u00ed vam jugar als JECV de raspall en San Joan contra l\u2019escola de Benimagrell. Bones partides i molt entretingudes i emocionants.<\/span><\/span><\/p>\n<p><\/span><\/span><\/span>\u00a0<\/p>\n<p class=\"MsoNormal\" style=\"text-align: justify;margin: 0cm 0cm 10pt\"><span style=\"color: #000000\"><strong><a href=\"https:\/\/elcabilo.com\/pilota\/files\/2010\/03\/joan.jpg\"><img loading=\"lazy\" decoding=\"async\" class=\"alignright size-thumbnail wp-image-632\" src=\"https:\/\/elcabilo.com\/pilota\/files\/2010\/03\/joan-150x150.jpg\" alt=\"OLYMPUS DIGITAL CAMERA\" width=\"150\" height=\"150\" \/><\/a>CADETS<\/strong>:<\/span><\/p>\n<p class=\"MsoNormal\" style=\"text-align: justify;margin: 0cm 0cm 10pt\"><span style=\"font-family: &quot;Arial&quot;,&quot;sans-serif&quot;font-size: 10pt\" lang=\"CA\"><span style=\"color: #000000\">Benimagrrell 35 &#8211; Sella 5<\/span><\/span><\/p>\n<p class=\"MsoNormal\" style=\"text-align: justify;margin: 0cm 0cm 10pt\"><span style=\"color: #000000\"><strong>ALEVINS<\/strong>:<\/span><\/p>\n<p class=\"MsoNormal\" style=\"text-align: justify;margin: 0cm 0cm 10pt\"><span style=\"font-family: &quot;Arial&quot;,&quot;sans-serif&quot;font-size: 10pt\" lang=\"CA\"><span style=\"color: #000000\">Benimagrell A 25 &#8211; Sella A 10<\/span><\/span><\/p>\n<p class=\"MsoNormal\" style=\"text-align: justify;margin: 0cm 0cm 10pt\"><span style=\"font-family: &quot;Arial&quot;,&quot;sans-serif&quot;font-size: 10pt\" lang=\"CA\"><span style=\"color: #000000\">Benimagrell A 25 &#8211; Sella B 5<\/span><\/span><\/p>\n<p class=\"MsoNormal\" style=\"text-align: justify;margin: 0cm 0cm 10pt\"><span style=\"font-family: &quot;Arial&quot;,&quot;sans-serif&quot;font-size: 10pt\" lang=\"CA\"><span style=\"color: #000000\">Benimagrell B 5 &#8211; Sella A 25<\/span><\/span><\/p>\n<p class=\"MsoNormal\" style=\"text-align: justify;margin: 0cm 0cm 10pt\"><span style=\"font-family: &quot;Arial&quot;,&quot;sans-serif&quot;font-size: 10pt\" lang=\"CA\"><span style=\"color: #000000\">Benimagrell B 20 &#8211; Sella B 25<\/span><\/span><\/p>\n<p class=\"MsoNormal\" style=\"text-align: justify;margin: 0cm 0cm 10pt\"><span style=\"color: #000000\"><strong>BENJAMINS<\/strong>:<\/span><\/p>\n<p class=\"MsoNormal\" style=\"text-align: justify;margin: 0cm 0cm 10pt\"><span style=\"font-family: &quot;Arial&quot;,&quot;sans-serif&quot;font-size: 10pt\" lang=\"CA\"><span style=\"color: #000000\">Benimagrrell 15 &#8211; Sella 25. Va ser la millor partida del mat\u00ed i es van vore grans colps. Toni i Joan estan fent un bon campionat. Acabada la primera volta, han jugat 7 partides, amb 6 triomfs i nom\u00e9s 1 derrota per la m\u00ednima en Benidorm. La segona volta decidir\u00e0 els equips que es classifiquen i els benjamins tenen opcions.<\/span><\/span><\/p>\n<p class=\"MsoNormal\" style=\"text-align: justify;margin: 0cm 0cm 10pt\"><span style=\"font-family: &quot;Arial&quot;,&quot;sans-serif&quot;font-size: 10pt\" lang=\"CA\"><span style=\"color: #000000\"><a href=\"https:\/\/elcabilo.com\/pilota\/files\/2010\/03\/piripi.jpg\"><img loading=\"lazy\" decoding=\"async\" class=\"alignleft size-thumbnail wp-image-633\" src=\"https:\/\/elcabilo.com\/pilota\/files\/2010\/03\/piripi-150x150.jpg\" alt=\"OLYMPUS DIGITAL CAMERA\" width=\"150\" height=\"150\" \/><\/a>En la partida de <\/span><span style=\"color: #ffc000\"><strong>3\u00aa de Palma<\/strong><\/span><span style=\"color: #000000\">: <\/span><span style=\"color: red\"><strong>Sella (Piripi, Xime, Dani, Adri i Ivan) 10<\/strong><\/span><span style=\"color: #000000\"> &#8211; <\/span><span style=\"color: #1f497d\"><strong>Monfort del Cid 0<\/strong><\/span><span style=\"color: #000000\">. Segona partida i segona vict\u00f2ria. 6 punts i bones sensacions.<\/span><\/span><\/p>\n<p class=\"MsoNormal\" style=\"text-align: justify;margin: 0cm 0cm 10pt\"><span style=\"font-family: &quot;Arial&quot;,&quot;sans-serif&quot;font-size: 10pt\" lang=\"CA\"><span style=\"color: #000000\">En <\/span><span style=\"color: #00b050\"><strong>Juvenils<\/strong><\/span><span style=\"color: #000000\">\u2026partida espectacular !! <\/span><span style=\"color: #1f497d\"><strong>Tibi 10<\/strong><\/span><span style=\"color: #000000\"> <\/span><span style=\"color: red\"><strong>&#8211; Sella 8 (Pau, Quico, Pablo i Javi).<\/strong><\/span><span style=\"color: #000000\"> Els nostres han sumat 1 punt en el carrer m\u00e9s complicat. La partida ha anat 5-5, 5-6, 8-6, 9-8, 10-8. Gran nivell dels dos equips. Sella puntua en Tibi, un carrer on l\u2019any passat no va puntuar cap equip en tota la lliga. Molt xicons !!<\/span><\/span><\/p>\n<p class=\"MsoNormal\" style=\"text-align: justify;margin: 0cm 0cm 10pt\"><span style=\"font-family: &quot;Arial&quot;,&quot;sans-serif&quot;font-size: 10pt\" lang=\"CA\"><span style=\"color: #000000\">En <\/span><strong><span style=\"color: #632423\">1\u00aa de Llargues<\/span><span style=\"color: #000000\">: <\/span><span style=\"color: #1f497d\">Tibi 10<\/span><span style=\"color: #000000\"> \u2013 <\/span><span style=\"color: red\">Sella 8 (Jan, Pablo, Jordi i Pau<\/span><\/strong><span style=\"color: #000000\">). Adjuntem els comentaris de la web del comit\u00e9 de llargues:\u201cTal como se preveia se jug\u00f3 una gran partida en Tibi contra Sella; lleno total en la calle. el nivel de juego muy alto con muchas jugadas espectaculares que arrancaban grandes aplausos; para deleite del p\u00fablico dur\u00f3 dos\u00a0 horas y media; el marcador de forma r\u00e1pida se\u00f1al\u00f3 un 4 a 1;\u00a0 siguieron juegos m\u00e1s disputados y equilibrio en el marcador con el\u00a0 4 a 4; tambi\u00e9n se igual\u00f3 en el 5 a 5; el equipo visitante se adelanta en dos juegos (5 a 7); cada equipo gana un juego (8-7); el equipo\u00a0 local logra igualar el marcador con el 8 a 8; incertidumbre total en cuanto al resultado final; para m\u00e1s emoci\u00f3n jugada pol\u00e9mica en el\u00a0 siguiente juego que se resuelve tras diez minutos de juego interrumpido; Tibi gana el juego y tambi\u00e9n el siguiente finalizando la\u00a0 contienda con 10 a 8 y reparto de puntos; ambiente totalmente deportivo entre los jugadores al finalizar\u201d. <\/span><\/span><\/p>\n<p class=\"MsoNormal\" style=\"text-align: justify;margin: 0cm 0cm 10pt\"><span style=\"font-family: &quot;Arial&quot;,&quot;sans-serif&quot;font-size: 10pt\" lang=\"CA\"><span style=\"color: #000000\">\u00a0<\/span><\/span><\/p>\n<p class=\"MsoNormal\" style=\"text-align: justify;margin: 0cm 0cm 10pt\"><em><span style=\"font-family: &quot;Arial&quot;,&quot;sans-serif&quot;font-size: 10pt\" lang=\"CA\"><strong><span style=\"color: #000000\">Gran vesprada de pilota la viscuda ahir diumenge en la Pla\u00e7a de Sella !!<\/span><\/strong><\/span><\/em><\/p>\n<p class=\"MsoNormal\" style=\"text-align: justify;margin: 0cm 0cm 10pt\"><span style=\"font-family: &quot;Arial&quot;,&quot;sans-serif&quot;font-size: 10pt\" lang=\"CA\"><span style=\"color: #000000\"><a href=\"https:\/\/elcabilo.com\/pilota\/files\/2010\/03\/sella-3-llargues.jpg\"><img loading=\"lazy\" decoding=\"async\" class=\"alignright size-thumbnail wp-image-634\" src=\"https:\/\/elcabilo.com\/pilota\/files\/2010\/03\/sella-3-llargues-150x150.jpg\" alt=\"sella-3-llargues\" width=\"150\" height=\"150\" \/><\/a>En la partida de <\/span><strong><span style=\"color: #403152\">3\u00aa de Llargues<\/span><span style=\"color: #000000\">: <\/span><span style=\"color: red\">Sella (Carlos, Adolfo I, Adolfo II, Adolfo III i Piripi) 10 <\/span><span style=\"color: #000000\">&#8211; <\/span><span style=\"color: #1f497d\">La Murada 3<\/span><span style=\"color: #000000\">.<\/span><\/strong><span style=\"color: #000000\"> Debut enguany i 3 punts en casa. Carlos seguix en la bona linea al traure i Adolfo II ha sabut restar les saques del traure rival.<\/span><\/span><\/p>\n<p class=\"MsoNormal\" style=\"text-align: justify;margin: 0cm 0cm 10pt\"><span style=\"font-family: &quot;Arial&quot;,&quot;sans-serif&quot;font-size: 10pt\" lang=\"CA\"><span style=\"color: #000000\">En <\/span><strong><span style=\"color: #002060\">1\u00aa de Palma<\/span><span style=\"color: #000000\">: <\/span><span style=\"color: red\">Sella<\/span><span style=\"color: #000000\"> <\/span><span style=\"color: red\">(Jorge, Jes\u00fas, Quico, Jaume i Xime) 10<\/span><span style=\"color: #000000\"> &#8211; <\/span><span style=\"color: #1f497d\">Tibi 6<\/span><\/strong><span style=\"color: #000000\">. Hem fet 6-2, 7-3, 7-6, 10-6. Jorge ha debutat com a traure en 1\u00aa i ha estat a un nivell fenomenal. Bon ambient de p\u00fablic amb ovacions i \u00e0nims en el transcorre de la partida. Ha estat emocionant i divertida.<\/span><\/span><\/p>\n<p class=\"MsoNormal\" style=\"text-align: justify;margin: 0cm 0cm 10pt\"><span style=\"font-family: &quot;Arial&quot;,&quot;sans-serif&quot;font-size: 10pt\" lang=\"CA\"><span style=\"color: #000000\">\u00a0<\/span><\/span><\/p>\n<p class=\"MsoNormal\" style=\"text-align: justify;margin: 0cm 0cm 10pt\"><span style=\"font-family: &quot;Arial&quot;,&quot;sans-serif&quot;font-size: 10pt\" lang=\"CA\"><span style=\"color: #000000\">Be, acaba esta jornada. Hem jugat 5 partides, amb 3 vict\u00f2ries i 2 derrotes (en Tibi) per\u00f2 sumant punts i restant-li\u2019ls al rival. Bones sensacions i bon joc i comprom\u00eds. <\/span><\/span><\/p>\n<h3 class=\"MsoNormal\" style=\"text-align: justify;margin: 0cm 0cm 10pt\"><span style=\"font-family: &quot;Snap ITC&quot;color: #92d050\" lang=\"CA\"><span style=\"color: #008000\">Seguiu aix\u00ed xavals !!<\/span><\/span><\/h3>\n","protected":false},"excerpt":{"rendered":"<p>Resum de la 2\u00aa jornada de Lliga, dels Jocs Escolars i del Caixa Popular\u2026. L\u2019equip de Pablo va jugar divendres la seva primera partida del caixa popular juvenil. Va traure 1 punt tot i perdre per 50-60 davant l\u2019equip de Adri\u00e0 de Quart de Poblet. Al caixa popular juvenil l\u2019equip de Adolfo ha perdut per [&hellip;]<\/p>\n","protected":false},"author":20,"featured_media":0,"comment_status":"open","ping_status":"open","sticky":false,"template":"","format":"standard","meta":{"_exactmetrics_skip_tracking":false,"_exactmetrics_sitenote_active":false,"_exactmetrics_sitenote_note":"","_exactmetrics_sitenote_category":0,"footnotes":""},"categories":[1],"tags":[],"class_list":["post-628","post","type-post","status-publish","format-standard","hentry","category-general"],"aioseo_notices":[],"_links":{"self":[{"href":"https:\/\/elcabilo.com\/pilota\/wp-json\/wp\/v2\/posts\/628","targetHints":{"allow":["GET"]}}],"collection":[{"href":"https:\/\/elcabilo.com\/pilota\/wp-json\/wp\/v2\/posts"}],"about":[{"href":"https:\/\/elcabilo.com\/pilota\/wp-json\/wp\/v2\/types\/post"}],"author":[{"embeddable":true,"href":"https:\/\/elcabilo.com\/pilota\/wp-json\/wp\/v2\/users\/20"}],"replies":[{"embeddable":true,"href":"https:\/\/elcabilo.com\/pilota\/wp-json\/wp\/v2\/comments?post=628"}],"version-history":[{"count":0,"href":"https:\/\/elcabilo.com\/pilota\/wp-json\/wp\/v2\/posts\/628\/revisions"}],"wp:attachment":[{"href":"https:\/\/elcabilo.com\/pilota\/wp-json\/wp\/v2\/media?parent=628"}],"wp:term":[{"taxonomy":"category","embeddable":true,"href":"https:\/\/elcabilo.com\/pilota\/wp-json\/wp\/v2\/categories?post=628"},{"taxonomy":"post_tag","embeddable":true,"href":"https:\/\/elcabilo.com\/pilota\/wp-json\/wp\/v2\/tags?post=628"}],"curies":[{"name":"wp","href":"https:\/\/api.w.org\/{rel}","templated":true}]}}