{"id":642,"date":"2010-03-22T11:48:44","date_gmt":"2010-03-22T10:48:44","guid":{"rendered":"http:\/\/elcabilo.com\/pilota\/?p=642"},"modified":"2010-03-22T11:51:24","modified_gmt":"2010-03-22T10:51:24","slug":"cronica-de-la-3%c2%aa-jornada","status":"publish","type":"post","link":"https:\/\/elcabilo.com\/pilota\/2010\/03\/22\/cronica-de-la-3%c2%aa-jornada\/","title":{"rendered":"Cr\u00f2nica de la 3\u00aa Jornada"},"content":{"rendered":"<p style=\"text-align: justify;margin: 0cm 0cm 0pt\"><span style=\"font-family: &quot;Century Gothic&quot;,&quot;sans-serif&quot;font-size: 9pt\" lang=\"CA\"><a href=\"https:\/\/elcabilo.com\/pilota\/files\/2010\/03\/gent.jpg\"><img loading=\"lazy\" decoding=\"async\" class=\"alignleft size-thumbnail wp-image-643\" src=\"https:\/\/elcabilo.com\/pilota\/files\/2010\/03\/gent-150x150.jpg\" alt=\"gent\" width=\"150\" height=\"150\" \/><\/a>Cap de setmana de boira i pluja. Solament tres dels cinc equips que tenim a la lliga han pogut jugar i tots tres han guanyat a carrers dif\u00edcils i a grans rivals. El dia de San Josep tingu\u00e9rem la partida de <strong><span style=\"text-decoration: underline\">1\u00aa de Llargues<\/span><\/strong>, Sella contra Murla.<\/span><\/p>\n<p style=\"text-align: justify;margin: 0cm 0cm 0pt\"><strong><span style=\"font-family: &quot;Century Gothic&quot;,&quot;sans-serif&quot;color;font-size: 9pt\" lang=\"CA\"><span style=\"color: #ff0000\">Sella: Jan, Jordi, Pablo, Jes\u00fas i Pau<\/span><\/span><\/strong><\/p>\n<p style=\"text-align: justify;margin: 0cm 0cm 0pt\"><strong><span style=\"font-family: &quot;Century Gothic&quot;,&quot;sans-serif&quot;color;font-size: 9pt\" lang=\"CA\"><span style=\"color: #003366\">Murla A: Malia, Tom\u00e0s, Andreu, David i Mengual<\/span><\/span><\/strong><\/p>\n<p style=\"text-align: justify;margin: 0cm 0cm 0pt\"><span style=\"font-family: &quot;Century Gothic&quot;,&quot;sans-serif&quot;font-size: 9pt\" lang=\"CA\">Clara i contundent <strong>vict\u00f2ria de Sella per 10 a 1<\/strong>. L\u2019equip al complet ha estat a un grand\u00edssim nivell. Jan ha tret barbaritats, Pablo i Jordi han restat al puesto i Jes\u00fas i Pau han acabat quinzes r\u00e0pidament. Malia no ha estat al seu nivell i les restos de Murla res han pogut fer contra les tretes de Jan \u201ccosides a la paret\u201d. M\u00e9s de 120 persones s\u2019han donat cita en la pla\u00e7a i han vist guanyar a Sella. La partida ha durat poc m\u00e9s d\u2019una hora. En aquest resultat i l\u2019apla\u00e7ament de la resta de partides <strong>Sella \u00e9s l\u00edder amb 7 punts<\/strong> per davant de Campello amb 5 (1 partida menys). Piqueu <a href=\"http:\/\/www.fpvllargues.es\/Llargues\/Llargues-2010\/Portada%20Lliga%202010.htm\" target=\"_blank\">ac\u00ed<\/a> per veure la classificaci\u00f3.<\/span><\/p>\n<p style=\"text-align: justify;margin: 0cm 0cm 0pt\">\u00a0<\/p>\n<p class=\"MsoNormal\" style=\"text-align: justify;margin: 0cm 0cm 0pt\"><span style=\"font-family: &quot;Century Gothic&quot;,&quot;sans-serif&quot;font-size: 9pt\" lang=\"CA\"><a href=\"https:\/\/elcabilo.com\/pilota\/files\/2010\/03\/jorge-benasau.jpg\"><img loading=\"lazy\" decoding=\"async\" class=\"alignright size-thumbnail wp-image-644\" src=\"https:\/\/elcabilo.com\/pilota\/files\/2010\/03\/jorge-benasau-150x150.jpg\" alt=\"jorge-benasau\" width=\"150\" height=\"150\" \/><\/a>La jornada va continuar el dissabte amb els equips de palma, que jugaven fora a dos carrers molt complicats. D\u2019una banda, l\u2019equip de <strong><span style=\"text-decoration: underline\">1\u00aa de Palma<\/span><\/strong> <span style=\"color: red\">(<strong>Jorge, Jes\u00fas, Quico, David, Jaume<\/strong>)<\/span> jugava en <strong><span style=\"color: #1f497d\">Benasau<\/span><\/strong>. Els primers jocs foren molt disputats amb equilibri en el marcador <\/span><span style=\"font-family: &quot;Century Gothic&quot;,&quot;sans-serif&quot;color: black;font-size: 9pt\" lang=\"CA\">(\u00a00\u00a0a\u00a01;\u00a01\u00a0a\u00a01;\u00a01\u00a0a\u00a02;\u00a02\u00a0a\u00a0 2). Per\u00f2 sempre Sella\u00a0 per davant i a poc a poc an\u00e0rem distanciant-se\u00a0 aconseguint la <strong>vict\u00f2ria definitiva 5 per 10<\/strong>. M\u00e9s de vint persones acompanyaren a l\u2019equip a Benasau. Amb aquest resultat Sella es <strong>segona amb 6 punts <\/strong>per darrere de Benidorm amb 9 punts, per\u00f2 una partida m\u00e9s. Piqueu <a href=\"http:\/\/www.fpvllargues.es\/Llargues\/Llargues-2010\/Portada%20Lliga%202010.htm\" target=\"_blank\">ac\u00ed<\/a> per veure la classificaci\u00f3.<\/span><\/p>\n<p class=\"MsoNormal\" style=\"text-align: justify;margin: 0cm 0cm 0pt\">\u00a0<\/p>\n<p class=\"MsoNormal\" style=\"text-align: justify;margin: 0cm 0cm 0pt\"><span style=\"font-family: &quot;Century Gothic&quot;,&quot;sans-serif&quot;color: black;font-size: 9pt\" lang=\"CA\">I, d\u2019una altra banda, l\u2019equip de <strong><span style=\"text-decoration: underline\">3\u00aa de Palma<\/span><\/strong> tamb\u00e9 va aconseguir una important <strong>victoria a <\/strong><\/span><strong><span style=\"font-family: &quot;Century Gothic&quot;,&quot;sans-serif&quot;color;font-size: 9pt\" lang=\"CA\"><span style=\"color: #003366\">Laguar<\/span><\/span><\/strong><strong><span style=\"font-family: &quot;Century Gothic&quot;,&quot;sans-serif&quot;color: black;font-size: 9pt\" lang=\"CA\"> 7 per 10<\/span><\/strong><span style=\"font-family: &quot;Century Gothic&quot;,&quot;sans-serif&quot;color: black;font-size: 9pt\" lang=\"CA\">. L\u2019equip de <\/span><strong><span style=\"font-family: &quot;Century Gothic&quot;,&quot;sans-serif&quot;color;font-size: 9pt\" lang=\"CA\"><span style=\"color: #ff0000\">Sella (Piripi, Adri, Pau, Dani<\/span><\/span><\/strong><span style=\"font-family: &quot;Century Gothic&quot;,&quot;sans-serif&quot;color: black;font-size: 9pt\" lang=\"CA\"><span style=\"color: #ff0000\">) <\/span>comen\u00e7aren perdent per un contundent 4 a 1, per\u00f3 poc a poc es feren amb el carrer i aconseguiren posar-se per davant 4 a 5. Despr\u00e9s l\u2019equip local feu el 7 a 5, per\u00f2 els de Sella no es donaren per ven\u00e7uts i feren 5 jocs seguits aconseguint finalment la vict\u00f2ria. A\u00e7\u00f2 fa que es queden a les primeres posicions d ela classificaci\u00f3 amb 8 punts empatats amb Benasau per\u00f2 per darrere del l\u00edder X\u00e0bia (9 punts). Piqueu <a href=\"http:\/\/www.fpvllargues.es\/Llargues\/Llargues-2010\/Portada%20Lliga%202010.htm\" target=\"_blank\">ac\u00ed<\/a> per veure la classificaci\u00f3.<\/span><\/p>\n<p class=\"MsoNormal\" style=\"text-align: justify;margin: 0cm 0cm 0pt\">\u00a0<\/p>\n<p class=\"MsoNormal\" style=\"text-align: justify;margin: 0cm 0cm 0pt\"><span style=\"font-family: &quot;Century Gothic&quot;,&quot;sans-serif&quot;color: black;font-size: 9pt\" lang=\"CA\"><strong><span style=\"color: #008000\">Enhorabona a tots i sort per a la pr\u00f2xima jornada.<\/span><\/strong><\/span><\/p>\n","protected":false},"excerpt":{"rendered":"<p>Cap de setmana de boira i pluja. Solament tres dels cinc equips que tenim a la lliga han pogut jugar i tots tres han guanyat a carrers dif\u00edcils i a grans rivals. El dia de San Josep tingu\u00e9rem la partida de 1\u00aa de Llargues, Sella contra Murla. Sella: Jan, Jordi, Pablo, Jes\u00fas i Pau Murla [&hellip;]<\/p>\n","protected":false},"author":9,"featured_media":0,"comment_status":"open","ping_status":"open","sticky":false,"template":"","format":"standard","meta":{"_exactmetrics_skip_tracking":false,"_exactmetrics_sitenote_active":false,"_exactmetrics_sitenote_note":"","_exactmetrics_sitenote_category":0,"footnotes":""},"categories":[1],"tags":[],"class_list":["post-642","post","type-post","status-publish","format-standard","hentry","category-general"],"aioseo_notices":[],"_links":{"self":[{"href":"https:\/\/elcabilo.com\/pilota\/wp-json\/wp\/v2\/posts\/642","targetHints":{"allow":["GET"]}}],"collection":[{"href":"https:\/\/elcabilo.com\/pilota\/wp-json\/wp\/v2\/posts"}],"about":[{"href":"https:\/\/elcabilo.com\/pilota\/wp-json\/wp\/v2\/types\/post"}],"author":[{"embeddable":true,"href":"https:\/\/elcabilo.com\/pilota\/wp-json\/wp\/v2\/users\/9"}],"replies":[{"embeddable":true,"href":"https:\/\/elcabilo.com\/pilota\/wp-json\/wp\/v2\/comments?post=642"}],"version-history":[{"count":0,"href":"https:\/\/elcabilo.com\/pilota\/wp-json\/wp\/v2\/posts\/642\/revisions"}],"wp:attachment":[{"href":"https:\/\/elcabilo.com\/pilota\/wp-json\/wp\/v2\/media?parent=642"}],"wp:term":[{"taxonomy":"category","embeddable":true,"href":"https:\/\/elcabilo.com\/pilota\/wp-json\/wp\/v2\/categories?post=642"},{"taxonomy":"post_tag","embeddable":true,"href":"https:\/\/elcabilo.com\/pilota\/wp-json\/wp\/v2\/tags?post=642"}],"curies":[{"name":"wp","href":"https:\/\/api.w.org\/{rel}","templated":true}]}}