{"id":648,"date":"2010-03-23T12:30:58","date_gmt":"2010-03-23T11:30:58","guid":{"rendered":"http:\/\/elcabilo.com\/pilota\/?p=648"},"modified":"2010-03-23T12:30:58","modified_gmt":"2010-03-23T11:30:58","slug":"domiciliacio-quota-soci-pilota","status":"publish","type":"post","link":"https:\/\/elcabilo.com\/pilota\/2010\/03\/23\/domiciliacio-quota-soci-pilota\/","title":{"rendered":"Domiciliaci\u00f3 Quota Soci Pilota"},"content":{"rendered":"<p style=\"text-align: justify\">Des del <strong>Club de Pilota Sella<\/strong> preguem que tot aquell que vulga <strong>domiciliar-se la quota de soci<\/strong> imprimisca aquest full que apareix a la imatge o picant <a href=\"https:\/\/elcabilo.com\/pilota\/files\/2010\/03\/domiciliacio-quota-pilota.pdf\">ac\u00ed<\/a>. L&#8217;ompliu amb les vostres dades i li ho doneu a alg\u00fa de la Junta directiva (David, Dani, Miguel \u00c0ngel, Pablo o Anto).<\/p>\n<p style=\"text-align: justify\"><a href=\"https:\/\/elcabilo.com\/pilota\/files\/2010\/03\/domi.jpg\"><img loading=\"lazy\" decoding=\"async\" class=\"alignleft size-thumbnail wp-image-650\" src=\"https:\/\/elcabilo.com\/pilota\/files\/2010\/03\/domi-150x150.jpg\" alt=\"domi\" width=\"150\" height=\"150\" \/><\/a>B\u00e9, esperem la col\u00b7laboraci\u00f3 de tots per que tot a\u00e7\u00f2 repercutir\u00e0 en els nostres pilotaris i el que \u00e9s m\u00e9s important en l&#8217;Escola de Pilota on s\u00f3n molts els xiquets i xiquetes que van tots els dimecres a gaudir d&#8217;una vesprada de pilota.<\/p>\n<p style=\"text-align: justify\">El Club encara que no ho parega t\u00e9 moltes despeses (llic\u00e8ncies, convidades, incripcions competicions, material escola de pilota i competicions, etc).\u00a0\u00c9s gr\u00e0cies a l&#8217;esfor\u00e7 dels pilotaris i a diputaci\u00f3 que econ\u00f2micament pot tirar endavant.<\/p>\n<p style=\"text-align: justify\"><strong><span style=\"color: #800000\">Aix\u00ed que esperem que vos animeu i vos feu socis<\/span><\/strong>.<\/p>\n","protected":false},"excerpt":{"rendered":"<p>Des del Club de Pilota Sella preguem que tot aquell que vulga domiciliar-se la quota de soci imprimisca aquest full que apareix a la imatge o picant ac\u00ed. L&#8217;ompliu amb les vostres dades i li ho doneu a alg\u00fa de la Junta directiva (David, Dani, Miguel \u00c0ngel, Pablo o Anto). B\u00e9, esperem la col\u00b7laboraci\u00f3 de [&hellip;]<\/p>\n","protected":false},"author":9,"featured_media":0,"comment_status":"open","ping_status":"open","sticky":false,"template":"","format":"standard","meta":{"_exactmetrics_skip_tracking":false,"_exactmetrics_sitenote_active":false,"_exactmetrics_sitenote_note":"","_exactmetrics_sitenote_category":0,"footnotes":""},"categories":[1],"tags":[],"class_list":["post-648","post","type-post","status-publish","format-standard","hentry","category-general"],"aioseo_notices":[],"_links":{"self":[{"href":"https:\/\/elcabilo.com\/pilota\/wp-json\/wp\/v2\/posts\/648","targetHints":{"allow":["GET"]}}],"collection":[{"href":"https:\/\/elcabilo.com\/pilota\/wp-json\/wp\/v2\/posts"}],"about":[{"href":"https:\/\/elcabilo.com\/pilota\/wp-json\/wp\/v2\/types\/post"}],"author":[{"embeddable":true,"href":"https:\/\/elcabilo.com\/pilota\/wp-json\/wp\/v2\/users\/9"}],"replies":[{"embeddable":true,"href":"https:\/\/elcabilo.com\/pilota\/wp-json\/wp\/v2\/comments?post=648"}],"version-history":[{"count":0,"href":"https:\/\/elcabilo.com\/pilota\/wp-json\/wp\/v2\/posts\/648\/revisions"}],"wp:attachment":[{"href":"https:\/\/elcabilo.com\/pilota\/wp-json\/wp\/v2\/media?parent=648"}],"wp:term":[{"taxonomy":"category","embeddable":true,"href":"https:\/\/elcabilo.com\/pilota\/wp-json\/wp\/v2\/categories?post=648"},{"taxonomy":"post_tag","embeddable":true,"href":"https:\/\/elcabilo.com\/pilota\/wp-json\/wp\/v2\/tags?post=648"}],"curies":[{"name":"wp","href":"https:\/\/api.w.org\/{rel}","templated":true}]}}