{"id":656,"date":"2010-03-29T12:53:14","date_gmt":"2010-03-29T11:53:14","guid":{"rendered":"http:\/\/elcabilo.com\/pilota\/?p=656"},"modified":"2010-03-29T12:53:14","modified_gmt":"2010-03-29T11:53:14","slug":"cronica-4a-jornada","status":"publish","type":"post","link":"https:\/\/elcabilo.com\/pilota\/2010\/03\/29\/cronica-4a-jornada\/","title":{"rendered":"Cr\u00f2nica 4a Jornada"},"content":{"rendered":"<p class=\"MsoNormal\" style=\"text-align: justify;margin: 0cm 0cm 0pt\"><span style=\"font-family: &quot;Arial&quot;,&quot;sans-serif&quot;font-size: 10pt\" lang=\"CA\"><a href=\"https:\/\/elcabilo.com\/pilota\/files\/2010\/03\/2310.jpg\"><img loading=\"lazy\" decoding=\"async\" class=\"alignleft size-thumbnail wp-image-659\" src=\"https:\/\/elcabilo.com\/pilota\/files\/2010\/03\/2310-150x150.jpg\" alt=\"2310\" width=\"150\" height=\"150\" \/><\/a>El cap de setmana a sella ha sigut prou entretingut. Hem tingut de tot i per a tots els gustos. Divendres i dissabte el Rally i diumenge de Rams un <strong>Concert Solidari<\/strong> a c\u00e0rrec de la Rondalla de Sella, el Grup de danses, el Cor i la Uni\u00f3 Musical Aurora de Sella per a recaudar fons per Hait\u00ed i Xile (enhorabona a tots els ho han fet possible).<\/span><\/p>\n<p class=\"MsoNormal\" style=\"text-align: justify;margin: 0cm 0cm 0pt\">\u00a0<\/p>\n<p class=\"MsoNormal\" style=\"text-align: justify;margin: 0cm 0cm 0pt\"><span style=\"font-family: &quot;Arial&quot;,&quot;sans-serif&quot;font-size: 10pt\" lang=\"CA\">I tamb\u00e9 com no ha hagut pilota. Divendres i diumenge han tingut una nova jornada de la <strong><span style=\"text-decoration: underline\">Lliga Caixa Popular Juvenil<\/span><\/strong> on els nostres jugadors han fet un bon paper. <strong>L\u2019equip de Pablo i l\u2019equip d\u2019Adolfo<\/strong> s\u2019enfrontaren a Sueca en una partida molt disputada que despr\u00e9s d\u2019un 50-35 per a Adolfo, va passar a un <strong>50-60 per a l\u2019equip de Pablo<\/strong>. Pens\u00e0vem que estes coses no podien tornar a passar i el diumenge en la primera partida de Quico en aquesta Lliga altra vegada hagu\u00e9 una remuntada. <strong>L\u2019equip de Quico<\/strong> guanyava 55-40, per\u00f2 <strong>va perdre finalment 55-60<\/strong>. Tot i aix\u00f2, els equips dels nostres jugadors estan amb possibilitats de classificar-se per a la seg\u00fcent fase. Pica <a href=\"http:\/\/fedpival.es\/documentos\/competiciones\/pdf\/pdf_731.pdf\" target=\"_blank\">ac\u00ed<\/a> per veure la classificaci\u00f3.<\/span><\/p>\n<p class=\"MsoNormal\" style=\"text-align: justify;margin: 0cm 0cm 0pt\">\u00a0<\/p>\n<p class=\"MsoNormal\" style=\"text-align: justify;margin: 0cm 0cm 0pt\"><span style=\"font-family: &quot;Arial&quot;,&quot;sans-serif&quot;font-size: 10pt\" lang=\"CA\"><a href=\"https:\/\/elcabilo.com\/pilota\/files\/2010\/03\/adolfo_sella.jpg\"><img loading=\"lazy\" decoding=\"async\" class=\"alignright size-thumbnail wp-image-658\" src=\"https:\/\/elcabilo.com\/pilota\/files\/2010\/03\/adolfo_sella-150x150.jpg\" alt=\"adolfo_sella\" width=\"150\" height=\"150\" \/><\/a>Pel que fa a la <strong><span style=\"text-decoration: underline\">Lliga de Llargues<\/span><\/strong>, els <strong><span style=\"color: red\">Juvenils<\/span><\/strong> <strong>van guanyar<\/strong> <strong>1-10 en <span style=\"color: #1f497d\">La Vila<\/span><\/strong>. Una vict\u00f2ria que els permet estar en els primers llocs de la classificaci\u00f3. En <strong><span style=\"color: red\">3\u00aa Categoria<\/span><\/strong>, <strong>derrota per 10-5<\/strong> en <strong><span style=\"color: #1f497d\">Campello<\/span><\/strong>. Es va notar molt l\u2019abs\u00e8ncia del traure Carlets que est\u00e0 fent una gran lliga. I, respecte a l\u2019equip de <strong><span style=\"color: red\">1\u00aa Categoria<\/span><\/strong>, ha aconseguit un gran resultat en <strong><span style=\"color: #1f497d\">Parcent<\/span><\/strong>, <strong>guanyat 2-10.<\/strong> Els nostres feren una gran partida que ens permeten estar en la lluita per el campionat amb els grans favorits i que deixa entreveure el bon estat de forma i de joc en el que estan la majoria dels jugadors.<\/span><\/p>\n<p class=\"MsoNormal\" style=\"text-align: justify;margin: 0cm 0cm 0pt\">\u00a0<\/p>\n<p class=\"MsoNormal\" style=\"text-align: justify;margin: 0cm 0cm 0pt\"><span style=\"font-family: &quot;Arial&quot;,&quot;sans-serif&quot;font-size: 10pt\" lang=\"CA\"><a href=\"https:\/\/elcabilo.com\/pilota\/files\/2010\/03\/455.jpg\"><img loading=\"lazy\" decoding=\"async\" class=\"alignleft size-thumbnail wp-image-657\" src=\"https:\/\/elcabilo.com\/pilota\/files\/2010\/03\/455-150x150.jpg\" alt=\"455\" width=\"150\" height=\"150\" \/><\/a>Per \u00faltim, en la <strong><span style=\"text-decoration: underline\">Lliga de Palma<\/span><\/strong>, el diumenge de vesprada jugaren els dos equips que tenim. En primer lloc, el de <strong><span style=\"color: red\">3\u00aa Categoria<\/span><\/strong> va guanyar a <strong><span style=\"color: #1f497d\">Xixona<\/span> 10-0<\/strong>. Partida on els nostres foren clarament superiors. Despr\u00e9s, en <strong><span style=\"color: red\">1\u00aa Categoria<\/span><\/strong>, si que gaudirem d\u2019una gran partida entre Sella i <strong><span style=\"color: #1f497d\">Benidorm<\/span><\/strong> que es decant\u00e0 finalment per als nostres <strong>10-7<\/strong>. Partida molt igualada que hagu\u00e9 un moment, en el 6-7 per a Benidorm i val per a ell, que pareixia que s\u2019escapava. Per\u00f2 un quinze directe del traure va canviar el signe de la partida. Els nostres van canviar el xip i amb gran pilotades finals de Jes\u00fas i de Quico, que va ser el millor de la partida, vam guanyar.<\/span><\/p>\n<p class=\"MsoNormal\" style=\"text-align: justify;margin: 0cm 0cm 0pt\"><span style=\"font-family: &quot;Arial&quot;,&quot;sans-serif&quot;font-size: 10pt\" lang=\"CA\"><strong><\/strong><\/span><\/p>\n<p class=\"MsoNormal\" style=\"text-align: justify;margin: 0cm 0cm 0pt\"><span style=\"font-family: &quot;Arial&quot;,&quot;sans-serif&quot;font-size: 10pt\" lang=\"CA\"><strong>Enhorabona a tots.<\/strong><\/span><\/p>\n","protected":false},"excerpt":{"rendered":"<p>El cap de setmana a sella ha sigut prou entretingut. Hem tingut de tot i per a tots els gustos. Divendres i dissabte el Rally i diumenge de Rams un Concert Solidari a c\u00e0rrec de la Rondalla de Sella, el Grup de danses, el Cor i la Uni\u00f3 Musical Aurora de Sella per a recaudar [&hellip;]<\/p>\n","protected":false},"author":9,"featured_media":0,"comment_status":"open","ping_status":"open","sticky":false,"template":"","format":"standard","meta":{"_exactmetrics_skip_tracking":false,"_exactmetrics_sitenote_active":false,"_exactmetrics_sitenote_note":"","_exactmetrics_sitenote_category":0,"footnotes":""},"categories":[1],"tags":[],"class_list":["post-656","post","type-post","status-publish","format-standard","hentry","category-general"],"aioseo_notices":[],"_links":{"self":[{"href":"https:\/\/elcabilo.com\/pilota\/wp-json\/wp\/v2\/posts\/656","targetHints":{"allow":["GET"]}}],"collection":[{"href":"https:\/\/elcabilo.com\/pilota\/wp-json\/wp\/v2\/posts"}],"about":[{"href":"https:\/\/elcabilo.com\/pilota\/wp-json\/wp\/v2\/types\/post"}],"author":[{"embeddable":true,"href":"https:\/\/elcabilo.com\/pilota\/wp-json\/wp\/v2\/users\/9"}],"replies":[{"embeddable":true,"href":"https:\/\/elcabilo.com\/pilota\/wp-json\/wp\/v2\/comments?post=656"}],"version-history":[{"count":0,"href":"https:\/\/elcabilo.com\/pilota\/wp-json\/wp\/v2\/posts\/656\/revisions"}],"wp:attachment":[{"href":"https:\/\/elcabilo.com\/pilota\/wp-json\/wp\/v2\/media?parent=656"}],"wp:term":[{"taxonomy":"category","embeddable":true,"href":"https:\/\/elcabilo.com\/pilota\/wp-json\/wp\/v2\/categories?post=656"},{"taxonomy":"post_tag","embeddable":true,"href":"https:\/\/elcabilo.com\/pilota\/wp-json\/wp\/v2\/tags?post=656"}],"curies":[{"name":"wp","href":"https:\/\/api.w.org\/{rel}","templated":true}]}}