{"id":671,"date":"2010-04-19T10:46:54","date_gmt":"2010-04-19T09:46:54","guid":{"rendered":"http:\/\/elcabilo.com\/pilota\/?p=671"},"modified":"2010-04-19T13:41:36","modified_gmt":"2010-04-19T12:41:36","slug":"cronica-6a-jornada","status":"publish","type":"post","link":"https:\/\/elcabilo.com\/pilota\/2010\/04\/19\/cronica-6a-jornada\/","title":{"rendered":"Cr\u00f2nica 6a Jornada"},"content":{"rendered":"<p>La sisena Jornada de Pilota ha sigut una de les m\u00e9s llargues del curs. Va comen\u00e7ar el dijous amb la Lliga Caixa Popular Juvenil i va finalitzar el diumenge amb la partida de Llargues de Juvenils.<\/p>\n<p>En primer lloc, parlarem de la <strong>Lliga Caixa Popular Juvenil<\/strong> on ens queden tres representants despr\u00e9s de l\u2019eliminaci\u00f3 de Pau. Els equips de Kiko (derrotat el dijous), el de Adolfo (tamb\u00e9 va perdre el diumenge de mat\u00ed) i el de Pablo (amb derrota divendres i vict\u00f2ria el diumenge) han passat a quarts de finals de la Lliga i lluitaran aquesta setmana per passar a semifinals. Els enfrontaments han quedat aix\u00ed:<\/p>\n<p>23\/4 SUECA, 17\u00b400 H <strong>BENIPARRELL<\/strong> (JOSE LUIS\u2013<strong>ADOLFO<\/strong>\u2013 SAM) vs MONCADA (RODRI \u2013PONCE &#8211; JOSE<\/p>\n<p>24\/4 DENIA, 18\u00b430 H GODELLETA (EMILIO \u2013 VICENT \u2013 ISAAC) vs <strong>PATERNA<\/strong> (<strong>PABLO<\/strong> \u2013 DAVID \u2013 ADRI\u00c0)<\/p>\n<p>25\/4 LA POBLA, 17\u00b430 H <strong>MASSAMAGRELL<\/strong> (NACHO\u2013<strong>QUICO<\/strong> \u2013JAVI) vs PEDREGUER (JUAN\u2013PENALBA \u2013EDU)<\/p>\n<p>18\u00b430 H QUART DE POBLET (ADRI\u00c1N \u2013 ENRIQUE \u2013 JOAN) vs XILXES (PABLO &#8211; MARTIN \u2013CARLOS)<\/p>\n<p>Esperem que tinguen molta sort i puguen passar tot tres.<\/p>\n<p>M\u00e9s informaci\u00f3 de la fase final ac\u00ed: <a href=\"http:\/\/fedpival.es\/documentos\/competiciones\/pdf\/pdf_755.pdf\">http:\/\/fedpival.es\/documentos\/competiciones\/pdf\/pdf_755.pdf<\/a><\/p>\n<p><a href=\"https:\/\/elcabilo.com\/pilota\/files\/2010\/04\/rasp-mar.jpg\"><img loading=\"lazy\" decoding=\"async\" class=\"alignleft size-thumbnail wp-image-672\" title=\"rasp mar\" src=\"https:\/\/elcabilo.com\/pilota\/files\/2010\/04\/rasp-mar-150x150.jpg\" alt=\"\" width=\"150\" height=\"150\" \/><\/a>El dissabte de mat\u00ed tamb\u00e9 tinguerem els <strong>JECV de Raspall<\/strong> on s&#8217;enfrontr\u00e0 l&#8217;escola de Sella contra Benidorm.\u00a0Els xiquets i xiquetes junat amb el p\u00fablic assitent gaudiren molt de les bones partides que es van poder veure.\u00a0Excepte una partida la resta caigu\u00e9 a favor dels de Benidorm.\u00a0Per\u00f2 el m\u00e9s important s&#8217;aconsegu\u00ed: passar-ho b\u00e9.\u00a0<a href=\"https:\/\/elcabilo.com\/pilota\/files\/2010\/04\/P4170298.jpg\"><img loading=\"lazy\" decoding=\"async\" class=\"alignright size-thumbnail wp-image-673\" title=\"P4170298\" src=\"https:\/\/elcabilo.com\/pilota\/files\/2010\/04\/P4170298-150x150.jpg\" alt=\"\" width=\"150\" height=\"150\" \/><\/a><\/p>\n<p>Respecte a la <strong><span style=\"text-decoration: underline\">Lliga de Llargues<\/span><\/strong>, el dissabte l\u2019equip de <strong>Tercera<\/strong> <strong>va perdre<\/strong> la segona partida consecutiva a Sella per <strong>7 \u2013 10 contra l\u2019equip de Parcent<\/strong>. La clau van ser els primers 4 o 5 jocs que caigueren de l\u2019equip visitant sense fer res, tot foren errades dels nostres tant al traure com al resto. Poc a poc les coses anaven millorant, per\u00f2 el traure visitant molt encertat i els jocs perduts al principi de la partida foren una llosa. Despr\u00e9s juga l\u2019equip de<strong> Primera<\/strong> aconseguint <strong>guanyar 10 \u2013 2 contra Benimagrell<\/strong>. L\u2019ambient tant fora com dins de la partida fou molt gelat per\u00f2 els nostres ho resolgueren amb gran solv\u00e8ncia. Per \u00faltim, el diumenge l\u2019equip <strong>juvenil<\/strong> tamb\u00e9 juga contra el filial de<strong> Benimagrell<\/strong> guanyant per un contundent <strong>10 \u2013 1<\/strong> que mostra la clara superioritat dels nostres.<\/p>\n<p><a href=\"https:\/\/elcabilo.com\/pilota\/files\/2010\/04\/kko-benimagrell.jpg\"><img loading=\"lazy\" decoding=\"async\" class=\"alignleft size-thumbnail wp-image-674\" title=\"kko benimagrell\" src=\"https:\/\/elcabilo.com\/pilota\/files\/2010\/04\/kko-benimagrell-150x150.jpg\" alt=\"\" width=\"150\" height=\"150\" \/><\/a>Per \u00faltim, en la <strong><span style=\"text-decoration: underline\">Lliga de Palma<\/span><\/strong>, l\u2019equip de <strong>Tercera<\/strong> es trasllada a <strong>X\u00e0bia<\/strong> on caigu\u00e9 <strong>derrotat per un clar 10 \u2013 1<\/strong>. El m\u00e9s important d\u2019aquesta partida fou el <strong>debut de Segio<\/strong> en la lliga despr\u00e9s de la seua lesi\u00f3, i les sensacions foren prou bones. D\u2019altra banda, l\u2019equip de <strong>Primera<\/strong> aconsegu\u00ed els tres punts a <strong>Benimagrell<\/strong> despr\u00e9s de <strong>guanyar 6 \u2013 10<\/strong>. Una bona partida de tot l\u2019equip en general per\u00f2 on Jorge va traure molt b\u00e9 i Kiko va fer una partida complet\u00edssima de resto de contraresto, pegant pilotades sobretot amb gran seguretat.<\/p>\n<p>Les classificacions les podeu veure en el seg\u00fcent enlla\u00e7: <a href=\"http:\/\/www.fpvllargues.es\/Llargues\/Llargues-2010\/Portada%20Lliga%202010.htm\">http:\/\/www.fpvllargues.es\/Llargues\/Llargues-2010\/Portada%20Lliga%202010.htm<\/a><\/p>\n<p>Tamb\u00e9 tenim a Jes\u00fas en una nova competici\u00f3:<strong> III Copa d&#8217;Escala i Corda Pressident de la diputaci\u00f3 de Val\u00e8ncia de Joves Promeses<\/strong>. Equips participants: <a href=\"http:\/\/www.valnetpilota.com\/I_CopaPromeses_2010.php\">http:\/\/www.valnetpilota.com\/I_CopaPromeses_2010.php<\/a><\/p>\n<ol>\n<li><a href=\"https:\/\/elcabilo.com\/pilota\/files\/2010\/04\/P4180327.jpg\"><img loading=\"lazy\" decoding=\"async\" class=\"alignright size-thumbnail wp-image-677\" title=\"P4180327\" src=\"https:\/\/elcabilo.com\/pilota\/files\/2010\/04\/P4180327-150x150.jpg\" alt=\"\" width=\"150\" height=\"150\" \/><\/a>Ajuntament de Calp: Primi, Tom\u00e0s II i Carlitos<\/li>\n<li>Ajuntament de Sagunt: Puchol II, Herrera i Ruben<\/li>\n<li>Ajuntament de Massamagrell: Fageca, Colau II i Hector II<\/li>\n<li>Ajuntament de Genov\u00e9s: Sergio, Pere i Carlos II<\/li>\n<li>Ajuntament de D\u00e9nia: Santi II, Nacho i Monrabal<\/li>\n<li><strong>Ajuntament de Murla-Laguar: Carlos, Hector i <span style=\"color: #ff0000\">Jes\u00fas II<\/span><\/strong><\/li>\n<\/ol>\n<p><strong><span style=\"color: #0000ff\">Molta sort per a tots.<\/span><\/strong><\/p>\n","protected":false},"excerpt":{"rendered":"<p>La sisena Jornada de Pilota ha sigut una de les m\u00e9s llargues del curs. Va comen\u00e7ar el dijous amb la Lliga Caixa Popular Juvenil i va finalitzar el diumenge amb la partida de Llargues de Juvenils. En primer lloc, parlarem de la Lliga Caixa Popular Juvenil on ens queden tres representants despr\u00e9s de l\u2019eliminaci\u00f3 de [&hellip;]<\/p>\n","protected":false},"author":9,"featured_media":0,"comment_status":"open","ping_status":"open","sticky":false,"template":"","format":"standard","meta":{"_exactmetrics_skip_tracking":false,"_exactmetrics_sitenote_active":false,"_exactmetrics_sitenote_note":"","_exactmetrics_sitenote_category":0,"footnotes":""},"categories":[1],"tags":[],"class_list":["post-671","post","type-post","status-publish","format-standard","hentry","category-general"],"aioseo_notices":[],"_links":{"self":[{"href":"https:\/\/elcabilo.com\/pilota\/wp-json\/wp\/v2\/posts\/671","targetHints":{"allow":["GET"]}}],"collection":[{"href":"https:\/\/elcabilo.com\/pilota\/wp-json\/wp\/v2\/posts"}],"about":[{"href":"https:\/\/elcabilo.com\/pilota\/wp-json\/wp\/v2\/types\/post"}],"author":[{"embeddable":true,"href":"https:\/\/elcabilo.com\/pilota\/wp-json\/wp\/v2\/users\/9"}],"replies":[{"embeddable":true,"href":"https:\/\/elcabilo.com\/pilota\/wp-json\/wp\/v2\/comments?post=671"}],"version-history":[{"count":0,"href":"https:\/\/elcabilo.com\/pilota\/wp-json\/wp\/v2\/posts\/671\/revisions"}],"wp:attachment":[{"href":"https:\/\/elcabilo.com\/pilota\/wp-json\/wp\/v2\/media?parent=671"}],"wp:term":[{"taxonomy":"category","embeddable":true,"href":"https:\/\/elcabilo.com\/pilota\/wp-json\/wp\/v2\/categories?post=671"},{"taxonomy":"post_tag","embeddable":true,"href":"https:\/\/elcabilo.com\/pilota\/wp-json\/wp\/v2\/tags?post=671"}],"curies":[{"name":"wp","href":"https:\/\/api.w.org\/{rel}","templated":true}]}}