{"id":683,"date":"2010-04-26T09:35:02","date_gmt":"2010-04-26T07:35:02","guid":{"rendered":"http:\/\/elcabilo.com\/pilota\/?p=683"},"modified":"2010-04-26T11:03:56","modified_gmt":"2010-04-26T09:03:56","slug":"cronica-7a-jornada","status":"publish","type":"post","link":"https:\/\/elcabilo.com\/pilota\/2010\/04\/26\/cronica-7a-jornada\/","title":{"rendered":"Cr\u00f2nica 7a Jornada"},"content":{"rendered":"<p>Aquest cap de setmana els pilotaris de Sella han aconseguit grans vict\u00f2ries.<\/p>\n<p><a href=\"https:\/\/elcabilo.com\/pilota\/files\/2010\/04\/Caixa-Popular-10-Kiko.jpg\"><img loading=\"lazy\" decoding=\"async\" class=\"alignright size-thumbnail wp-image-687\" title=\"Caixa Popular 10 Kiko\" src=\"https:\/\/elcabilo.com\/pilota\/files\/2010\/04\/Caixa-Popular-10-Kiko-150x150.jpg\" alt=\"\" width=\"150\" height=\"150\" \/><\/a>D\u2019una banda, a les semifinals de la <strong><span style=\"text-decoration: underline\">Lliga Caixa Popular<\/span><\/strong> han passat dos dels nostres joves pilotaris. El dissabte va ser l\u2019equip de <strong>Pablo (Paterna)<\/strong> que <strong>va guanyar a l\u2019equip de Godelleta<\/strong> per un contundent <strong>60 \u2013 25<\/strong> i ahir diumenge l\u2019equip de <strong>Quico (Massamagrell)<\/strong> <strong>va guanyar<\/strong> <strong>60 \u2013 45<\/strong> al de <strong>Pedregue<\/strong>r. El divendres l\u2019equip <strong>d\u2019Adolfo (Beniparrell<\/strong>) <strong>va perdre\u00a0 60 \u2013 40<\/strong> contra un dels principals favorits, l\u2019equip de Rodrigo (Moncada). Aix\u00ed pues, el diumenge vinent, tots dos lluitaran per obtindre un lloc a la final d\u2019una lliga on els nostres jugadors l\u2019any passat va ser els grans protagonistes. Les partides es jugaran al <strong>Trinquet de Massamagrell<\/strong> a partir de les 17:00 h el <strong>diumenge dia 2 de Maig<\/strong>.<\/p>\n<p><span style=\"color: #ff0000\"><strong>PATERNA (<span style=\"text-decoration: underline\">PABLO<\/span> \u2013 <\/strong>DAVID \u2013 ADRI\u00c0<\/span>) <strong>vs<\/strong> <span style=\"color: #0000ff\"><strong>MONCADA <\/strong>(RODRI \u2013PONCE \u2013 JOSE)<\/span><\/p>\n<p><span style=\"color: #ff0000\"><strong>MASSAMAGRELL <\/strong>(NACHO<strong> \u2013 <span style=\"text-decoration: underline\">QUICO<\/span> <\/strong>\u2013 JAVI)<\/span> <strong>vs<\/strong> <span style=\"color: #0000ff\"><strong>XILXES <\/strong>(PABLO &#8211; MARTIN \u2013CARLOS)<\/span><\/p>\n<p>M\u00e9s informaci\u00f3: <a href=\"http:\/\/fedpival.es\/documentos\/competiciones\/pdf\/pdf_763.pdf\">http:\/\/fedpival.es\/documentos\/competiciones\/pdf\/pdf_763.pdf<\/a><\/p>\n<p>Tamb\u00e9, cal dir que aquesta setamana <strong>Jes\u00fas<\/strong> comen\u00e7a el seu cam\u00ed en la<strong> Copa Diputaci\u00f3 Promeses<\/strong>. Divendres a les 18:30 h. al Trinquet de Sueca: i diumenge al Trinquet de Murla:<\/p>\n<p><strong><span style=\"color: #ff0000\">Ajuntament de Murla-Laguar<\/span><\/strong><strong><span style=\"color: #ff0000\"> (Jes\u00fas II)<\/span> vs <span style=\"color: #0000ff\">Ajuntament de D\u00e9nia<\/span><\/strong><\/p>\n<p><strong><span style=\"color: #ff0000\">Ajuntament de Murla-Laguar<\/span><\/strong><strong><span style=\"color: #ff0000\"> (Jes\u00fas II)<\/span> vs <span style=\"color: #0000ff\">Ajuntament de Calp<\/span><\/strong><\/p>\n<p><strong>M\u00e9s informaci\u00f3: <a href=\"http:\/\/www.valnetpilota.com\/I_CopaPromeses_2010.php\">http:\/\/www.valnetpilota.com\/I_CopaPromeses_2010.php<\/a><\/strong><\/p>\n<p>Respecte a la <strong><span style=\"text-decoration: underline\">Lliga de Llargues<\/span><\/strong>, el diumenge van jugar <strong>els tres equips fora de casa<\/strong> aconseguint tots tres el mateix resulta: <strong>vict\u00f2ria per 2 \u2013 10<\/strong>. <strong>Primera <\/strong>va guanyar en el seu despla\u00e7ament <strong>a Murla B<\/strong> en una partida sense molta hist\u00f2ria. En <strong>3a Llargues<\/strong> gran triomf <strong>en La Murada<\/strong> amb una sensacional partida, la seva millor d\u2019enguany, del traure Carlos i del resto Adolfo. I, en <strong>Juvenils,<\/strong> amb pau, Piripi, Patrick i Bernat tamb\u00e9 una guanyarem en el carrer d<strong>\u2019Altea<\/strong>, que ens permet estar en les primers llocs de la classificaci\u00f3.<\/p>\n<p><a href=\"https:\/\/elcabilo.com\/pilota\/files\/2010\/04\/sergio.jpg\"><img loading=\"lazy\" decoding=\"async\" class=\"alignleft size-thumbnail wp-image-685\" title=\"sergio\" src=\"https:\/\/elcabilo.com\/pilota\/files\/2010\/04\/sergio-150x150.jpg\" alt=\"\" width=\"150\" height=\"150\" \/><\/a>Pel que fa a la <strong><span style=\"text-decoration: underline\">Lliga de Palma<\/span><\/strong>, els dos equips jugaren el dissabte amb resultats ben diferents. L\u2019equip de<strong> Tercera<\/strong> <strong>va perdre 5 \u2013 10<\/strong> contra un el favorit a la categoria, <strong>Finestrat.<\/strong> El m\u00e9s important de la partida fou el debut al traure de Sergio despr\u00e9s de la seua lesi\u00f3. I, despr\u00e9s, <strong>Primera <\/strong>va aconseguir una <strong>gran vict\u00f2ria 10 \u2013 6 contra Murla<\/strong>, campi\u00f3 l\u2019any passat . L\u2019equip continua amb la l\u00ednea positiva de vict\u00f2ries contra els principals competidors.<\/p>\n<p>M\u00e9s informaci\u00f3: <a href=\"http:\/\/www.fpvllargues.es\/Llargues\/Llargues-2010\/Portada%20Lliga%202010.htm\">http:\/\/www.fpvllargues.es\/Llargues\/Llargues-2010\/Portada%20Lliga%202010.htm<\/a><\/p>\n<p><a href=\"https:\/\/elcabilo.com\/pilota\/files\/2010\/04\/jecvr.jpg\"><img loading=\"lazy\" decoding=\"async\" class=\"alignright size-medium wp-image-689\" title=\"OLYMPUS DIGITAL CAMERA\" src=\"https:\/\/elcabilo.com\/pilota\/files\/2010\/04\/jecvr-300x183.jpg\" alt=\"\" width=\"300\" height=\"183\" srcset=\"https:\/\/elcabilo.com\/pilota\/files\/2010\/04\/jecvr-300x183.jpg 300w, https:\/\/elcabilo.com\/pilota\/files\/2010\/04\/jecvr-1024x624.jpg 1024w, https:\/\/elcabilo.com\/pilota\/files\/2010\/04\/jecvr.jpg 1113w\" sizes=\"auto, (max-width: 300px) 100vw, 300px\" \/><\/a>Diumenge mat\u00ed hem jugat JECV de raspall en Finestrat la pen\u00faltima jornada de la lligueta.<\/p>\n<p><strong>BENJAMINS<\/strong>:Finestrat \u201cA\u201d 15 \u2013 Sella 25<\/p>\n<p>Finestrat \u201cB\u201d 15 \u2013 Sella 25<\/p>\n<p><strong>ALEVINS<\/strong>: Finestrat 25 \u2013 Sella \u201cA\u201d 20<\/p>\n<p>Finestrat 25 \u2013 Sella \u201cB\u201d 15<\/p>\n<p><strong>INFANTILS<\/strong>: Finestrat 5 \u2013 Sella 25<\/p>\n<p><strong>CADETS<\/strong>: Finestrat 35 \u2013 Sella 5<\/p>\n<h2><span style=\"color: #99cc00\">Enhorabona\u00a0 i sort per a tots.<\/span><\/h2>\n","protected":false},"excerpt":{"rendered":"<p>Aquest cap de setmana els pilotaris de Sella han aconseguit grans vict\u00f2ries. D\u2019una banda, a les semifinals de la Lliga Caixa Popular han passat dos dels nostres joves pilotaris. El dissabte va ser l\u2019equip de Pablo (Paterna) que va guanyar a l\u2019equip de Godelleta per un contundent 60 \u2013 25 i ahir diumenge l\u2019equip de [&hellip;]<\/p>\n","protected":false},"author":9,"featured_media":0,"comment_status":"open","ping_status":"open","sticky":false,"template":"","format":"standard","meta":{"_exactmetrics_skip_tracking":false,"_exactmetrics_sitenote_active":false,"_exactmetrics_sitenote_note":"","_exactmetrics_sitenote_category":0,"footnotes":""},"categories":[1],"tags":[],"class_list":["post-683","post","type-post","status-publish","format-standard","hentry","category-general"],"aioseo_notices":[],"_links":{"self":[{"href":"https:\/\/elcabilo.com\/pilota\/wp-json\/wp\/v2\/posts\/683","targetHints":{"allow":["GET"]}}],"collection":[{"href":"https:\/\/elcabilo.com\/pilota\/wp-json\/wp\/v2\/posts"}],"about":[{"href":"https:\/\/elcabilo.com\/pilota\/wp-json\/wp\/v2\/types\/post"}],"author":[{"embeddable":true,"href":"https:\/\/elcabilo.com\/pilota\/wp-json\/wp\/v2\/users\/9"}],"replies":[{"embeddable":true,"href":"https:\/\/elcabilo.com\/pilota\/wp-json\/wp\/v2\/comments?post=683"}],"version-history":[{"count":0,"href":"https:\/\/elcabilo.com\/pilota\/wp-json\/wp\/v2\/posts\/683\/revisions"}],"wp:attachment":[{"href":"https:\/\/elcabilo.com\/pilota\/wp-json\/wp\/v2\/media?parent=683"}],"wp:term":[{"taxonomy":"category","embeddable":true,"href":"https:\/\/elcabilo.com\/pilota\/wp-json\/wp\/v2\/categories?post=683"},{"taxonomy":"post_tag","embeddable":true,"href":"https:\/\/elcabilo.com\/pilota\/wp-json\/wp\/v2\/tags?post=683"}],"curies":[{"name":"wp","href":"https:\/\/api.w.org\/{rel}","templated":true}]}}