{"id":694,"date":"2010-05-03T13:56:51","date_gmt":"2010-05-03T11:56:51","guid":{"rendered":"http:\/\/elcabilo.com\/pilota\/?p=694"},"modified":"2010-05-03T13:56:51","modified_gmt":"2010-05-03T11:56:51","slug":"cronica-del-cap-de-setmana-2","status":"publish","type":"post","link":"https:\/\/elcabilo.com\/pilota\/2010\/05\/03\/cronica-del-cap-de-setmana-2\/","title":{"rendered":"Cr\u00f2nica del cap de setmana"},"content":{"rendered":"<p><span style=\"color: #ff6600\">Resultats cap de setmana:<\/span><\/p>\n<p>\u00a0COPA DIPUTACI\u00d3 DE JOVES PROMESES:<\/p>\n<p>1\u00aa fase:<\/p>\n<p>Carlos, Hector i <span style=\"color: #ff0000\">Jes\u00fas<\/span> 60 \u2013 Santi II, Nacho i Monrabal 55<\/p>\n<p>Carlos, Hector i <span style=\"color: #0000ff\">Jes\u00fas <\/span>40 \u2013 Primi, Tom\u00e0s i Carlitos 60<\/p>\n<p>\u00a0CAIXA POPULAR JUVENIL D\u2019ESCALA I CORDA:<\/p>\n<p>\u00a0\u00a0\u00a0\u00a0\u00a0\u00a0\u00a0\u00a0\u00a0\u00a0\u00a0 Semifinals:<\/p>\n<p>\u00a0\u00a0\u00a0\u00a0\u00a0\u00a0\u00a0\u00a0\u00a0\u00a0\u00a0 <span style=\"color: #ff0000\">Pablo<\/span>, David i Adri\u00e0 50 \u2013 Rodrigo, Ponce i Jose 60<\/p>\n<p>\u00a0\u00a0\u00a0\u00a0\u00a0\u00a0\u00a0\u00a0\u00a0\u00a0\u00a0 Nacho, <span style=\"color: #ff0000\">Quico<\/span> i Javi 60 \u2013 Pablo, Mart\u00edn i Carlos 55<\/p>\n<p>\u00a0<a href=\"https:\/\/elcabilo.com\/pilota\/files\/2010\/05\/foto-semi-caixa.jpg\"><img loading=\"lazy\" decoding=\"async\" class=\"aligncenter size-medium wp-image-695\" title=\"foto semi caixa\" src=\"https:\/\/elcabilo.com\/pilota\/files\/2010\/05\/foto-semi-caixa-300x198.jpg\" alt=\"\" width=\"300\" height=\"198\" srcset=\"https:\/\/elcabilo.com\/pilota\/files\/2010\/05\/foto-semi-caixa-300x198.jpg 300w, https:\/\/elcabilo.com\/pilota\/files\/2010\/05\/foto-semi-caixa.jpg 635w\" sizes=\"auto, (max-width: 300px) 100vw, 300px\" \/><\/a><\/p>\n<p>Enhorabona !!\u00a0\u00a0\u00a0\u00a0\u00a0\u00a0\u00a0<\/p>\n<p>LLIGA A LLARGUES:<\/p>\n<p>\u00a0\u00a0\u00a0\u00a0\u00a0\u00a0\u00a0\u00a0\u00a0\u00a0\u00a0 1\u00aa llargues: Benidorm 1 \u2013 <span style=\"color: #ff0000\">Sella 10<\/span> (Jan, Pablo, Jordi, Quico i Pau)<\/p>\n<p>\u00a0\u00a0\u00a0\u00a0\u00a0\u00a0\u00a0\u00a0\u00a0\u00a0\u00a0 3\u00aa llargues: Mutxamel 10 \u2013 <span style=\"color: #0000ff\">Sella 6<\/span> (Carlos, Piripi, Adolfo III i Patrick)<\/p>\n<p>\u00a0Sella va l\u00edder en llargues 1a i palma 1a. A m\u00e9s, el dissabte Jes\u00fas va jugar a escala i corda al Trinquet de Petrer, i Adolfo II va jugar diumenge en Benissa.<\/p>\n<p>\u00a0El proper cap de setmana ser\u00e0 espectacular, que no vos ho conten \u00a1!<\/p>\n","protected":false},"excerpt":{"rendered":"<p>Resultats cap de setmana: \u00a0COPA DIPUTACI\u00d3 DE JOVES PROMESES: 1\u00aa fase: Carlos, Hector i Jes\u00fas 60 \u2013 Santi II, Nacho i Monrabal 55 Carlos, Hector i Jes\u00fas 40 \u2013 Primi, Tom\u00e0s i Carlitos 60 \u00a0CAIXA POPULAR JUVENIL D\u2019ESCALA I CORDA: \u00a0\u00a0\u00a0\u00a0\u00a0\u00a0\u00a0\u00a0\u00a0\u00a0\u00a0 Semifinals: \u00a0\u00a0\u00a0\u00a0\u00a0\u00a0\u00a0\u00a0\u00a0\u00a0\u00a0 Pablo, David i Adri\u00e0 50 \u2013 Rodrigo, Ponce i Jose 60 \u00a0\u00a0\u00a0\u00a0\u00a0\u00a0\u00a0\u00a0\u00a0\u00a0\u00a0 [&hellip;]<\/p>\n","protected":false},"author":20,"featured_media":0,"comment_status":"open","ping_status":"open","sticky":false,"template":"","format":"standard","meta":{"_exactmetrics_skip_tracking":false,"_exactmetrics_sitenote_active":false,"_exactmetrics_sitenote_note":"","_exactmetrics_sitenote_category":0,"footnotes":""},"categories":[1],"tags":[],"class_list":["post-694","post","type-post","status-publish","format-standard","hentry","category-general"],"aioseo_notices":[],"_links":{"self":[{"href":"https:\/\/elcabilo.com\/pilota\/wp-json\/wp\/v2\/posts\/694","targetHints":{"allow":["GET"]}}],"collection":[{"href":"https:\/\/elcabilo.com\/pilota\/wp-json\/wp\/v2\/posts"}],"about":[{"href":"https:\/\/elcabilo.com\/pilota\/wp-json\/wp\/v2\/types\/post"}],"author":[{"embeddable":true,"href":"https:\/\/elcabilo.com\/pilota\/wp-json\/wp\/v2\/users\/20"}],"replies":[{"embeddable":true,"href":"https:\/\/elcabilo.com\/pilota\/wp-json\/wp\/v2\/comments?post=694"}],"version-history":[{"count":0,"href":"https:\/\/elcabilo.com\/pilota\/wp-json\/wp\/v2\/posts\/694\/revisions"}],"wp:attachment":[{"href":"https:\/\/elcabilo.com\/pilota\/wp-json\/wp\/v2\/media?parent=694"}],"wp:term":[{"taxonomy":"category","embeddable":true,"href":"https:\/\/elcabilo.com\/pilota\/wp-json\/wp\/v2\/categories?post=694"},{"taxonomy":"post_tag","embeddable":true,"href":"https:\/\/elcabilo.com\/pilota\/wp-json\/wp\/v2\/tags?post=694"}],"curies":[{"name":"wp","href":"https:\/\/api.w.org\/{rel}","templated":true}]}}