{"id":700,"date":"2010-05-10T16:04:56","date_gmt":"2010-05-10T14:04:56","guid":{"rendered":"http:\/\/elcabilo.com\/pilota\/?p=700"},"modified":"2010-05-10T16:06:15","modified_gmt":"2010-05-10T14:06:15","slug":"no-ha-pogut-ser-2","status":"publish","type":"post","link":"https:\/\/elcabilo.com\/pilota\/2010\/05\/10\/no-ha-pogut-ser-2\/","title":{"rendered":"No ha pogut ser"},"content":{"rendered":"<p><a href=\"https:\/\/elcabilo.com\/pilota\/files\/2010\/05\/4444.jpg\"><img loading=\"lazy\" decoding=\"async\" class=\"alignleft size-thumbnail wp-image-701\" title=\"4444\" src=\"https:\/\/elcabilo.com\/pilota\/files\/2010\/05\/4444-150x150.jpg\" alt=\"\" width=\"150\" height=\"150\" \/><\/a>Ahir diumenge, al Trinquet d\u2019Alc\u00e0sser, es va tancar la <strong><span style=\"text-decoration: underline\">Lliga Caixa Popular Juvenil 2010<\/span><\/strong>. Va ser un gran dia per a Sella per\u00f2 sobre tot per a <strong>Quico que va poder disputar la final<\/strong> d\u2019aquesta competici\u00f3. Una final que li dona el lloc que t\u00e9 a la pilota, d\u2019un dels joves amb m\u00e9s futur, i que enguany, partida rere partida est\u00e0 demostrant-ho.<\/p>\n<p><a href=\"https:\/\/elcabilo.com\/pilota\/files\/2010\/05\/444445.jpg\"><img loading=\"lazy\" decoding=\"async\" class=\"alignright size-thumbnail wp-image-702\" title=\"444445\" src=\"https:\/\/elcabilo.com\/pilota\/files\/2010\/05\/444445-150x150.jpg\" alt=\"\" width=\"150\" height=\"150\" \/><\/a>El seu equip, Massamagrell (Nacho i Javi), <strong>fou derrotat pel de Moncada<\/strong> (Rodrigo, Ponce i Jos\u00e9) <strong>per 60 a 45.<\/strong> Fou una partida molt disputada on xicotets detalls sobre tot a la ferida van decantar els jocs per a un i altre equip. Al trinquet m\u00e9s de 40 persones de Sella acompanyaren a Quico que ha fet una gran competici\u00f3.<\/p>\n<p><a href=\"https:\/\/elcabilo.com\/pilota\/files\/2010\/05\/444444.jpg\"><img loading=\"lazy\" decoding=\"async\" class=\"alignleft size-thumbnail wp-image-703\" title=\"444444\" src=\"https:\/\/elcabilo.com\/pilota\/files\/2010\/05\/444444-150x150.jpg\" alt=\"\" width=\"150\" height=\"150\" \/><\/a>A m\u00e9s, l\u2019equip de <strong>Pablo es va adjudicar el tercer lloc<\/strong> al vencer a l\u2019equip de Xilxes per 60 a 45. Enguany el balan\u00e7 a la Lliga ha sigut bo, doncs han participat quatre jugadors de Sella (<strong>Quico, Pablo, Adolfo i Pau<\/strong>) i dos han pogut estar entre els tres primers. Per segon any consecutiu sella t\u00e9 representants en la gran final. Per quint any seguit algun dels nostres est\u00e0 entre els tres millors de la Lliga Caixa Popular Juvenil. A saber:<\/p>\n<p style=\"text-align: center\"><strong>2006: Jes\u00fas 3er<\/strong><\/p>\n<p style=\"text-align: center\"><strong>2007: Jes\u00fas 3er<\/strong><\/p>\n<p style=\"text-align: center\"><strong>2008: Jes\u00fas 3er \/ Pablo 3er<\/strong><\/p>\n<p style=\"text-align: center\"><strong>2009: Jes\u00fas 1er \/ Pablo 1er \/ Pau 1er<\/strong><\/p>\n<p style=\"text-align: center\"><strong>2010: Quico 2n \/ Pablo 3er<\/strong><\/p>\n<h3><span style=\"color: #ff0000\">Enhorabona a tots.<\/span><\/h3>\n<p>Esperem que a l\u2019any vinent tamb\u00e9 puguem gaudir de vosaltres en un altra final.<a href=\"https:\/\/elcabilo.com\/pilota\/files\/2010\/05\/P5080128.jpg\"><img loading=\"lazy\" decoding=\"async\" class=\"alignright size-thumbnail wp-image-704\" title=\"P5080128\" src=\"https:\/\/elcabilo.com\/pilota\/files\/2010\/05\/P5080128-150x150.jpg\" alt=\"\" width=\"150\" height=\"150\" \/><\/a><\/p>\n<p>\u00a0Pel que fa a la <strong><span style=\"text-decoration: underline\">Lliga de Llargues<\/span><\/strong>, nom\u00e9s dir que hem aconseguit grans <strong>vict\u00f2ries a casa contra Tibi en Pri<a href=\"https:\/\/elcabilo.com\/pilota\/files\/2010\/05\/P5080128.jpg\"><\/a>mera<\/strong> (10 a 8) i <strong>Juvenils<\/strong> (10 a 6). I l\u2019equip de <strong>Tercera fou derrotat<\/strong> 7 a 10 contra Campello. En la <strong><span style=\"text-decoration: underline\">Lliga de Palma<\/span><\/strong>, l\u2019equip de <strong>Primera va perdre a Tibi<\/strong>\u00a0per 10 a 2 mentres que l\u2019equip de <strong>Tercera va guanyar a Monfort<\/strong> 2 a 10. Classificacions i m\u00e9s informaci\u00f3n ac\u00ed: <a href=\"http:\/\/www.fpvllargues.es\/Llargues\/Llargues-2010\/Portada%20Lliga%202010.htm\">http:\/\/www.fpvllargues.es\/Llargues\/Llargues-2010\/Portada%20Lliga%202010.htm<\/a><\/p>\n","protected":false},"excerpt":{"rendered":"<p>Ahir diumenge, al Trinquet d\u2019Alc\u00e0sser, es va tancar la Lliga Caixa Popular Juvenil 2010. Va ser un gran dia per a Sella per\u00f2 sobre tot per a Quico que va poder disputar la final d\u2019aquesta competici\u00f3. Una final que li dona el lloc que t\u00e9 a la pilota, d\u2019un dels joves amb m\u00e9s futur, i [&hellip;]<\/p>\n","protected":false},"author":9,"featured_media":0,"comment_status":"open","ping_status":"open","sticky":false,"template":"","format":"standard","meta":{"_exactmetrics_skip_tracking":false,"_exactmetrics_sitenote_active":false,"_exactmetrics_sitenote_note":"","_exactmetrics_sitenote_category":0,"footnotes":""},"categories":[1],"tags":[],"class_list":["post-700","post","type-post","status-publish","format-standard","hentry","category-general"],"aioseo_notices":[],"_links":{"self":[{"href":"https:\/\/elcabilo.com\/pilota\/wp-json\/wp\/v2\/posts\/700","targetHints":{"allow":["GET"]}}],"collection":[{"href":"https:\/\/elcabilo.com\/pilota\/wp-json\/wp\/v2\/posts"}],"about":[{"href":"https:\/\/elcabilo.com\/pilota\/wp-json\/wp\/v2\/types\/post"}],"author":[{"embeddable":true,"href":"https:\/\/elcabilo.com\/pilota\/wp-json\/wp\/v2\/users\/9"}],"replies":[{"embeddable":true,"href":"https:\/\/elcabilo.com\/pilota\/wp-json\/wp\/v2\/comments?post=700"}],"version-history":[{"count":0,"href":"https:\/\/elcabilo.com\/pilota\/wp-json\/wp\/v2\/posts\/700\/revisions"}],"wp:attachment":[{"href":"https:\/\/elcabilo.com\/pilota\/wp-json\/wp\/v2\/media?parent=700"}],"wp:term":[{"taxonomy":"category","embeddable":true,"href":"https:\/\/elcabilo.com\/pilota\/wp-json\/wp\/v2\/categories?post=700"},{"taxonomy":"post_tag","embeddable":true,"href":"https:\/\/elcabilo.com\/pilota\/wp-json\/wp\/v2\/tags?post=700"}],"curies":[{"name":"wp","href":"https:\/\/api.w.org\/{rel}","templated":true}]}}