{"id":737,"date":"2010-06-14T13:45:16","date_gmt":"2010-06-14T11:45:16","guid":{"rendered":"http:\/\/elcabilo.com\/pilota\/?p=737"},"modified":"2010-06-14T13:45:16","modified_gmt":"2010-06-14T11:45:16","slug":"cronica-14a-jornada","status":"publish","type":"post","link":"https:\/\/elcabilo.com\/pilota\/2010\/06\/14\/cronica-14a-jornada\/","title":{"rendered":"Cr\u00f2nica 14a Jornada"},"content":{"rendered":"<p style=\"text-align: justify\">Aquest cap de setmana ha sigut l\u2019\u00faltima jornada de la Lliga de Llargues i Palma, per\u00f2 les partides encara no s\u2019han acabat i els campions de moltes categories estan encara per decidir.<\/p>\n<p style=\"text-align: justify\">El dissabte a Benidorm va tenir lloc una nova jornada de <strong><span style=\"text-decoration: underline\">Jocs Escolars a Llargues<\/span><\/strong>. Aquesta vegada en <strong>categoria infantil<\/strong>: <strong><em>Bernat, Dani Zaragoza, Mar i Elena<\/em><\/strong>. Els xicons feren un bon paper i van estar a punt de classificar-se per a la seg\u00fcent fase. Els resultats foren:<\/p>\n<p style=\"text-align: center\">La Vila 0 \u2013 Benidorm 8;\u00a0\u00a0\u00a0\u00a0\u00a0\u00a0\u00a0\u00a0\u00a0\u00a0\u00a0\u00a0 La Vila 0 \u2013 Finestrat 8,\u00a0\u00a0\u00a0\u00a0\u00a0\u00a0\u00a0\u00a0\u00a0\u00a0\u00a0\u00a0\u00a0 Finestrat 0 \u2013 Benidorm 7<\/p>\n<p style=\"text-align: center\"><strong>Sella 8<\/strong> \u2013 La Vila 0;\u00a0\u00a0\u00a0\u00a0\u00a0\u00a0\u00a0\u00a0\u00a0\u00a0\u00a0\u00a0\u00a0\u00a0\u00a0\u00a0\u00a0 Benidorm 6 \u2013 <strong>Sella 1<\/strong>;\u00a0\u00a0\u00a0\u00a0\u00a0\u00a0\u00a0\u00a0\u00a0\u00a0\u00a0\u00a0\u00a0 <strong>Sella 5<\/strong> \u2013 Finestrat 2<\/p>\n<p>Classificaci\u00f3:<\/p>\n<p>1. Benidorm 6 punts<\/p>\n<p><strong><span style=\"color: #ff0000\">2. Sella 5 punts<\/span><\/strong><\/p>\n<p>3. Finestrat 4 punts<\/p>\n<p>4. La Vila 3 punts<\/p>\n<p style=\"text-align: justify\"><a href=\"https:\/\/elcabilo.com\/pilota\/files\/2010\/06\/llargues1.jpg\"><img loading=\"lazy\" decoding=\"async\" class=\"alignleft size-thumbnail wp-image-738\" title=\"OLYMPUS DIGITAL CAMERA\" src=\"https:\/\/elcabilo.com\/pilota\/files\/2010\/06\/llargues1-150x150.jpg\" alt=\"\" width=\"150\" height=\"150\" \/><\/a>Pel que fa a la <strong><span style=\"text-decoration: underline\">Lliga de Llargues<\/span><\/strong>, el dissabte els dos equips que queden en competici\u00f3 jugaren les seues partides a Sella amb un resultat prou esclaridor de la diferencia dels dos equips a la taula classificat\u00f2ria. Els <strong>Juvenils<\/strong>: <strong><span style=\"color: #ff0000\">SELLA 10<\/span><\/strong> \u2013 <strong><span style=\"color: #000080\">ALTEA 0<\/span><\/strong>, foren molts superiors a l\u2019equip rival. Aquesta jornada els jugadors foren <strong>Carlets, Piripi, Adolfo F., Javi i Bernat<\/strong>, deixant clar que hi ha continu\u00eftat al gran equip de juvenils que any rere any ha aconseguit t\u00edtols. Els Juvenils tenen 34 punts en 12 partides, tres menys que Tibi que ja ha jugat totes les partides. El proper cap de setmana si Sella trau els tres punts contra Finestrat pot proclamar-se campi\u00f3 a falta d\u2019una partida. Aix\u00ed que tots a la pla\u00e7a a veure si poden aconseguir-ho<\/p>\n<p style=\"text-align: justify\"><a href=\"https:\/\/elcabilo.com\/pilota\/files\/2010\/06\/palma11.jpg\"><img loading=\"lazy\" decoding=\"async\" class=\"alignright size-thumbnail wp-image-739\" title=\"palma1\" src=\"https:\/\/elcabilo.com\/pilota\/files\/2010\/06\/palma11-150x150.jpg\" alt=\"\" width=\"150\" height=\"150\" \/><\/a>Despr\u00e9s va jugar l\u2019equip de Primera: <strong><span style=\"color: #ff0000\">SELLA 10<\/span><\/strong> <strong>\u2013 <span style=\"color: #0000ff\">MURLA \u201cB\u201d 0<\/span><\/strong>. Partida sense molta historia, el traure de Jan va ser molt superior al de Murla B, al igual que la resta de l\u2019equip que no deixa en cap moment reaccionar a l\u2019equip rival. Sella \u00e9s primer a la classificaci\u00f3 amb 32 punts en 14 partides. Campello t\u00e9 31 i Tibi 30, per\u00f2 amb tres partides menys(dos s\u00f3n els enfrontaments entre ells que decidiran el campi\u00f3). Sella ha fet un bon campionat, que una vegada finalitzat queda la sensaci\u00f3 que amb una mica m\u00e9s d\u2019experi\u00e8ncia, de seguretat i de sort hagueren pogut lluitar pel campionat fins l\u2019\u00faltim moment. Amb tot aix\u00f2 enhorabona a tots per la gran lliga realitzada i a veure si la pilota vol, i podem ser subcampions encara que \u00e9s molt complicat.<\/p>\n<p style=\"text-align: justify\"><a href=\"https:\/\/elcabilo.com\/pilota\/files\/2010\/06\/palma2.jpg\"><img loading=\"lazy\" decoding=\"async\" class=\"alignleft size-thumbnail wp-image-740\" title=\"palma2\" src=\"https:\/\/elcabilo.com\/pilota\/files\/2010\/06\/palma2-150x150.jpg\" alt=\"\" width=\"150\" height=\"150\" \/><\/a>Respecte a la <strong><span style=\"text-decoration: underline\">Lliga de Palma<\/span><\/strong>, tant l\u2019equip de primera com el de tercera jugaren fora de casa, tots dos amb derrota. L\u2019equip de<strong> Tercera<\/strong>: <strong><span style=\"color: #000080\">FINESTRAT 10<\/span> \u2013 <span style=\"color: #ff0000\">SELLA 1<\/span><\/strong>, va perdre contra un dels favorits de la categoria. Sella es cinquena a la classificaci\u00f3 amb 21 punts en un grup molt dif\u00edcil. Els queden dos partides que poden fer-los muntar algun lloc m\u00e9s a la taula classificat\u00f2ria.<\/p>\n<p style=\"text-align: justify\">L\u2019equip de <strong>Primera<\/strong> tenia un despla\u00e7ament molt dif\u00edcil a Murla on puntuar era una necessitat per continuar lluitant pel campionat. El resultat abans de jugar l\u2019hagueren firmat tots, <strong><span style=\"color: #000080\">MURLA 10<\/span> \u2013 <span style=\"color: #ff0000\">SELLA 9<\/span><\/strong>, per\u00f2 al final ens va saber a poc despr\u00e9s de l\u2019esfor\u00e7 realitzats pels nostres. La partida ha anat 0-3, 2-3, 2-4, l\u2019equip local gr\u00e0cies a la seva banca fa 6 jocs consecutius i posa un 8-4 que semblava quasi definitiu, reacciona Sella amb 2 jocs seguits i posa el 8-6, la possibilitat de puntuar estava prop per\u00f2 Murla fa el joc i deixa el marcador en un 9-6. Els nostres trauen la seva casta i amb ganes i bones pilotades inicien la remuntada fins posar el 9-9 i 30 per res a favor de Sella. No obstant l\u2019\u00faltim joc l\u2019ha fet l\u2019equip local. El nombr\u00f3s p\u00fablic assistent (tant local, com de Sella) ha ovacionat als dos equips per la gran partida. <strong>Sella mant\u00e9 el lideratge<\/strong> amb 27 punts, dos punts m\u00e9s que Tibi i una partida menys. A Sella li queden tres partides i dos a casa(contra Benassau i Calp A) que poden ser fonamentals per a guanyar el campionat de palma.<\/p>\n<p>\u00a0<strong><em><span style=\"color: #ff6600\">Sort per a la propera jornada.<\/span><\/em><\/strong><\/p>\n","protected":false},"excerpt":{"rendered":"<p>Aquest cap de setmana ha sigut l\u2019\u00faltima jornada de la Lliga de Llargues i Palma, per\u00f2 les partides encara no s\u2019han acabat i els campions de moltes categories estan encara per decidir. El dissabte a Benidorm va tenir lloc una nova jornada de Jocs Escolars a Llargues. Aquesta vegada en categoria infantil: Bernat, Dani Zaragoza, [&hellip;]<\/p>\n","protected":false},"author":9,"featured_media":0,"comment_status":"open","ping_status":"open","sticky":false,"template":"","format":"standard","meta":{"_exactmetrics_skip_tracking":false,"_exactmetrics_sitenote_active":false,"_exactmetrics_sitenote_note":"","_exactmetrics_sitenote_category":0,"footnotes":""},"categories":[1],"tags":[],"class_list":["post-737","post","type-post","status-publish","format-standard","hentry","category-general"],"aioseo_notices":[],"_links":{"self":[{"href":"https:\/\/elcabilo.com\/pilota\/wp-json\/wp\/v2\/posts\/737","targetHints":{"allow":["GET"]}}],"collection":[{"href":"https:\/\/elcabilo.com\/pilota\/wp-json\/wp\/v2\/posts"}],"about":[{"href":"https:\/\/elcabilo.com\/pilota\/wp-json\/wp\/v2\/types\/post"}],"author":[{"embeddable":true,"href":"https:\/\/elcabilo.com\/pilota\/wp-json\/wp\/v2\/users\/9"}],"replies":[{"embeddable":true,"href":"https:\/\/elcabilo.com\/pilota\/wp-json\/wp\/v2\/comments?post=737"}],"version-history":[{"count":0,"href":"https:\/\/elcabilo.com\/pilota\/wp-json\/wp\/v2\/posts\/737\/revisions"}],"wp:attachment":[{"href":"https:\/\/elcabilo.com\/pilota\/wp-json\/wp\/v2\/media?parent=737"}],"wp:term":[{"taxonomy":"category","embeddable":true,"href":"https:\/\/elcabilo.com\/pilota\/wp-json\/wp\/v2\/categories?post=737"},{"taxonomy":"post_tag","embeddable":true,"href":"https:\/\/elcabilo.com\/pilota\/wp-json\/wp\/v2\/tags?post=737"}],"curies":[{"name":"wp","href":"https:\/\/api.w.org\/{rel}","templated":true}]}}