{"id":752,"date":"2010-07-06T13:39:11","date_gmt":"2010-07-06T11:39:11","guid":{"rendered":"http:\/\/elcabilo.com\/pilota\/?p=752"},"modified":"2010-07-10T13:09:29","modified_gmt":"2010-07-10T11:09:29","slug":"estiu-de-pilota","status":"publish","type":"post","link":"https:\/\/elcabilo.com\/pilota\/2010\/07\/06\/estiu-de-pilota\/","title":{"rendered":"Estiu de Pilota"},"content":{"rendered":"<p>PARTIDES FESTES DEL CLUB DE SELLA I DE JUGADORS DE SELLA ESTIU 2010<\/p>\n<p>JULIOL<\/p>\n<p><span style=\"text-decoration: underline\">10 juliol<\/span> en Benifallim a llargues: Campello &#8211; <span style=\"color: #ff0000\">Sella (Jan, Pablo, Jordi i Jes\u00fas)<\/span><\/p>\n<p><span style=\"text-decoration: underline\">17 juliol<\/span> en La Vila a llargues:<\/p>\n<p>Crevillent (Campi\u00f3 de 2a llargues lliga provincial) &#8211; Pedro Alexis (La Vila), <span style=\"color: #ff0000\">Pablo, Pau, Jes\u00fas<\/span> i Tonet (Finestrat)<\/p>\n<p><span style=\"text-decoration: underline\">24\u00a0 juliol<\/span> en Benimagrell (clausura lliga llargues i palma 2010):<\/p>\n<p>Campello (Campi\u00f3 de 1a llargues lliga provincial) &#8211; \u00c0lvaro (Tibi), <span style=\"color: #ff0000\">Pablo, Jordi<\/span> i Paco (Benimagrell)<\/p>\n<p>Seguirem actualizant-vos partides de festes dels nostres que tamb\u00e9 tindr\u00e0n pres\u00e8ncia en castells, murla, laguar, parcent, ebo, t\u00e0rbena, alcoleja, etc&#8230;<\/p>\n<p>Va de b\u00f2!!<\/p>\n<p style=\"text-align: center\"><a href=\"https:\/\/elcabilo.com\/pilota\/files\/2010\/07\/cartell-pilota-001.jpg\"><img loading=\"lazy\" decoding=\"async\" class=\"aligncenter size-large wp-image-753\" title=\"cartell pilota 001\" src=\"https:\/\/elcabilo.com\/pilota\/files\/2010\/07\/cartell-pilota-001-744x1024.jpg\" alt=\"\" width=\"744\" height=\"1024\" srcset=\"https:\/\/elcabilo.com\/pilota\/files\/2010\/07\/cartell-pilota-001-744x1024.jpg 744w, https:\/\/elcabilo.com\/pilota\/files\/2010\/07\/cartell-pilota-001-218x300.jpg 218w, https:\/\/elcabilo.com\/pilota\/files\/2010\/07\/cartell-pilota-001.jpg 1700w\" sizes=\"auto, (max-width: 744px) 100vw, 744px\" \/><\/a><\/p>\n","protected":false},"excerpt":{"rendered":"<p>PARTIDES FESTES DEL CLUB DE SELLA I DE JUGADORS DE SELLA ESTIU 2010 JULIOL 10 juliol en Benifallim a llargues: Campello &#8211; Sella (Jan, Pablo, Jordi i Jes\u00fas) 17 juliol en La Vila a llargues: Crevillent (Campi\u00f3 de 2a llargues lliga provincial) &#8211; Pedro Alexis (La Vila), Pablo, Pau, Jes\u00fas i Tonet (Finestrat) 24\u00a0 juliol [&hellip;]<\/p>\n","protected":false},"author":9,"featured_media":0,"comment_status":"open","ping_status":"open","sticky":false,"template":"","format":"standard","meta":{"_exactmetrics_skip_tracking":false,"_exactmetrics_sitenote_active":false,"_exactmetrics_sitenote_note":"","_exactmetrics_sitenote_category":0,"footnotes":""},"categories":[1],"tags":[],"class_list":["post-752","post","type-post","status-publish","format-standard","hentry","category-general"],"aioseo_notices":[],"_links":{"self":[{"href":"https:\/\/elcabilo.com\/pilota\/wp-json\/wp\/v2\/posts\/752","targetHints":{"allow":["GET"]}}],"collection":[{"href":"https:\/\/elcabilo.com\/pilota\/wp-json\/wp\/v2\/posts"}],"about":[{"href":"https:\/\/elcabilo.com\/pilota\/wp-json\/wp\/v2\/types\/post"}],"author":[{"embeddable":true,"href":"https:\/\/elcabilo.com\/pilota\/wp-json\/wp\/v2\/users\/9"}],"replies":[{"embeddable":true,"href":"https:\/\/elcabilo.com\/pilota\/wp-json\/wp\/v2\/comments?post=752"}],"version-history":[{"count":0,"href":"https:\/\/elcabilo.com\/pilota\/wp-json\/wp\/v2\/posts\/752\/revisions"}],"wp:attachment":[{"href":"https:\/\/elcabilo.com\/pilota\/wp-json\/wp\/v2\/media?parent=752"}],"wp:term":[{"taxonomy":"category","embeddable":true,"href":"https:\/\/elcabilo.com\/pilota\/wp-json\/wp\/v2\/categories?post=752"},{"taxonomy":"post_tag","embeddable":true,"href":"https:\/\/elcabilo.com\/pilota\/wp-json\/wp\/v2\/tags?post=752"}],"curies":[{"name":"wp","href":"https:\/\/api.w.org\/{rel}","templated":true}]}}