{"id":759,"date":"2010-07-19T11:54:31","date_gmt":"2010-07-19T09:54:31","guid":{"rendered":"http:\/\/elcabilo.com\/pilota\/?p=759"},"modified":"2010-07-20T23:12:16","modified_gmt":"2010-07-20T21:12:16","slug":"sella-guanya-la-lliga-de-palma","status":"publish","type":"post","link":"https:\/\/elcabilo.com\/pilota\/2010\/07\/19\/sella-guanya-la-lliga-de-palma\/","title":{"rendered":"Sella guanya la Lliga de Palma"},"content":{"rendered":"<p>Ahir diumenge 18 de juliol es va jugar en la Pla\u00e7a de Sella la partida de palma pendent entre els equips de <span style=\"color: #ff0000\">Sella<\/span> i <span style=\"color: #0000ff\">Benassau<\/span>. A les 18:30 hores i amb el carrer ple amb m\u00e9s de 100 persones , on destacava la forta pres\u00e8ncia de gent jove, fa comen\u00e7ar la partida. Per Sella van jugar Jorge al traure acompanyat per Jes\u00fas, Quico, Jaumet i Xime. En Benassau destacava la seva forta banca.<\/p>\n<p>El primer joc de la partida va caure del costat visitant, 0-1, i apunt van estar de posar un 0-2, per\u00f2 Sella va conseguir posar un 3-1. Els jocs eren molt igualats i l&#8217;equip que tenia el traure feia els quinzes. L&#8217;equip de la muntanya fa el joc i posa el 3-2. A partir d&#8217;eixe moment les gran tretes de Jorge amb bones restades de Jes\u00fas i Quico fan que els jocs, tot i ser igualats, caiguen del costat de Sella amb el notable increment de l&#8217; alegria de l&#8217;afici\u00f3 al vore que el triomf s&#8217;apropa.\u00a0 Sella necessitava 1 punt per ser campi\u00f3 matem\u00e0ticament&#8230;amb 6-2 i val i quinze i Jorge al traure es produeix l&#8217;esclafit&#8230;.quinze i joc, 7 a 2 i &#8230;.<span style=\"color: #00ff00\">SELLA CAMPI\u00d3 DE LA LLIGA DE PALMA EN PRIMERA<\/span>. Aplaudients, abra\u00e7ades&#8230;.i fins i toc traques als carrers m\u00e9s propers.<\/p>\n<p>La partida continua amb una relaxaci\u00f3 dels locals. El marcador es posa amb 7-3, 8-3, 8-4, 8-5, 8-6 i val pa Benasau..per\u00f2 ahir tocava celebrar\u00a0 la lliga amb l&#8217;afici\u00f3 amb vict\u00f2ria i Sella va reaccionar i va fer els seg\u00fcets jocs fins el definitiu <span style=\"color: #ff0000\">10-6<\/span>. <span style=\"color: #ff9900\">ENHORABONA A TOTS <\/span>ELS JUGADORS&#8230;.en primer lloc a la banca Jorge que en la seva primera temporada en primera ha guanyat la lliga&#8230;.tamb\u00e9 a Jes\u00fas, Quico, Xime, Jaumet&#8230;.i a jugadors com Jordi, Pau o Pablo que tambe han ajudat en algunes partides\u00a0 l&#8217;equip.<\/p>\n<p>Aquesta lliga \u00e9s un del t\u00edtols m\u00e9s important que Sella ha aconseguit. Enguany s\u00f3m l&#8217;\u00fanic Club amb 2 t\u00edtols en la LLiga&#8230;.i 2 t\u00edtols dels destacats: juvenils i 1a palma.<\/p>\n<p>Quadre de guanyadors Lliga 2010:<\/p>\n<p>1a llargues: Campello \/ 2a llargues: Crevillent \/ 3a llargues: Tibi \/ Juvenils: <span style=\"color: #ff0000\">Sella<\/span><\/p>\n<p>1a palma: <span style=\"color: #ff0000\">Sella <\/span>\/ 2a pama: Altea \/ 3a palma: Orba o X\u00e0bia (juguen la final el 20 de juliol)<\/p>\n<p>La <span style=\"color: #ff9900\">Clausura <\/span>i entrega de trofeus ser\u00e0 el dissabte 24 de juliol a Benimagrell (San Joan). A les 18:00 hores es jugar\u00e0 una partida de llargues:<\/p>\n<p>Malia de Laguar, Miguel de Callosa , Mario de Campello i Juan de Benimagrell<\/p>\n<p>contra<\/p>\n<p>\u00c0lvaro de Tibi, <span style=\"color: #0000ff\">Jordi de Sella, Quico de Sella<\/span> i Paco de Benimagrell.<\/p>\n<p>A les 20:00 hores ser\u00e0 l&#8217;entrega de trofeus i premis. \u00c9s la primera vegada que el nostre Club guanya 2 t\u00edtols de tant nivell, CAMPI\u00d3 JUVENIL DE LLARGUES I CAMPI\u00d3 DE PAMA PRIMERA.<\/p>\n<p>A disfrutar i a seguir&#8230;va de b\u00f2 !!<\/p>\n","protected":false},"excerpt":{"rendered":"<p>Ahir diumenge 18 de juliol es va jugar en la Pla\u00e7a de Sella la partida de palma pendent entre els equips de Sella i Benassau. A les 18:30 hores i amb el carrer ple amb m\u00e9s de 100 persones , on destacava la forta pres\u00e8ncia de gent jove, fa comen\u00e7ar la partida. Per Sella van [&hellip;]<\/p>\n","protected":false},"author":20,"featured_media":0,"comment_status":"open","ping_status":"open","sticky":false,"template":"","format":"standard","meta":{"_exactmetrics_skip_tracking":false,"_exactmetrics_sitenote_active":false,"_exactmetrics_sitenote_note":"","_exactmetrics_sitenote_category":0,"footnotes":""},"categories":[1],"tags":[],"class_list":["post-759","post","type-post","status-publish","format-standard","hentry","category-general"],"aioseo_notices":[],"_links":{"self":[{"href":"https:\/\/elcabilo.com\/pilota\/wp-json\/wp\/v2\/posts\/759","targetHints":{"allow":["GET"]}}],"collection":[{"href":"https:\/\/elcabilo.com\/pilota\/wp-json\/wp\/v2\/posts"}],"about":[{"href":"https:\/\/elcabilo.com\/pilota\/wp-json\/wp\/v2\/types\/post"}],"author":[{"embeddable":true,"href":"https:\/\/elcabilo.com\/pilota\/wp-json\/wp\/v2\/users\/20"}],"replies":[{"embeddable":true,"href":"https:\/\/elcabilo.com\/pilota\/wp-json\/wp\/v2\/comments?post=759"}],"version-history":[{"count":0,"href":"https:\/\/elcabilo.com\/pilota\/wp-json\/wp\/v2\/posts\/759\/revisions"}],"wp:attachment":[{"href":"https:\/\/elcabilo.com\/pilota\/wp-json\/wp\/v2\/media?parent=759"}],"wp:term":[{"taxonomy":"category","embeddable":true,"href":"https:\/\/elcabilo.com\/pilota\/wp-json\/wp\/v2\/categories?post=759"},{"taxonomy":"post_tag","embeddable":true,"href":"https:\/\/elcabilo.com\/pilota\/wp-json\/wp\/v2\/tags?post=759"}],"curies":[{"name":"wp","href":"https:\/\/api.w.org\/{rel}","templated":true}]}}