{"id":813,"date":"2010-10-06T17:14:11","date_gmt":"2010-10-06T15:14:11","guid":{"rendered":"http:\/\/elcabilo.com\/pilota\/?p=813"},"modified":"2010-10-06T18:52:15","modified_gmt":"2010-10-06T16:52:15","slug":"sella-vibra-amb-les-llargues","status":"publish","type":"post","link":"https:\/\/elcabilo.com\/pilota\/2010\/10\/06\/sella-vibra-amb-les-llargues\/","title":{"rendered":"Sella vibra amb les Llargues"},"content":{"rendered":"<p>Un any m\u00e9s, i en fa m\u00e9s de cent, \u00a0el <strong>primer dimarts d\u2019octubre<\/strong> \u00e9s el dia de les partides de <strong>Pilota a Sella<\/strong>. Emmarcades dins les <strong>Festes Patronals en Honor a la Divina Aurora<\/strong> s\u00f3n el millor ep\u00edleg que les nostres Festes poden tindre.<\/p>\n<p>Enguany han estat organitzades per la <strong>Comissi\u00f3 de Festes 2010 i el Club de Pilota Sella<\/strong>. I vam voler que fora especial&#8230;&#8230;vam pensar en fer dos partides, la del mat\u00ed i la de vesprada, que tingueren un gran nivell i contaren amb els millors jugadors possibles.<\/p>\n<p>La veritat \u00e9s que \u201cla cosa\u201d va eixir molt b\u00e9&#8230;&#8230;<\/p>\n<p><a href=\"https:\/\/elcabilo.com\/pilota\/files\/2010\/10\/PA050028-2.jpg\"><img loading=\"lazy\" decoding=\"async\" class=\"alignleft size-medium wp-image-817\" src=\"https:\/\/elcabilo.com\/pilota\/files\/2010\/10\/PA050028-2-300x220.jpg\" alt=\"\" width=\"300\" height=\"220\" srcset=\"https:\/\/elcabilo.com\/pilota\/files\/2010\/10\/PA050028-2-300x220.jpg 300w, https:\/\/elcabilo.com\/pilota\/files\/2010\/10\/PA050028-2-1024x754.jpg 1024w, https:\/\/elcabilo.com\/pilota\/files\/2010\/10\/PA050028-2.jpg 1354w\" sizes=\"auto, (max-width: 300px) 100vw, 300px\" \/><\/a>Com cada any, el ritual es repeteix cada dimarts de bon mat\u00ed. Es lleva l\u2019escenari de la Pla\u00e7a Major, les banderetes, la il\u00b7luminaci\u00f3 i es neteja la pla\u00e7a&#8230;.poc a poc comencen a arribar els primers aficionats. \u00c9s un dia que tenen marcat. No poden faltar. S\u2019agafen la cadira i ocupen els seus llocs. En aquesta edici\u00f3 els qui han vingut de mat\u00ed han tingut premi: la partida va ser de gran nivell i van poder tributar un<strong> homenatge a Sarasol II per la seva traject\u00f2ria esportiva<\/strong>.<\/p>\n<p><span style=\"color: #ff0000\"><strong>\u00c0ngel, Sarasol II, Adolfo II, Jaume i Carlos\u00a0 10<\/strong><\/span><\/p>\n<p><span style=\"color: #3366ff\"><strong>Dani, Tato, Quico, Barraca i Folgueral\u00a0 6<\/strong><\/span><\/p>\n<p>La partida del mat\u00ed va durar unes 2 hores i es van reunir <strong>270 persones<\/strong>. Una vegada finalitzada era el moment de dinar i preparar-se per al que encara ens quedava.<\/p>\n<p><a href=\"https:\/\/elcabilo.com\/pilota\/files\/2010\/10\/home-antonio.jpg\"><img loading=\"lazy\" decoding=\"async\" class=\"alignright size-medium wp-image-818\" src=\"https:\/\/elcabilo.com\/pilota\/files\/2010\/10\/home-antonio-204x300.jpg\" alt=\"\" width=\"204\" height=\"300\" srcset=\"https:\/\/elcabilo.com\/pilota\/files\/2010\/10\/home-antonio-204x300.jpg 204w, https:\/\/elcabilo.com\/pilota\/files\/2010\/10\/home-antonio-697x1024.jpg 697w, https:\/\/elcabilo.com\/pilota\/files\/2010\/10\/home-antonio.jpg 1204w\" sizes=\"auto, (max-width: 204px) 100vw, 204px\" \/><\/a>A les 4 de la vesprada la Pla\u00e7a Major de Sella estava de gom a gom. Ning\u00fa volia faltar al merescut <strong>homenatge que el Club i la Comissi\u00f3<\/strong>, i en definitiva tot el poble, volia rebre <strong><span style=\"color: #0000ff\">a Antonio Vidal P\u00e8rez<\/span><\/strong>, que fa quasi un any que ens va deixar. Estaven presents els regidors de l\u2019Ajuntament, els directius del Club de Pilota, els patrocinadors de les partides, a televisi\u00f3 auton\u00f2mica, reporters gr\u00e0fics, etc&#8230;i com no tots els seus familiars que emocionats van rebre uns detalls de recordatori de mans dels presidents de la Comissi\u00f3 i del Club.<\/p>\n<p>Arribava el moment de comen\u00e7ar la gran partida de la vesprada. M\u00e9s de <strong>450 persones abarrotaven la Pla\u00e7a<\/strong>. Hi havia gent sentada, de peu, als balcons, a les finestres i fins i \u00a0tot&#8230;dalt del campanar. No van faltar tampoc jugadors m\u00edtics a les Partides de Sella com <strong>Tonico de Murla, el Pachell de La Vila, Rollo, Martines, Tato, Barraca<\/strong>, etc&#8230;<\/p>\n<p>El marxaor Jos\u00e9 Maria de Murla, tot un cl\u00e0ssic, \u00a0no parava de tallar papeletes i la gent comen\u00e7\u00e0 a jugar-se els diners&#8230;.\u201dqui va als blaus\u201d&#8230;\u201di als rojos\u201d&#8230;.<\/p>\n<p><span style=\"color: #ff0000\"><strong>Malia, \u00c0lvaro, F\u00e9lix, Pablo i Jes\u00fas\u00a0\u00a0 10<\/strong><\/span><\/p>\n<p><span style=\"color: #3366ff\"><strong>Jan, Santi, H\u00e9ctor, Jordi i Pau\u00a0\u00a0\u00a0\u00a0 8<\/strong><\/span><\/p>\n<p><a href=\"https:\/\/elcabilo.com\/pilota\/files\/2010\/10\/tota.jpg\"><img loading=\"lazy\" decoding=\"async\" class=\"alignleft size-medium wp-image-819\" src=\"https:\/\/elcabilo.com\/pilota\/files\/2010\/10\/tota-225x300.jpg\" alt=\"\" width=\"225\" height=\"300\" srcset=\"https:\/\/elcabilo.com\/pilota\/files\/2010\/10\/tota-225x300.jpg 225w, https:\/\/elcabilo.com\/pilota\/files\/2010\/10\/tota.jpg 730w\" sizes=\"auto, (max-width: 225px) 100vw, 225px\" \/><\/a>La partida va anar 0-2, 2-2, 2-4, 6-4, 6-6, 8-6, 8-7, 9-7, 9-8 i 10-8. Els 10 jugadors ho van donar tot. La partida va durar 3 hores. Va ser una de les millors partides dels \u00faltims anys. Vam gaudir molt al llarg de tot el dia.<\/p>\n<p>Diumenge 10 d&#8217;octubre de vesprada farem el <strong><span style=\"text-decoration: underline\">I Memorial Antonio Vidal<\/span><\/strong>, amb una partida a Perxa:<\/p>\n<p><span style=\"color: #ff0000\"><strong>Pablo, Adri, Jes\u00fas, Jorge i Dani<\/strong>\u00a0 <\/span>contra\u00a0 <span style=\"color: #3366ff\"><strong>Pau, Quico, Adolfo, David i Carlos<\/strong><\/span><\/p>\n<p><strong>Vos esperem !!<\/strong><\/p>\n","protected":false},"excerpt":{"rendered":"<p>Un any m\u00e9s, i en fa m\u00e9s de cent, \u00a0el primer dimarts d\u2019octubre \u00e9s el dia de les partides de Pilota a Sella. Emmarcades dins les Festes Patronals en Honor a la Divina Aurora s\u00f3n el millor ep\u00edleg que les nostres Festes poden tindre. Enguany han estat organitzades per la Comissi\u00f3 de Festes 2010 i [&hellip;]<\/p>\n","protected":false},"author":20,"featured_media":0,"comment_status":"open","ping_status":"open","sticky":false,"template":"","format":"standard","meta":{"_exactmetrics_skip_tracking":false,"_exactmetrics_sitenote_active":false,"_exactmetrics_sitenote_note":"","_exactmetrics_sitenote_category":0,"footnotes":""},"categories":[1881,1882,1915],"tags":[],"class_list":["post-813","post","type-post","status-publish","format-standard","hentry","category-el-club","category-llargues","category-tornejos-partides-de-fira"],"aioseo_notices":[],"_links":{"self":[{"href":"https:\/\/elcabilo.com\/pilota\/wp-json\/wp\/v2\/posts\/813","targetHints":{"allow":["GET"]}}],"collection":[{"href":"https:\/\/elcabilo.com\/pilota\/wp-json\/wp\/v2\/posts"}],"about":[{"href":"https:\/\/elcabilo.com\/pilota\/wp-json\/wp\/v2\/types\/post"}],"author":[{"embeddable":true,"href":"https:\/\/elcabilo.com\/pilota\/wp-json\/wp\/v2\/users\/20"}],"replies":[{"embeddable":true,"href":"https:\/\/elcabilo.com\/pilota\/wp-json\/wp\/v2\/comments?post=813"}],"version-history":[{"count":0,"href":"https:\/\/elcabilo.com\/pilota\/wp-json\/wp\/v2\/posts\/813\/revisions"}],"wp:attachment":[{"href":"https:\/\/elcabilo.com\/pilota\/wp-json\/wp\/v2\/media?parent=813"}],"wp:term":[{"taxonomy":"category","embeddable":true,"href":"https:\/\/elcabilo.com\/pilota\/wp-json\/wp\/v2\/categories?post=813"},{"taxonomy":"post_tag","embeddable":true,"href":"https:\/\/elcabilo.com\/pilota\/wp-json\/wp\/v2\/tags?post=813"}],"curies":[{"name":"wp","href":"https:\/\/api.w.org\/{rel}","templated":true}]}}