{"id":875,"date":"2010-11-22T22:26:22","date_gmt":"2010-11-22T20:26:22","guid":{"rendered":"http:\/\/elcabilo.com\/pilota\/?p=875"},"modified":"2010-11-22T22:26:22","modified_gmt":"2010-11-22T20:26:22","slug":"jocs-escolars-de-fronto","status":"publish","type":"post","link":"https:\/\/elcabilo.com\/pilota\/2010\/11\/22\/jocs-escolars-de-fronto\/","title":{"rendered":"Jocs Escolars de Front\u00f3"},"content":{"rendered":"<p>Les semifinals provincials dels JECV a la modalitat de front\u00f3 es disputar\u00e0n esta setmana al front\u00f3 municipal de Sella.<\/p>\n<h3>El dimecres 24 a les 18:00 hores es jugar\u00e0 la partida de semifinals de benjamins entre <span style=\"color: #ff0000\">SELLA <\/span>&#8211; <span style=\"color: #0000ff\">TIBI<\/span>. Per part de Sella jugar\u00e0n Toni Bou i Toni Mira.<\/h3>\n<p>Per al dissabte 27 quedar\u00e0n la <a href=\"http:\/\/www.fedpival.es\/documentos\/competiciones\/pdf\/pdf_1021.pdf\">resta de les partides<\/a>.<\/p>\n<p>Les escoles de pilota amb representaci\u00f3 en aquestes semifinals provincials s\u00f3n Orba (5 equips), Murla (3), Tibi (3), Petrer (2), Benimagrell (1), Sella (1) i Pedreguer (1). Per comarques, 9 equips s\u00f3n de la Marina Alta, 1 de l&#8217;Alacant\u00ed, 3 de l&#8217;Alcoi\u00e0, 2 del Vinalop\u00f3 Mitj\u00e0 , mentre que Sella apareix com l&#8217;\u00fanic representant de la Marina Baixa.<\/p>\n<p>Els equips que guanyen en Sella disputar\u00e0n les finals provincials el dissabte 4 de desembre en Petrer.<\/p>\n<p>Aleee&#8230;<\/p>\n","protected":false},"excerpt":{"rendered":"<p>Les semifinals provincials dels JECV a la modalitat de front\u00f3 es disputar\u00e0n esta setmana al front\u00f3 municipal de Sella. El dimecres 24 a les 18:00 hores es jugar\u00e0 la partida de semifinals de benjamins entre SELLA &#8211; TIBI. Per part de Sella jugar\u00e0n Toni Bou i Toni Mira. Per al dissabte 27 quedar\u00e0n la resta [&hellip;]<\/p>\n","protected":false},"author":20,"featured_media":0,"comment_status":"open","ping_status":"open","sticky":false,"template":"","format":"standard","meta":{"_exactmetrics_skip_tracking":false,"_exactmetrics_sitenote_active":false,"_exactmetrics_sitenote_note":"","_exactmetrics_sitenote_category":0,"footnotes":""},"categories":[1913],"tags":[],"class_list":["post-875","post","type-post","status-publish","format-standard","hentry","category-escola-de-pilota"],"aioseo_notices":[],"_links":{"self":[{"href":"https:\/\/elcabilo.com\/pilota\/wp-json\/wp\/v2\/posts\/875","targetHints":{"allow":["GET"]}}],"collection":[{"href":"https:\/\/elcabilo.com\/pilota\/wp-json\/wp\/v2\/posts"}],"about":[{"href":"https:\/\/elcabilo.com\/pilota\/wp-json\/wp\/v2\/types\/post"}],"author":[{"embeddable":true,"href":"https:\/\/elcabilo.com\/pilota\/wp-json\/wp\/v2\/users\/20"}],"replies":[{"embeddable":true,"href":"https:\/\/elcabilo.com\/pilota\/wp-json\/wp\/v2\/comments?post=875"}],"version-history":[{"count":0,"href":"https:\/\/elcabilo.com\/pilota\/wp-json\/wp\/v2\/posts\/875\/revisions"}],"wp:attachment":[{"href":"https:\/\/elcabilo.com\/pilota\/wp-json\/wp\/v2\/media?parent=875"}],"wp:term":[{"taxonomy":"category","embeddable":true,"href":"https:\/\/elcabilo.com\/pilota\/wp-json\/wp\/v2\/categories?post=875"},{"taxonomy":"post_tag","embeddable":true,"href":"https:\/\/elcabilo.com\/pilota\/wp-json\/wp\/v2\/tags?post=875"}],"curies":[{"name":"wp","href":"https:\/\/api.w.org\/{rel}","templated":true}]}}