{"id":877,"date":"2010-11-30T16:57:35","date_gmt":"2010-11-30T14:57:35","guid":{"rendered":"http:\/\/elcabilo.com\/pilota\/?p=877"},"modified":"2010-11-30T16:57:35","modified_gmt":"2010-11-30T14:57:35","slug":"finals-provincials-jecv-fronto","status":"publish","type":"post","link":"https:\/\/elcabilo.com\/pilota\/2010\/11\/30\/finals-provincials-jecv-fronto\/","title":{"rendered":"Finals Provincials JECV Front\u00f3"},"content":{"rendered":"<p>El <span style=\"color: #ff00ff\">dissabte 4 de desembbre <\/span>al front\u00f3 de <span style=\"color: #0000ff\">Petrer<\/span> es jugaran les finals provincials d&#8217;alacant dels jocs escolars de front\u00f3 de la temporada 2010-2011.<\/p>\n<p>10:00 hores, final cadets: Petrer A &#8211; Orba A<\/p>\n<p>11:00 hores, final infantils: Tibi A &#8211; Murla A \/ Orba A<\/p>\n<p>12:00 hores, final alevins: Orba B &#8211; Tibi<\/p>\n<p>13:00 hores, final benjamins: ORBA A &#8211; <span style=\"color: #ff0000\">SELLA (Toni Bou i Toni Mira)<\/span><\/p>\n<p><span style=\"color: #800000\">Entre partida i partida de les final es jugar\u00e0n les partides pel tercer i quart lloc de la provincia. El dia 18 de desembre al front\u00f3 d&#8217;Almussafes ser\u00e0 la fase de semifinals i finals auton\u00f2miques. En Benjamins els dos finalistes (Sella i Orba A) ja tenen places per a les semifinals de tot el Pa\u00eds Valenci\u00e0, on jugar\u00e0n contra els dos millors equips de Val\u00e8ncia. <\/span><\/p>\n<p><span style=\"color: #000000\">Dels 8 finalistes d&#8217;Alacant tenim a l&#8217;escola de Petrer (1 equip), Orba (3 o 4), Tibi (2), Murla (1 \/0) i Sella (1). <\/span><\/p>\n<p><span style=\"color: #000000\">Enhorabona als finalistes i sort per a Sella !!<\/span><\/p>\n<p><span style=\"color: #000000\">Va de bo !!<\/span><\/p>\n<p><span style=\"color: #000000\">Atenci\u00f3!!: DIUMENGE 5 DE DESEMBRE A LES 15:30 HORES EN SELLA PARTIDA DE LLARGUES <span style=\"color: #ff6600\">FESTES DE SANTA B\u00c0RBERA <\/span>2010. VOS ESPEREM !!<\/span><\/p>\n","protected":false},"excerpt":{"rendered":"<p>El dissabte 4 de desembbre al front\u00f3 de Petrer es jugaran les finals provincials d&#8217;alacant dels jocs escolars de front\u00f3 de la temporada 2010-2011. 10:00 hores, final cadets: Petrer A &#8211; Orba A 11:00 hores, final infantils: Tibi A &#8211; Murla A \/ Orba A 12:00 hores, final alevins: Orba B &#8211; Tibi 13:00 hores, [&hellip;]<\/p>\n","protected":false},"author":20,"featured_media":0,"comment_status":"open","ping_status":"open","sticky":false,"template":"","format":"standard","meta":{"_exactmetrics_skip_tracking":false,"_exactmetrics_sitenote_active":false,"_exactmetrics_sitenote_note":"","_exactmetrics_sitenote_category":0,"footnotes":""},"categories":[1],"tags":[],"class_list":["post-877","post","type-post","status-publish","format-standard","hentry","category-general"],"aioseo_notices":[],"_links":{"self":[{"href":"https:\/\/elcabilo.com\/pilota\/wp-json\/wp\/v2\/posts\/877","targetHints":{"allow":["GET"]}}],"collection":[{"href":"https:\/\/elcabilo.com\/pilota\/wp-json\/wp\/v2\/posts"}],"about":[{"href":"https:\/\/elcabilo.com\/pilota\/wp-json\/wp\/v2\/types\/post"}],"author":[{"embeddable":true,"href":"https:\/\/elcabilo.com\/pilota\/wp-json\/wp\/v2\/users\/20"}],"replies":[{"embeddable":true,"href":"https:\/\/elcabilo.com\/pilota\/wp-json\/wp\/v2\/comments?post=877"}],"version-history":[{"count":0,"href":"https:\/\/elcabilo.com\/pilota\/wp-json\/wp\/v2\/posts\/877\/revisions"}],"wp:attachment":[{"href":"https:\/\/elcabilo.com\/pilota\/wp-json\/wp\/v2\/media?parent=877"}],"wp:term":[{"taxonomy":"category","embeddable":true,"href":"https:\/\/elcabilo.com\/pilota\/wp-json\/wp\/v2\/categories?post=877"},{"taxonomy":"post_tag","embeddable":true,"href":"https:\/\/elcabilo.com\/pilota\/wp-json\/wp\/v2\/tags?post=877"}],"curies":[{"name":"wp","href":"https:\/\/api.w.org\/{rel}","templated":true}]}}