{"id":880,"date":"2010-12-06T19:09:35","date_gmt":"2010-12-06T17:09:35","guid":{"rendered":"http:\/\/elcabilo.com\/pilota\/?p=880"},"modified":"2010-12-06T19:09:35","modified_gmt":"2010-12-06T17:09:35","slug":"finals-provincials-de-fronto-2","status":"publish","type":"post","link":"https:\/\/elcabilo.com\/pilota\/2010\/12\/06\/finals-provincials-de-fronto-2\/","title":{"rendered":"Finals Provincials de Front\u00f3"},"content":{"rendered":"<div id=\"attachment_881\" style=\"width: 561px\" class=\"wp-caption alignleft\"><a href=\"https:\/\/elcabilo.com\/pilota\/files\/2010\/12\/119.jpg\"><img loading=\"lazy\" decoding=\"async\" aria-describedby=\"caption-attachment-881\" class=\"size-full wp-image-881\" src=\"https:\/\/elcabilo.com\/pilota\/files\/2010\/12\/119.jpg\" alt=\"\" width=\"551\" height=\"377\" \/><\/a><p id=\"caption-attachment-881\" class=\"wp-caption-text\">Toni Mira colpejant amb l&#039;esquerra<\/p><\/div>\n<div id=\"attachment_882\" style=\"width: 310px\" class=\"wp-caption alignleft\"><a href=\"https:\/\/elcabilo.com\/pilota\/files\/2010\/12\/120.jpg\"><img loading=\"lazy\" decoding=\"async\" aria-describedby=\"caption-attachment-882\" class=\"size-medium wp-image-882\" src=\"https:\/\/elcabilo.com\/pilota\/files\/2010\/12\/120-300x224.jpg\" alt=\"\" width=\"300\" height=\"224\" srcset=\"https:\/\/elcabilo.com\/pilota\/files\/2010\/12\/120-300x224.jpg 300w, https:\/\/elcabilo.com\/pilota\/files\/2010\/12\/120-1024x767.jpg 1024w, https:\/\/elcabilo.com\/pilota\/files\/2010\/12\/120.jpg 1452w\" sizes=\"auto, (max-width: 300px) 100vw, 300px\" \/><\/a><p id=\"caption-attachment-882\" class=\"wp-caption-text\">Toni Bou la trau de la pared<\/p><\/div>\n<div id=\"attachment_883\" style=\"width: 310px\" class=\"wp-caption alignleft\"><a href=\"https:\/\/elcabilo.com\/pilota\/files\/2010\/12\/154-o-bo.jpg\"><img loading=\"lazy\" decoding=\"async\" aria-describedby=\"caption-attachment-883\" class=\"size-medium wp-image-883\" src=\"https:\/\/elcabilo.com\/pilota\/files\/2010\/12\/154-o-bo-300x224.jpg\" alt=\"\" width=\"300\" height=\"224\" srcset=\"https:\/\/elcabilo.com\/pilota\/files\/2010\/12\/154-o-bo-300x224.jpg 300w, https:\/\/elcabilo.com\/pilota\/files\/2010\/12\/154-o-bo.jpg 849w\" sizes=\"auto, (max-width: 300px) 100vw, 300px\" \/><\/a><p id=\"caption-attachment-883\" class=\"wp-caption-text\">Sella, subcampions provincial en benjamins<\/p><\/div>\n<p>Final de Benjamins: Orba A 8 &#8211; Sella 3.<\/p>\n<p>Campions i Subcampions provincials d&#8217;Alacant:<\/p>\n<p>Benjamins: Orba\u00a0 i <span style=\"color: #ff0000\">Sella<\/span><br \/>\nAlevins: Tibi i Orba<br \/>\nInfantils: Murla i Tibi<br \/>\nCadets: Petrer i Orba<\/p>\n<p>El dissabte 18 les semifinals auton\u00f2miques al front\u00f3 d&#8217;Almussafes contra els equips de Val\u00e8ncia i Castell\u00f2. All\u00ed estarem !! Ale&#8230;<\/p>\n<p>Ahir, diumenge 5 de desembre vam jugar a Sella, per tercer any consecutiu, la partida de pilota per les Festes de Santa B\u00e0rbera:<\/p>\n<div id=\"attachment_884\" style=\"width: 310px\" class=\"wp-caption alignleft\"><a href=\"https:\/\/elcabilo.com\/pilota\/files\/2010\/12\/ermita.jpg\"><img loading=\"lazy\" decoding=\"async\" aria-describedby=\"caption-attachment-884\" class=\"size-medium wp-image-884\" src=\"https:\/\/elcabilo.com\/pilota\/files\/2010\/12\/ermita-300x225.jpg\" alt=\"\" width=\"300\" height=\"225\" srcset=\"https:\/\/elcabilo.com\/pilota\/files\/2010\/12\/ermita-300x225.jpg 300w, https:\/\/elcabilo.com\/pilota\/files\/2010\/12\/ermita.jpg 640w\" sizes=\"auto, (max-width: 300px) 100vw, 300px\" \/><\/a><p id=\"caption-attachment-884\" class=\"wp-caption-text\">Ermita de Santa B\u00e0rbera, amb el Puig Campana al fons<\/p><\/div>\n<p><span style=\"color: #ff0000\">Piripi, Jordi, Quico i Adolfo I\u00a0\u00a0 10<\/span><\/p>\n<p>vs<\/p>\n<p><span style=\"color: #0000ff\">Pau, Xime, Adri i Dani\u00a0\u00a0\u00a0 9<\/span><\/p>\n<p>Imatges: Saoro d&#8217;Orba i Villa Pic\u00f3 de Sella<\/p>\n","protected":false},"excerpt":{"rendered":"<p>Final de Benjamins: Orba A 8 &#8211; Sella 3. Campions i Subcampions provincials d&#8217;Alacant: Benjamins: Orba\u00a0 i Sella Alevins: Tibi i Orba Infantils: Murla i Tibi Cadets: Petrer i Orba El dissabte 18 les semifinals auton\u00f2miques al front\u00f3 d&#8217;Almussafes contra els equips de Val\u00e8ncia i Castell\u00f2. All\u00ed estarem !! Ale&#8230; Ahir, diumenge 5 de desembre [&hellip;]<\/p>\n","protected":false},"author":20,"featured_media":0,"comment_status":"open","ping_status":"open","sticky":false,"template":"","format":"standard","meta":{"_exactmetrics_skip_tracking":false,"_exactmetrics_sitenote_active":false,"_exactmetrics_sitenote_note":"","_exactmetrics_sitenote_category":0,"footnotes":""},"categories":[1913],"tags":[],"class_list":["post-880","post","type-post","status-publish","format-standard","hentry","category-escola-de-pilota"],"aioseo_notices":[],"_links":{"self":[{"href":"https:\/\/elcabilo.com\/pilota\/wp-json\/wp\/v2\/posts\/880","targetHints":{"allow":["GET"]}}],"collection":[{"href":"https:\/\/elcabilo.com\/pilota\/wp-json\/wp\/v2\/posts"}],"about":[{"href":"https:\/\/elcabilo.com\/pilota\/wp-json\/wp\/v2\/types\/post"}],"author":[{"embeddable":true,"href":"https:\/\/elcabilo.com\/pilota\/wp-json\/wp\/v2\/users\/20"}],"replies":[{"embeddable":true,"href":"https:\/\/elcabilo.com\/pilota\/wp-json\/wp\/v2\/comments?post=880"}],"version-history":[{"count":0,"href":"https:\/\/elcabilo.com\/pilota\/wp-json\/wp\/v2\/posts\/880\/revisions"}],"wp:attachment":[{"href":"https:\/\/elcabilo.com\/pilota\/wp-json\/wp\/v2\/media?parent=880"}],"wp:term":[{"taxonomy":"category","embeddable":true,"href":"https:\/\/elcabilo.com\/pilota\/wp-json\/wp\/v2\/categories?post=880"},{"taxonomy":"post_tag","embeddable":true,"href":"https:\/\/elcabilo.com\/pilota\/wp-json\/wp\/v2\/tags?post=880"}],"curies":[{"name":"wp","href":"https:\/\/api.w.org\/{rel}","templated":true}]}}