{"id":911,"date":"2011-01-05T13:23:49","date_gmt":"2011-01-05T11:23:49","guid":{"rendered":"http:\/\/elcabilo.com\/pilota\/?p=911"},"modified":"2011-01-05T13:53:57","modified_gmt":"2011-01-05T11:53:57","slug":"records-del-2007","status":"publish","type":"post","link":"https:\/\/elcabilo.com\/pilota\/2011\/01\/05\/records-del-2007\/","title":{"rendered":"Records del 2007&#8230;"},"content":{"rendered":"<p>Ara que estem a pocs dies de l&#8217;inici de la Copa Generalitat \u00e9s bon moment per recordar en imatges i paraules el que va suposar aquella participaci\u00f3 i aquell t\u00edtol en categoria juvenil.<\/p>\n<div id=\"attachment_912\" style=\"width: 160px\" class=\"wp-caption alignleft\"><a href=\"https:\/\/elcabilo.com\/pilota\/files\/2011\/01\/copa-gener.jpg\"><img loading=\"lazy\" decoding=\"async\" aria-describedby=\"caption-attachment-912\" class=\"size-thumbnail wp-image-912\" src=\"https:\/\/elcabilo.com\/pilota\/files\/2011\/01\/copa-gener-150x150.jpg\" alt=\"\" width=\"150\" height=\"150\" \/><\/a><p id=\"caption-attachment-912\" class=\"wp-caption-text\">Jes\u00fas fent el &quot;bot&quot; <\/p><\/div>\n<div id=\"attachment_913\" style=\"width: 160px\" class=\"wp-caption aligncenter\"><a href=\"https:\/\/elcabilo.com\/pilota\/files\/2011\/01\/copa-g.jpg\"><img loading=\"lazy\" decoding=\"async\" aria-describedby=\"caption-attachment-913\" class=\"size-thumbnail wp-image-913\" src=\"https:\/\/elcabilo.com\/pilota\/files\/2011\/01\/copa-g-150x150.jpg\" alt=\"\" width=\"150\" height=\"150\" \/><\/a><p id=\"caption-attachment-913\" class=\"wp-caption-text\">L&#039;equip de Sella en la final estant al &quot;resto&quot;<\/p><\/div>\n<dl>\n<dt>\n<div id=\"attachment_920\" style=\"width: 160px\" class=\"wp-caption alignright\"><a href=\"https:\/\/elcabilo.com\/pilota\/files\/2011\/01\/copa-generalitat1.jpg\"><img loading=\"lazy\" decoding=\"async\" aria-describedby=\"caption-attachment-920\" class=\"size-thumbnail wp-image-920\" src=\"https:\/\/elcabilo.com\/pilota\/files\/2011\/01\/copa-generalitat1-150x150.jpg\" alt=\"\" width=\"150\" height=\"150\" \/><\/a><p id=\"caption-attachment-920\" class=\"wp-caption-text\">L&#039;afici\u00f3 de Sella<\/p><\/div>\n<div id=\"attachment_922\" style=\"width: 160px\" class=\"wp-caption aligncenter\"><a href=\"https:\/\/elcabilo.com\/pilota\/files\/2011\/01\/copa-generalitat-juvenil-febrer-20073.jpg\"><img loading=\"lazy\" decoding=\"async\" aria-describedby=\"caption-attachment-922\" class=\"size-thumbnail wp-image-922\" src=\"https:\/\/elcabilo.com\/pilota\/files\/2011\/01\/copa-generalitat-juvenil-febrer-20073-150x150.jpg\" alt=\"\" width=\"150\" height=\"150\" \/><\/a><p id=\"caption-attachment-922\" class=\"wp-caption-text\">Campions Juvenils<\/p><\/div>\n<\/dt>\n<dt> <\/dt>\n<dt>Recordem la cr\u00f2nica al diari Levante que escrivia Alberto Soldado i que titulava &#8220;L\u00e0grimas y poesia en Calp&#8221;<\/dt>\n<dt> <\/dt>\n<\/dl>\n<h3>L\u00e1grimas las de Adolfo de Sella, alma de este deporte en la peque\u00f1a localidad de La Marina Baixa al ver c\u00f3mo un trabajo callado de a\u00f1os, una siembra cuidada con el esmero de un coraz\u00f3n enamorado por la pelota valenciana, ofrece frutos tan espl\u00e9ndidos como los del joven equipo de este pueblo que ayer ofrec\u00eda un recital para proclamarse campe\u00f3n de la II Copa Generalitat en la categor\u00eda de juveniles. Derrot\u00f3 a Meliana por 50 a 35, que ya es decir.<\/h3>\n<h3>Poes\u00eda el juego desarrollado por Jes\u00fas, Jordi, Quico y Pau. Los que entendemos el significado de estas finales compartimos la pasi\u00f3n con la que las aficiones de las j\u00f3venes formaciones vivieron una preciosa final. Sella entra en la \u00e9lite de la modalidad. Un pueblo con tanta historia merece estar entre los grandes.<\/h3>\n<h3>Sort per als nostres este divendres i dissabte !!<\/h3>\n<dl>\n<dt><\/dt>\n<\/dl>\n","protected":false},"excerpt":{"rendered":"<p>Ara que estem a pocs dies de l&#8217;inici de la Copa Generalitat \u00e9s bon moment per recordar en imatges i paraules el que va suposar aquella participaci\u00f3 i aquell t\u00edtol en categoria juvenil. Recordem la cr\u00f2nica al diari Levante que escrivia Alberto Soldado i que titulava &#8220;L\u00e0grimas y poesia en Calp&#8221; L\u00e1grimas las de Adolfo [&hellip;]<\/p>\n","protected":false},"author":20,"featured_media":0,"comment_status":"open","ping_status":"open","sticky":false,"template":"","format":"standard","meta":{"_exactmetrics_skip_tracking":false,"_exactmetrics_sitenote_active":false,"_exactmetrics_sitenote_note":"","_exactmetrics_sitenote_category":0,"footnotes":""},"categories":[1881,1913,1,1885],"tags":[],"class_list":["post-911","post","type-post","status-publish","format-standard","hentry","category-el-club","category-escola-de-pilota","category-general","category-juvenil"],"aioseo_notices":[],"_links":{"self":[{"href":"https:\/\/elcabilo.com\/pilota\/wp-json\/wp\/v2\/posts\/911","targetHints":{"allow":["GET"]}}],"collection":[{"href":"https:\/\/elcabilo.com\/pilota\/wp-json\/wp\/v2\/posts"}],"about":[{"href":"https:\/\/elcabilo.com\/pilota\/wp-json\/wp\/v2\/types\/post"}],"author":[{"embeddable":true,"href":"https:\/\/elcabilo.com\/pilota\/wp-json\/wp\/v2\/users\/20"}],"replies":[{"embeddable":true,"href":"https:\/\/elcabilo.com\/pilota\/wp-json\/wp\/v2\/comments?post=911"}],"version-history":[{"count":0,"href":"https:\/\/elcabilo.com\/pilota\/wp-json\/wp\/v2\/posts\/911\/revisions"}],"wp:attachment":[{"href":"https:\/\/elcabilo.com\/pilota\/wp-json\/wp\/v2\/media?parent=911"}],"wp:term":[{"taxonomy":"category","embeddable":true,"href":"https:\/\/elcabilo.com\/pilota\/wp-json\/wp\/v2\/categories?post=911"},{"taxonomy":"post_tag","embeddable":true,"href":"https:\/\/elcabilo.com\/pilota\/wp-json\/wp\/v2\/tags?post=911"}],"curies":[{"name":"wp","href":"https:\/\/api.w.org\/{rel}","templated":true}]}}