{"id":10,"count":6,"description":"Aquest \u00e9s un espai on sempre serem dues persones ; una  fixa que s\u00f3c jo,Quique, i una altra que ser\u00e0 diferent cada programa. Qu\u00e8 farem? Posarem m\u00fasica i direm per qu\u00e8 ho fem, qu\u00e8  significa per a nosaltres,per qu\u00e8 ens agrada etc. Ara et toca a tu i ara em toca a mi...","link":"https:\/\/elcabilo.com\/radio\/category\/programes\/ara-em-toca-a-mi\/","name":"Ara em toca a mi","slug":"ara-em-toca-a-mi","taxonomy":"category","parent":4,"meta":[],"aioseo_head":"\n\t\t<!-- All in One SEO 5.0.1 - aioseo.com -->\n\t<meta name=\"description\" content=\"Aquest \u00e9s un espai on sempre serem dues persones ; una fixa que s\u00f3c jo,Quique, i una altra que ser\u00e0 diferent cada programa. Qu\u00e8 farem? Posarem m\u00fasica i direm per qu\u00e8 ho fem, qu\u00e8 significa per a nosaltres,per qu\u00e8 ens agrada etc. Ara et toca a tu i ara em toca a mi\u2026\" \/>\n\t<meta name=\"robots\" content=\"max-image-preview:large\" \/>\n\t<link rel=\"canonical\" href=\"https:\/\/elcabilo.com\/radio\/category\/programes\/ara-em-toca-a-mi\/\" \/>\n\t<meta name=\"generator\" content=\"All in One SEO (AIOSEO) 5.0.1\" \/>\n\t\t<script type=\"application\/ld+json\" class=\"aioseo-schema\">\n\t\t\t{\"@context\":\"https:\\\/\\\/schema.org\",\"@graph\":[{\"@type\":\"BreadcrumbList\",\"@id\":\"https:\\\/\\\/elcabilo.com\\\/radio\\\/wp-json\\\/wp\\\/v2\\\/categories\\\/10\\\/#breadcrumblist\",\"itemListElement\":[{\"@type\":\"ListItem\",\"@id\":\"https:\\\/\\\/elcabilo.com\\\/radio#listItem\",\"position\":1,\"name\":\"Home\",\"item\":\"https:\\\/\\\/elcabilo.com\\\/radio\",\"nextItem\":{\"@type\":\"ListItem\",\"@id\":\"https:\\\/\\\/elcabilo.com\\\/radio\\\/category\\\/programes\\\/#listItem\",\"name\":\"Programes\"}},{\"@type\":\"ListItem\",\"@id\":\"https:\\\/\\\/elcabilo.com\\\/radio\\\/category\\\/programes\\\/#listItem\",\"position\":2,\"name\":\"Programes\",\"item\":\"https:\\\/\\\/elcabilo.com\\\/radio\\\/category\\\/programes\\\/\",\"nextItem\":{\"@type\":\"ListItem\",\"@id\":\"https:\\\/\\\/elcabilo.com\\\/radio\\\/category\\\/programes\\\/ara-em-toca-a-mi\\\/#listItem\",\"name\":\"Ara em toca a mi\"},\"previousItem\":{\"@type\":\"ListItem\",\"@id\":\"https:\\\/\\\/elcabilo.com\\\/radio#listItem\",\"name\":\"Home\"}},{\"@type\":\"ListItem\",\"@id\":\"https:\\\/\\\/elcabilo.com\\\/radio\\\/category\\\/programes\\\/ara-em-toca-a-mi\\\/#listItem\",\"position\":3,\"name\":\"Ara em toca a mi\",\"previousItem\":{\"@type\":\"ListItem\",\"@id\":\"https:\\\/\\\/elcabilo.com\\\/radio\\\/category\\\/programes\\\/#listItem\",\"name\":\"Programes\"}}]},{\"@type\":\"CollectionPage\",\"@id\":\"https:\\\/\\\/elcabilo.com\\\/radio\\\/wp-json\\\/wp\\\/v2\\\/categories\\\/10\\\/#collectionpage\",\"url\":\"https:\\\/\\\/elcabilo.com\\\/radio\\\/wp-json\\\/wp\\\/v2\\\/categories\\\/10\\\/\",\"name\":\"Ara em toca a mi - Cabil\\u00f3R\\u00e0dio\",\"description\":\"Aquest \\u00e9s un espai on sempre serem dues persones ; una fixa que s\\u00f3c jo,Quique, i una altra que ser\\u00e0 diferent cada programa. Qu\\u00e8 farem? Posarem m\\u00fasica i direm per qu\\u00e8 ho fem, qu\\u00e8 significa per a nosaltres,per qu\\u00e8 ens agrada etc. Ara et toca a tu i ara em toca a mi\\u2026\",\"inLanguage\":\"ca\",\"isPartOf\":{\"@id\":\"https:\\\/\\\/elcabilo.com\\\/radio\\\/#website\"},\"breadcrumb\":{\"@id\":\"https:\\\/\\\/elcabilo.com\\\/radio\\\/wp-json\\\/wp\\\/v2\\\/categories\\\/10\\\/#breadcrumblist\"}},{\"@type\":\"Organization\",\"@id\":\"https:\\\/\\\/elcabilo.com\\\/radio\\\/#organization\",\"name\":\"Cabil\\u00f3 R\\u00e0dio\",\"description\":\"La r\\u00e0dio online de Sella\",\"url\":\"https:\\\/\\\/elcabilo.com\\\/radio\\\/\",\"logo\":{\"@type\":\"ImageObject\",\"url\":\"https:\\\/\\\/elcabilo.com\\\/radio\\\/files\\\/2023\\\/01\\\/cropped-logo_radio-1.gif\",\"@id\":\"https:\\\/\\\/elcabilo.com\\\/radio\\\/wp-json\\\/wp\\\/v2\\\/categories\\\/10\\\/#organizationLogo\",\"width\":250,\"height\":50},\"image\":{\"@id\":\"https:\\\/\\\/elcabilo.com\\\/radio\\\/wp-json\\\/wp\\\/v2\\\/categories\\\/10\\\/#organizationLogo\"}},{\"@type\":\"WebSite\",\"@id\":\"https:\\\/\\\/elcabilo.com\\\/radio\\\/#website\",\"url\":\"https:\\\/\\\/elcabilo.com\\\/radio\\\/\",\"name\":\"Cabil\\u00f3 R\\u00e0dio\",\"description\":\"La r\\u00e0dio online de Sella\",\"inLanguage\":\"ca\",\"publisher\":{\"@id\":\"https:\\\/\\\/elcabilo.com\\\/radio\\\/#organization\"}}]}\n\t\t<\/script>\n\t\t<!-- All in One SEO -->\n\n","aioseo_head_json":{"title":"Ara em toca a mi - Cabil\u00f3R\u00e0dio","description":"Aquest \u00e9s un espai on sempre serem dues persones ; una fixa que s\u00f3c jo,Quique, i una altra que ser\u00e0 diferent cada programa. Qu\u00e8 farem? Posarem m\u00fasica i direm per qu\u00e8 ho fem, qu\u00e8 significa per a nosaltres,per qu\u00e8 ens agrada etc. Ara et toca a tu i ara em toca a mi\u2026","canonical_url":"https:\/\/elcabilo.com\/radio\/category\/programes\/ara-em-toca-a-mi\/","robots":"max-image-preview:large","keywords":"","webmasterTools":{"miscellaneous":""},"schema":{"@context":"https:\/\/schema.org","@graph":[{"@type":"BreadcrumbList","@id":"https:\/\/elcabilo.com\/radio\/wp-json\/wp\/v2\/categories\/10\/#breadcrumblist","itemListElement":[{"@type":"ListItem","@id":"https:\/\/elcabilo.com\/radio#listItem","position":1,"name":"Home","item":"https:\/\/elcabilo.com\/radio","nextItem":{"@type":"ListItem","@id":"https:\/\/elcabilo.com\/radio\/category\/programes\/#listItem","name":"Programes"}},{"@type":"ListItem","@id":"https:\/\/elcabilo.com\/radio\/category\/programes\/#listItem","position":2,"name":"Programes","item":"https:\/\/elcabilo.com\/radio\/category\/programes\/","nextItem":{"@type":"ListItem","@id":"https:\/\/elcabilo.com\/radio\/category\/programes\/ara-em-toca-a-mi\/#listItem","name":"Ara em toca a mi"},"previousItem":{"@type":"ListItem","@id":"https:\/\/elcabilo.com\/radio#listItem","name":"Home"}},{"@type":"ListItem","@id":"https:\/\/elcabilo.com\/radio\/category\/programes\/ara-em-toca-a-mi\/#listItem","position":3,"name":"Ara em toca a mi","previousItem":{"@type":"ListItem","@id":"https:\/\/elcabilo.com\/radio\/category\/programes\/#listItem","name":"Programes"}}]},{"@type":"CollectionPage","@id":"https:\/\/elcabilo.com\/radio\/wp-json\/wp\/v2\/categories\/10\/#collectionpage","url":"https:\/\/elcabilo.com\/radio\/wp-json\/wp\/v2\/categories\/10\/","name":"Ara em toca a mi - Cabil\u00f3R\u00e0dio","description":"Aquest \u00e9s un espai on sempre serem dues persones ; una fixa que s\u00f3c jo,Quique, i una altra que ser\u00e0 diferent cada programa. Qu\u00e8 farem? Posarem m\u00fasica i direm per qu\u00e8 ho fem, qu\u00e8 significa per a nosaltres,per qu\u00e8 ens agrada etc. Ara et toca a tu i ara em toca a mi\u2026","inLanguage":"ca","isPartOf":{"@id":"https:\/\/elcabilo.com\/radio\/#website"},"breadcrumb":{"@id":"https:\/\/elcabilo.com\/radio\/wp-json\/wp\/v2\/categories\/10\/#breadcrumblist"}},{"@type":"Organization","@id":"https:\/\/elcabilo.com\/radio\/#organization","name":"Cabil\u00f3 R\u00e0dio","description":"La r\u00e0dio online de Sella","url":"https:\/\/elcabilo.com\/radio\/","logo":{"@type":"ImageObject","url":"https:\/\/elcabilo.com\/radio\/files\/2023\/01\/cropped-logo_radio-1.gif","@id":"https:\/\/elcabilo.com\/radio\/wp-json\/wp\/v2\/categories\/10\/#organizationLogo","width":250,"height":50},"image":{"@id":"https:\/\/elcabilo.com\/radio\/wp-json\/wp\/v2\/categories\/10\/#organizationLogo"}},{"@type":"WebSite","@id":"https:\/\/elcabilo.com\/radio\/#website","url":"https:\/\/elcabilo.com\/radio\/","name":"Cabil\u00f3 R\u00e0dio","description":"La r\u00e0dio online de Sella","inLanguage":"ca","publisher":{"@id":"https:\/\/elcabilo.com\/radio\/#organization"}}]}},"aioseo_breadcrumb":"<div class=\"aioseo-breadcrumbs\"><span class=\"aioseo-breadcrumb\">\n\t\t\t<a href=\"https:\/\/elcabilo.com\/radio\" title=\"Home\">Home<\/a>\n\t\t<\/span><span class=\"aioseo-breadcrumb-separator\">&raquo;<\/span><span class=\"aioseo-breadcrumb\">\n\t\t\t<a href=\"https:\/\/elcabilo.com\/radio\/category\/programes\/\" title=\"Programes\">Programes<\/a>\n\t\t<\/span><span class=\"aioseo-breadcrumb-separator\">&raquo;<\/span><span class=\"aioseo-breadcrumb\">\n\t\t\tAra em toca a mi\n\t\t<\/span><\/div>","aioseo_breadcrumb_json":[{"label":"Home","link":"https:\/\/elcabilo.com\/radio"},{"label":"Programes","link":"https:\/\/elcabilo.com\/radio\/category\/programes\/"},{"label":"Ara em toca a mi","link":"https:\/\/elcabilo.com\/radio\/category\/programes\/ara-em-toca-a-mi\/"}],"_links":{"self":[{"href":"https:\/\/elcabilo.com\/radio\/wp-json\/wp\/v2\/categories\/10","targetHints":{"allow":["GET"]}}],"collection":[{"href":"https:\/\/elcabilo.com\/radio\/wp-json\/wp\/v2\/categories"}],"about":[{"href":"https:\/\/elcabilo.com\/radio\/wp-json\/wp\/v2\/taxonomies\/category"}],"up":[{"embeddable":true,"href":"https:\/\/elcabilo.com\/radio\/wp-json\/wp\/v2\/categories\/4"}],"wp:post_type":[{"href":"https:\/\/elcabilo.com\/radio\/wp-json\/wp\/v2\/posts?categories=10"}],"curies":[{"name":"wp","href":"https:\/\/api.w.org\/{rel}","templated":true}]}}